{"id":42394,"date":"2023-05-15T02:23:56","date_gmt":"2023-05-15T05:23:56","guid":{"rendered":"http:\/\/curva1.com.ar\/?p=42394"},"modified":"2023-05-15T02:23:56","modified_gmt":"2023-05-15T05:23:56","slug":"gerardi-volvemos-a-correr-luego-del-accidente-de-hacen-8-meses","status":"publish","type":"post","link":"https:\/\/curva1.com.ar\/?p=42394","title":{"rendered":"Gerardi &#8220;volvemos a correr luego del accidente de hacen 8 meses&#8221;"},"content":{"rendered":"<p><img loading=\"lazy\" decoding=\"async\" class=\"aligncenter size-full wp-image-42397\" src=\"http:\/\/curva1.com.ar\/wp-content\/uploads\/2023\/05\/20230513_174539-scaled.jpg\" alt=\"\" width=\"2560\" height=\"1440\" srcset=\"https:\/\/curva1.com.ar\/wp-content\/uploads\/2023\/05\/20230513_174539-scaled.jpg 2560w, https:\/\/curva1.com.ar\/wp-content\/uploads\/2023\/05\/20230513_174539-960x540.jpg 960w, https:\/\/curva1.com.ar\/wp-content\/uploads\/2023\/05\/20230513_174539-300x169.jpg 300w, https:\/\/curva1.com.ar\/wp-content\/uploads\/2023\/05\/20230513_174539-768x432.jpg 768w, https:\/\/curva1.com.ar\/wp-content\/uploads\/2023\/05\/20230513_174539-1536x864.jpg 1536w, https:\/\/curva1.com.ar\/wp-content\/uploads\/2023\/05\/20230513_174539-2048x1152.jpg 2048w, https:\/\/curva1.com.ar\/wp-content\/uploads\/2023\/05\/20230513_174539-1024x576.jpg 1024w, https:\/\/curva1.com.ar\/wp-content\/uploads\/2023\/05\/20230513_174539-700x394.jpg 700w\" sizes=\"auto, (max-width: 2560px) 100vw, 2560px\" \/><\/p>\n<p>Luego de varios meses de inactividad, ENZO GERARDI volver\u00e1 a competir en la Promocional Fiat del #ZonalCuyano<\/p>\n<p>Enzo entren\u00f3 el s\u00e1bado en el este provincial y confirm\u00f3 su regreso al Zonal.<\/p>\n<p style=\"text-align: center;\"><iframe loading=\"lazy\" style=\"border: none; overflow: hidden;\" src=\"https:\/\/www.facebook.com\/plugins\/video.php?height=314&amp;href=https%3A%2F%2Fwww.facebook.com%2Frevistacurva1%2Fvideos%2F701766155286462%2F&amp;show_text=false&amp;width=560&amp;t=0\" width=\"560\" height=\"314\" frameborder=\"0\" scrolling=\"no\" allowfullscreen=\"allowfullscreen\"><\/iframe><\/p>\n","protected":false},"excerpt":{"rendered":"<p>Luego de varios meses de inactividad, ENZO GERARDI volver\u00e1 a competir en la Promocional Fiat<\/p>\n","protected":false},"author":1,"featured_media":42397,"comment_status":"closed","ping_status":"closed","sticky":false,"template":"","format":"video","meta":{"footnotes":""},"categories":[1],"tags":[],"class_list":["post-42394","post","type-post","status-publish","format-video","has-post-thumbnail","hentry","category-zonal-cuyano","post_format-post-format-video"],"featured_image_urls":{"full":["https:\/\/curva1.com.ar\/wp-content\/uploads\/2023\/05\/20230513_174539-scaled.jpg",2560,1440,false],"thumbnail":["https:\/\/curva1.com.ar\/wp-content\/uploads\/2023\/05\/20230513_174539-300x169.jpg",300,169,true],"medium":["https:\/\/curva1.com.ar\/wp-content\/uploads\/2023\/05\/20230513_174539-960x540.jpg",960,540,true],"medium_large":["https:\/\/curva1.com.ar\/wp-content\/uploads\/2023\/05\/20230513_174539-768x432.jpg",640,360,true],"large":["https:\/\/curva1.com.ar\/wp-content\/uploads\/2023\/05\/20230513_174539-960x540.jpg",640,360,true],"1536x1536":["https:\/\/curva1.com.ar\/wp-content\/uploads\/2023\/05\/20230513_174539-1536x864.jpg",1536,864,true],"2048x2048":["https:\/\/curva1.com.ar\/wp-content\/uploads\/2023\/05\/20230513_174539-2048x1152.jpg",2048,1152,true],"chromenews-featured":["https:\/\/curva1.com.ar\/wp-content\/uploads\/2023\/05\/20230513_174539-1024x576.jpg",1024,576,true],"chromenews-large":["https:\/\/curva1.com.ar\/wp-content\/uploads\/2023\/05\/20230513_174539-825x575.jpg",825,575,true],"chromenews-medium":["https:\/\/curva1.com.ar\/wp-content\/uploads\/2023\/05\/20230513_174539-590x410.jpg",590,410,true]},"author_info":{"display_name":"Jos\u00e9 Bravo","author_link":"https:\/\/curva1.com.ar\/?author=1"},"category_info":"<a href=\"https:\/\/curva1.com.ar\/?cat=1\" rel=\"category\">Zonal Cuyano<\/a>","tag_info":"Zonal Cuyano","comment_count":"0","yoast_head":"<!-- This site is optimized with the Yoast SEO Premium plugin v14.7 - https:\/\/yoast.com\/wordpress\/plugins\/seo\/ -->\n<title>Gerardi &quot;volvemos a correr luego del accidente de hacen 8 meses&quot; - Curva 1<\/title>\n<meta name=\"robots\" content=\"index, follow\" \/>\n<meta name=\"googlebot\" content=\"index, follow, max-snippet:-1, max-image-preview:large, max-video-preview:-1\" \/>\n<meta name=\"bingbot\" content=\"index, follow, max-snippet:-1, max-image-preview:large, max-video-preview:-1\" \/>\n<link rel=\"canonical\" href=\"https:\/\/curva1.com.ar\/?p=42394\" \/>\n<meta property=\"og:locale\" content=\"en_US\" \/>\n<meta property=\"og:type\" content=\"article\" \/>\n<meta property=\"og:title\" content=\"Gerardi &quot;volvemos a correr luego del accidente de hacen 8 meses&quot; - Curva 1\" \/>\n<meta property=\"og:description\" content=\"Luego de varios meses de inactividad, ENZO GERARDI volver\u00e1 a competir en la Promocional Fiat\" \/>\n<meta property=\"og:url\" content=\"https:\/\/curva1.com.ar\/?p=42394\" \/>\n<meta property=\"og:site_name\" content=\"Curva 1\" \/>\n<meta property=\"article:publisher\" content=\"https:\/\/www.facebook.com\/revistacurva1\/\" \/>\n<meta property=\"article:published_time\" content=\"2023-05-15T05:23:56+00:00\" \/>\n<meta property=\"og:image\" content=\"https:\/\/curva1.com.ar\/wp-content\/uploads\/2023\/05\/20230513_174539-scaled.jpg\" \/>\n\t<meta property=\"og:image:width\" content=\"2560\" \/>\n\t<meta property=\"og:image:height\" content=\"1440\" \/>\n<meta property=\"fb:app_id\" content=\"1593067817533208\" \/>\n<meta name=\"twitter:card\" content=\"summary_large_image\" \/>\n<meta name=\"twitter:creator\" content=\"@curva1mendoza\" \/>\n<meta name=\"twitter:site\" content=\"@curva1mendoza\" \/>\n<script type=\"application\/ld+json\" class=\"yoast-schema-graph\">{\"@context\":\"https:\/\/schema.org\",\"@graph\":[{\"@type\":\"WebSite\",\"@id\":\"https:\/\/curva1.com.ar\/#website\",\"url\":\"https:\/\/curva1.com.ar\/\",\"name\":\"Curva 1\",\"description\":\"Automovilismo de Mendoza\",\"potentialAction\":[{\"@type\":\"SearchAction\",\"target\":\"https:\/\/curva1.com.ar\/?s={search_term_string}\",\"query-input\":\"required name=search_term_string\"}],\"inLanguage\":\"en-US\"},{\"@type\":\"ImageObject\",\"@id\":\"https:\/\/curva1.com.ar\/?p=42394#primaryimage\",\"inLanguage\":\"en-US\",\"url\":\"https:\/\/curva1.com.ar\/wp-content\/uploads\/2023\/05\/20230513_174539-scaled.jpg\",\"width\":2560,\"height\":1440},{\"@type\":\"WebPage\",\"@id\":\"https:\/\/curva1.com.ar\/?p=42394#webpage\",\"url\":\"https:\/\/curva1.com.ar\/?p=42394\",\"name\":\"Gerardi \\\"volvemos a correr luego del accidente de hacen 8 meses\\\" - Curva 1\",\"isPartOf\":{\"@id\":\"https:\/\/curva1.com.ar\/#website\"},\"primaryImageOfPage\":{\"@id\":\"https:\/\/curva1.com.ar\/?p=42394#primaryimage\"},\"datePublished\":\"2023-05-15T05:23:56+00:00\",\"dateModified\":\"2023-05-15T05:23:56+00:00\",\"author\":{\"@id\":\"https:\/\/curva1.com.ar\/#\/schema\/person\/f5fd12984d70df7314fbd9ab42f31033\"},\"inLanguage\":\"en-US\",\"potentialAction\":[{\"@type\":\"ReadAction\",\"target\":[\"https:\/\/curva1.com.ar\/?p=42394\"]}]},{\"@type\":[\"Person\"],\"@id\":\"https:\/\/curva1.com.ar\/#\/schema\/person\/f5fd12984d70df7314fbd9ab42f31033\",\"name\":\"Jos\\u00e9 Bravo\",\"image\":{\"@type\":\"ImageObject\",\"@id\":\"https:\/\/curva1.com.ar\/#personlogo\",\"inLanguage\":\"en-US\",\"url\":\"https:\/\/secure.gravatar.com\/avatar\/3ae0b1fdc6ddeb723a6e6c23609ed39de1d40a94b8112fd2c0c2032e2dabf28b?s=96&d=identicon&r=g\",\"caption\":\"Jos\\u00e9 Bravo\"}}]}<\/script>\n<!-- \/ Yoast SEO Premium plugin. -->","_links":{"self":[{"href":"https:\/\/curva1.com.ar\/index.php?rest_route=\/wp\/v2\/posts\/42394","targetHints":{"allow":["GET"]}}],"collection":[{"href":"https:\/\/curva1.com.ar\/index.php?rest_route=\/wp\/v2\/posts"}],"about":[{"href":"https:\/\/curva1.com.ar\/index.php?rest_route=\/wp\/v2\/types\/post"}],"author":[{"embeddable":true,"href":"https:\/\/curva1.com.ar\/index.php?rest_route=\/wp\/v2\/users\/1"}],"replies":[{"embeddable":true,"href":"https:\/\/curva1.com.ar\/index.php?rest_route=%2Fwp%2Fv2%2Fcomments&post=42394"}],"version-history":[{"count":1,"href":"https:\/\/curva1.com.ar\/index.php?rest_route=\/wp\/v2\/posts\/42394\/revisions"}],"predecessor-version":[{"id":42398,"href":"https:\/\/curva1.com.ar\/index.php?rest_route=\/wp\/v2\/posts\/42394\/revisions\/42398"}],"wp:featuredmedia":[{"embeddable":true,"href":"https:\/\/curva1.com.ar\/index.php?rest_route=\/wp\/v2\/media\/42397"}],"wp:attachment":[{"href":"https:\/\/curva1.com.ar\/index.php?rest_route=%2Fwp%2Fv2%2Fmedia&parent=42394"}],"wp:term":[{"taxonomy":"category","embeddable":true,"href":"https:\/\/curva1.com.ar\/index.php?rest_route=%2Fwp%2Fv2%2Fcategories&post=42394"},{"taxonomy":"post_tag","embeddable":true,"href":"https:\/\/curva1.com.ar\/index.php?rest_route=%2Fwp%2Fv2%2Ftags&post=42394"}],"curies":[{"name":"wp","href":"https:\/\/api.w.org\/{rel}","templated":true}]}}