{"id":4262,"date":"2013-02-24T18:22:05","date_gmt":"2013-02-24T21:22:05","guid":{"rendered":"http:\/\/www.curva1.com.ar\/?p=4262"},"modified":"2013-02-24T18:22:05","modified_gmt":"2013-02-24T21:22:05","slug":"abandono-de-estrada-en-su-debut-en-la-formula-renault-plus","status":"publish","type":"post","link":"https:\/\/curva1.com.ar\/?p=4262","title":{"rendered":"Abandono de Estrada en su debut en la F\u00f3rmula Renault Plus"},"content":{"rendered":"<p><img loading=\"lazy\" decoding=\"async\" class=\"aligncenter size-full wp-image-4263\" alt=\"62133_484847608249688_1271386165_n\" src=\"http:\/\/www.curva1.com.ar\/wp-content\/uploads\/2013\/02\/62133_484847608249688_1271386165_n.jpg\" width=\"500\" height=\"281\" srcset=\"https:\/\/curva1.com.ar\/wp-content\/uploads\/2013\/02\/62133_484847608249688_1271386165_n.jpg 500w, https:\/\/curva1.com.ar\/wp-content\/uploads\/2013\/02\/62133_484847608249688_1271386165_n-300x169.jpg 300w\" sizes=\"auto, (max-width: 500px) 100vw, 500px\" \/><\/p>\n<p>El mendocino Lautaro Estrada debut\u00f3 este fin de semana en la F\u00f3rmula Renault Plus, donde arriba del monoposto N\u00ba 51 clasific\u00f3 21 y abandon\u00f3 en la carrera final, disputada en el aut\u00f3dromo de Marcos Ju\u00e1rez, en C\u00f3rdoba.<\/p>\n<p><strong>RESUMEN<\/strong><\/p>\n<p>Nicol\u00e1s Meichtri se impuso en la primera fecha anual de la\u00a0<b><i>F\u00f3rmula Renault Plus<\/i><\/b>\u00a0disputada hoy en el aut\u00f3dromo \u201cJuan Oria\u201d de Marcos Ju\u00e1rez. El Subcampe\u00f3n 2012 lider\u00f3 la prueba desde el inicio, conteniendo los embates de Marcos Zago (Fauro Sport) e Ignacio Procacitto (Procacitto Racing). Nuevamente la paridad entre escuadras qued\u00f3 demostrada al ocupar 9 de ellas los primeros 11 lugares.<\/p>\n<p>A solo metros de iniciada la competencia el primer golpe de escena se produjo en los puestos de vanguardia, al superar Ignacio Procacitto a Daniel Gabarra y ascender as\u00ed al tercer lugar del pelot\u00f3n.<\/p>\n<p>Marcharon en esas posiciones los hombres de punta en los primeros giros, reacomod\u00e1ndose en la s\u00e9ptima vuelta con Nicol\u00e1s Meichtri, Marcos Zago, Ignacio Procacitto, Daniel Gabarra y Federico \u00a0Cavagnero, quien luchaba palmo a palmo con su cu\u00f1ado, el Campe\u00f3n Marcos Abratte, por la quinta ubicaci\u00f3n.<\/p>\n<p>Continu\u00f3 la competencia con un eterna fila india en la cual las exigentes curvas del aut\u00f3dromo \u201cJuan Oria\u201d desafiaban a los pilotos que, inmutables, buscaban ascender en el clasificador, intentando maniobras antol\u00f3gicas.<\/p>\n<p>El debutante Tom\u00e1s Deharbe (Barovero Racing Team) ve\u00eda esfumarse la ilusi\u00f3n de terminar su carrera debut al ingresar a boxes en el 8vo giro y abandonar luego.<\/p>\n<p>En la vanguardia Cavagnero daba cuenta de Gabarra que perd\u00ed rendimiento m\u00e1s all\u00e1 de lograr mantenerse en pista y culminar 5to. Carlos Moreira (Lito Moreira Competici\u00f3n), Fernando Martino (D\u00b4Bonis Racing), Ayrton Reutemann (Fauro Sport) y Agust\u00edn Lima (Barovero Racing Team) luchaban por ascender en cada giro de competencia, que no mostr\u00f3 bandera roja a lo largo de las 23 vueltas.<\/p>\n<p>Finalmente, los 15 pilotos que sumaron unidades en la Final fueron: Nicol\u00e1s Meichtri, Marcos Zago, Ignacio Procacitto, Federico Cavagnero, Daniel Gabarra, Marcos Abratte, Carlos Moreira, Fernando Martino, Ayrton Reutemann, Agust\u00edn Lima, Mart\u00edn Aimar, Fabi\u00e1n Bellagamba, Maximiliano Risso, Jos\u00e9 IOgnacio Bailone y Marcelo Ciarrocchi. Entre los debutantes el mejor ubicado fue Gonzalo Magnante quien arribo 16to.<\/p>\n<p>La pr\u00f3xima fecha de la 12 pautadas para esta Temporada se llevar\u00e1 a cabo el fin de semana del 24 de Marzo en el aut\u00f3dromo \u201cParque Ciudad de R\u00edo Cuarto\u201d.<\/p>\n","protected":false},"excerpt":{"rendered":"<p>El mendocino Lautaro Estrada debut\u00f3 este fin de semana en la F\u00f3rmula Renault Plus, donde<\/p>\n","protected":false},"author":1,"featured_media":4263,"comment_status":"open","ping_status":"closed","sticky":false,"template":"","format":"standard","meta":{"footnotes":""},"categories":[6],"tags":[],"class_list":["post-4262","post","type-post","status-publish","format-standard","has-post-thumbnail","hentry","category-nacionales"],"featured_image_urls":{"full":["https:\/\/curva1.com.ar\/wp-content\/uploads\/2013\/02\/62133_484847608249688_1271386165_n.jpg",500,281,false],"thumbnail":["https:\/\/curva1.com.ar\/wp-content\/uploads\/2013\/02\/62133_484847608249688_1271386165_n-300x169.jpg",300,169,true],"medium":["https:\/\/curva1.com.ar\/wp-content\/uploads\/2013\/02\/62133_484847608249688_1271386165_n.jpg",500,281,false],"medium_large":["https:\/\/curva1.com.ar\/wp-content\/uploads\/2013\/02\/62133_484847608249688_1271386165_n.jpg",500,281,false],"large":["https:\/\/curva1.com.ar\/wp-content\/uploads\/2013\/02\/62133_484847608249688_1271386165_n.jpg",500,281,false],"1536x1536":["https:\/\/curva1.com.ar\/wp-content\/uploads\/2013\/02\/62133_484847608249688_1271386165_n.jpg",500,281,false],"2048x2048":["https:\/\/curva1.com.ar\/wp-content\/uploads\/2013\/02\/62133_484847608249688_1271386165_n.jpg",500,281,false],"chromenews-featured":["https:\/\/curva1.com.ar\/wp-content\/uploads\/2013\/02\/62133_484847608249688_1271386165_n.jpg",500,281,false],"chromenews-large":["https:\/\/curva1.com.ar\/wp-content\/uploads\/2013\/02\/62133_484847608249688_1271386165_n.jpg",500,281,false],"chromenews-medium":["https:\/\/curva1.com.ar\/wp-content\/uploads\/2013\/02\/62133_484847608249688_1271386165_n.jpg",500,281,false]},"author_info":{"display_name":"Jos\u00e9 Bravo","author_link":"https:\/\/curva1.com.ar\/?author=1"},"category_info":"<a href=\"https:\/\/curva1.com.ar\/?cat=6\" rel=\"category\">Nacionales<\/a>","tag_info":"Nacionales","comment_count":"0","_links":{"self":[{"href":"https:\/\/curva1.com.ar\/index.php?rest_route=\/wp\/v2\/posts\/4262","targetHints":{"allow":["GET"]}}],"collection":[{"href":"https:\/\/curva1.com.ar\/index.php?rest_route=\/wp\/v2\/posts"}],"about":[{"href":"https:\/\/curva1.com.ar\/index.php?rest_route=\/wp\/v2\/types\/post"}],"author":[{"embeddable":true,"href":"https:\/\/curva1.com.ar\/index.php?rest_route=\/wp\/v2\/users\/1"}],"replies":[{"embeddable":true,"href":"https:\/\/curva1.com.ar\/index.php?rest_route=%2Fwp%2Fv2%2Fcomments&post=4262"}],"version-history":[{"count":1,"href":"https:\/\/curva1.com.ar\/index.php?rest_route=\/wp\/v2\/posts\/4262\/revisions"}],"predecessor-version":[{"id":4264,"href":"https:\/\/curva1.com.ar\/index.php?rest_route=\/wp\/v2\/posts\/4262\/revisions\/4264"}],"wp:featuredmedia":[{"embeddable":true,"href":"https:\/\/curva1.com.ar\/index.php?rest_route=\/wp\/v2\/media\/4263"}],"wp:attachment":[{"href":"https:\/\/curva1.com.ar\/index.php?rest_route=%2Fwp%2Fv2%2Fmedia&parent=4262"}],"wp:term":[{"taxonomy":"category","embeddable":true,"href":"https:\/\/curva1.com.ar\/index.php?rest_route=%2Fwp%2Fv2%2Fcategories&post=4262"},{"taxonomy":"post_tag","embeddable":true,"href":"https:\/\/curva1.com.ar\/index.php?rest_route=%2Fwp%2Fv2%2Ftags&post=4262"}],"curies":[{"name":"wp","href":"https:\/\/api.w.org\/{rel}","templated":true}]}}