{"id":42628,"date":"2023-08-04T02:39:33","date_gmt":"2023-08-04T05:39:33","guid":{"rendered":"http:\/\/curva1.com.ar\/?p=42628"},"modified":"2023-08-05T02:42:05","modified_gmt":"2023-08-05T05:42:05","slug":"nuevo-calendario-de-carreras-2023-reprogramado","status":"publish","type":"post","link":"https:\/\/curva1.com.ar\/?p=42628","title":{"rendered":"Nuevo calendario de carreras 2023 &#8220;reprogramado&#8221;"},"content":{"rendered":"<p><img loading=\"lazy\" decoding=\"async\" class=\"aligncenter size-full wp-image-42630\" src=\"http:\/\/curva1.com.ar\/wp-content\/uploads\/2023\/08\/IMG_6050.jpg\" alt=\"\" width=\"1000\" height=\"563\" srcset=\"https:\/\/curva1.com.ar\/wp-content\/uploads\/2023\/08\/IMG_6050.jpg 1000w, https:\/\/curva1.com.ar\/wp-content\/uploads\/2023\/08\/IMG_6050-960x540.jpg 960w, https:\/\/curva1.com.ar\/wp-content\/uploads\/2023\/08\/IMG_6050-300x169.jpg 300w, https:\/\/curva1.com.ar\/wp-content\/uploads\/2023\/08\/IMG_6050-768x432.jpg 768w, https:\/\/curva1.com.ar\/wp-content\/uploads\/2023\/08\/IMG_6050-700x394.jpg 700w\" sizes=\"auto, (max-width: 1000px) 100vw, 1000px\" \/><\/p>\n<p>FEMAD inform\u00f3 como ser\u00e1n las fechas para lo que resta del a\u00f1o y tomando en cuenta todas las elecciones de gobernantes que hay.<\/p>\n<p><strong>DESTACADOS<\/strong><\/p>\n<p>&#x1f539; Zonal Cuyano y Tradicionales disputar\u00e1n juntos su GP Coronaci\u00f3n el 10 de diciembre. Ser\u00e1 en el Aut\u00f3dromo de San Mart\u00edn.<br \/>\n&#x1f539; Karting Provincial de Tierra correr\u00e1 su \u00faltima fecha el lunes feriado 20 de noviembre.<br \/>\n&#x1f539; Karting Mendocino de Pista tendr\u00e1 su GP Coronaci\u00f3n el 26 de noviembre y disputar\u00e1 una nueva edici\u00f3n de la Copa Mendoza el 17 de diciembre, cerrando la actividad motor 2023.<\/p>\n<p><img loading=\"lazy\" decoding=\"async\" class=\"aligncenter size-full wp-image-42632\" src=\"http:\/\/curva1.com.ar\/wp-content\/uploads\/2023\/08\/dfeaaaaaaggg.jpg\" alt=\"\" width=\"2272\" height=\"2272\" srcset=\"https:\/\/curva1.com.ar\/wp-content\/uploads\/2023\/08\/dfeaaaaaaggg.jpg 2272w, https:\/\/curva1.com.ar\/wp-content\/uploads\/2023\/08\/dfeaaaaaaggg-540x540.jpg 540w, https:\/\/curva1.com.ar\/wp-content\/uploads\/2023\/08\/dfeaaaaaaggg-768x768.jpg 768w, https:\/\/curva1.com.ar\/wp-content\/uploads\/2023\/08\/dfeaaaaaaggg-1536x1536.jpg 1536w, https:\/\/curva1.com.ar\/wp-content\/uploads\/2023\/08\/dfeaaaaaaggg-2048x2048.jpg 2048w, https:\/\/curva1.com.ar\/wp-content\/uploads\/2023\/08\/dfeaaaaaaggg-1024x1024.jpg 1024w\" sizes=\"auto, (max-width: 2272px) 100vw, 2272px\" \/><\/p>\n","protected":false},"excerpt":{"rendered":"<p>FEMAD inform\u00f3 como ser\u00e1n las fechas para lo que resta del a\u00f1o y tomando en<\/p>\n","protected":false},"author":1,"featured_media":42630,"comment_status":"closed","ping_status":"closed","sticky":false,"template":"","format":"standard","meta":{"footnotes":""},"categories":[4,3,1],"tags":[],"class_list":["post-42628","post","type-post","status-publish","format-standard","has-post-thumbnail","hentry","category-karting","category-tradicionales","category-zonal-cuyano"],"featured_image_urls":{"full":["https:\/\/curva1.com.ar\/wp-content\/uploads\/2023\/08\/IMG_6050.jpg",1000,563,false],"thumbnail":["https:\/\/curva1.com.ar\/wp-content\/uploads\/2023\/08\/IMG_6050-300x169.jpg",300,169,true],"medium":["https:\/\/curva1.com.ar\/wp-content\/uploads\/2023\/08\/IMG_6050-960x540.jpg",960,540,true],"medium_large":["https:\/\/curva1.com.ar\/wp-content\/uploads\/2023\/08\/IMG_6050-768x432.jpg",640,360,true],"large":["https:\/\/curva1.com.ar\/wp-content\/uploads\/2023\/08\/IMG_6050-960x540.jpg",640,360,true],"1536x1536":["https:\/\/curva1.com.ar\/wp-content\/uploads\/2023\/08\/IMG_6050.jpg",1000,563,false],"2048x2048":["https:\/\/curva1.com.ar\/wp-content\/uploads\/2023\/08\/IMG_6050.jpg",1000,563,false],"chromenews-featured":["https:\/\/curva1.com.ar\/wp-content\/uploads\/2023\/08\/IMG_6050.jpg",1000,563,false],"chromenews-large":["https:\/\/curva1.com.ar\/wp-content\/uploads\/2023\/08\/IMG_6050-825x563.jpg",825,563,true],"chromenews-medium":["https:\/\/curva1.com.ar\/wp-content\/uploads\/2023\/08\/IMG_6050-590x410.jpg",590,410,true]},"author_info":{"display_name":"Jos\u00e9 Bravo","author_link":"https:\/\/curva1.com.ar\/?author=1"},"category_info":"<a href=\"https:\/\/curva1.com.ar\/?cat=4\" rel=\"category\">Karting Asfalto<\/a> <a href=\"https:\/\/curva1.com.ar\/?cat=3\" rel=\"category\">Tradicionales<\/a> <a href=\"https:\/\/curva1.com.ar\/?cat=1\" rel=\"category\">Zonal Cuyano<\/a>","tag_info":"Zonal Cuyano","comment_count":"0","yoast_head":"<!-- This site is optimized with the Yoast SEO Premium plugin v14.7 - https:\/\/yoast.com\/wordpress\/plugins\/seo\/ -->\n<title>Nuevo calendario de carreras 2023 &quot;reprogramado&quot; - Curva 1<\/title>\n<meta name=\"robots\" content=\"index, follow\" \/>\n<meta name=\"googlebot\" content=\"index, follow, max-snippet:-1, max-image-preview:large, max-video-preview:-1\" \/>\n<meta name=\"bingbot\" content=\"index, follow, max-snippet:-1, max-image-preview:large, max-video-preview:-1\" \/>\n<link rel=\"canonical\" href=\"https:\/\/curva1.com.ar\/?p=42628\" \/>\n<meta property=\"og:locale\" content=\"en_US\" \/>\n<meta property=\"og:type\" content=\"article\" \/>\n<meta property=\"og:title\" content=\"Nuevo calendario de carreras 2023 &quot;reprogramado&quot; - Curva 1\" \/>\n<meta property=\"og:description\" content=\"FEMAD inform\u00f3 como ser\u00e1n las fechas para lo que resta del a\u00f1o y tomando en\" \/>\n<meta property=\"og:url\" content=\"https:\/\/curva1.com.ar\/?p=42628\" \/>\n<meta property=\"og:site_name\" content=\"Curva 1\" \/>\n<meta property=\"article:publisher\" content=\"https:\/\/www.facebook.com\/revistacurva1\/\" \/>\n<meta property=\"article:published_time\" content=\"2023-08-04T05:39:33+00:00\" \/>\n<meta property=\"article:modified_time\" content=\"2023-08-05T05:42:05+00:00\" \/>\n<meta property=\"og:image\" content=\"https:\/\/curva1.com.ar\/wp-content\/uploads\/2023\/08\/IMG_6050.jpg\" \/>\n\t<meta property=\"og:image:width\" content=\"1000\" \/>\n\t<meta property=\"og:image:height\" content=\"563\" \/>\n<meta property=\"fb:app_id\" content=\"1593067817533208\" \/>\n<meta name=\"twitter:card\" content=\"summary_large_image\" \/>\n<meta name=\"twitter:creator\" content=\"@curva1mendoza\" \/>\n<meta name=\"twitter:site\" content=\"@curva1mendoza\" \/>\n<script type=\"application\/ld+json\" class=\"yoast-schema-graph\">{\"@context\":\"https:\/\/schema.org\",\"@graph\":[{\"@type\":\"WebSite\",\"@id\":\"https:\/\/curva1.com.ar\/#website\",\"url\":\"https:\/\/curva1.com.ar\/\",\"name\":\"Curva 1\",\"description\":\"Automovilismo de Mendoza\",\"potentialAction\":[{\"@type\":\"SearchAction\",\"target\":\"https:\/\/curva1.com.ar\/?s={search_term_string}\",\"query-input\":\"required name=search_term_string\"}],\"inLanguage\":\"en-US\"},{\"@type\":\"ImageObject\",\"@id\":\"https:\/\/curva1.com.ar\/?p=42628#primaryimage\",\"inLanguage\":\"en-US\",\"url\":\"https:\/\/curva1.com.ar\/wp-content\/uploads\/2023\/08\/IMG_6050.jpg\",\"width\":1000,\"height\":563},{\"@type\":\"WebPage\",\"@id\":\"https:\/\/curva1.com.ar\/?p=42628#webpage\",\"url\":\"https:\/\/curva1.com.ar\/?p=42628\",\"name\":\"Nuevo calendario de carreras 2023 \\\"reprogramado\\\" - Curva 1\",\"isPartOf\":{\"@id\":\"https:\/\/curva1.com.ar\/#website\"},\"primaryImageOfPage\":{\"@id\":\"https:\/\/curva1.com.ar\/?p=42628#primaryimage\"},\"datePublished\":\"2023-08-04T05:39:33+00:00\",\"dateModified\":\"2023-08-05T05:42:05+00:00\",\"author\":{\"@id\":\"https:\/\/curva1.com.ar\/#\/schema\/person\/f5fd12984d70df7314fbd9ab42f31033\"},\"inLanguage\":\"en-US\",\"potentialAction\":[{\"@type\":\"ReadAction\",\"target\":[\"https:\/\/curva1.com.ar\/?p=42628\"]}]},{\"@type\":[\"Person\"],\"@id\":\"https:\/\/curva1.com.ar\/#\/schema\/person\/f5fd12984d70df7314fbd9ab42f31033\",\"name\":\"Jos\\u00e9 Bravo\",\"image\":{\"@type\":\"ImageObject\",\"@id\":\"https:\/\/curva1.com.ar\/#personlogo\",\"inLanguage\":\"en-US\",\"url\":\"https:\/\/secure.gravatar.com\/avatar\/3ae0b1fdc6ddeb723a6e6c23609ed39de1d40a94b8112fd2c0c2032e2dabf28b?s=96&d=identicon&r=g\",\"caption\":\"Jos\\u00e9 Bravo\"}}]}<\/script>\n<!-- \/ Yoast SEO Premium plugin. -->","_links":{"self":[{"href":"https:\/\/curva1.com.ar\/index.php?rest_route=\/wp\/v2\/posts\/42628","targetHints":{"allow":["GET"]}}],"collection":[{"href":"https:\/\/curva1.com.ar\/index.php?rest_route=\/wp\/v2\/posts"}],"about":[{"href":"https:\/\/curva1.com.ar\/index.php?rest_route=\/wp\/v2\/types\/post"}],"author":[{"embeddable":true,"href":"https:\/\/curva1.com.ar\/index.php?rest_route=\/wp\/v2\/users\/1"}],"replies":[{"embeddable":true,"href":"https:\/\/curva1.com.ar\/index.php?rest_route=%2Fwp%2Fv2%2Fcomments&post=42628"}],"version-history":[{"count":3,"href":"https:\/\/curva1.com.ar\/index.php?rest_route=\/wp\/v2\/posts\/42628\/revisions"}],"predecessor-version":[{"id":42634,"href":"https:\/\/curva1.com.ar\/index.php?rest_route=\/wp\/v2\/posts\/42628\/revisions\/42634"}],"wp:featuredmedia":[{"embeddable":true,"href":"https:\/\/curva1.com.ar\/index.php?rest_route=\/wp\/v2\/media\/42630"}],"wp:attachment":[{"href":"https:\/\/curva1.com.ar\/index.php?rest_route=%2Fwp%2Fv2%2Fmedia&parent=42628"}],"wp:term":[{"taxonomy":"category","embeddable":true,"href":"https:\/\/curva1.com.ar\/index.php?rest_route=%2Fwp%2Fv2%2Fcategories&post=42628"},{"taxonomy":"post_tag","embeddable":true,"href":"https:\/\/curva1.com.ar\/index.php?rest_route=%2Fwp%2Fv2%2Ftags&post=42628"}],"curies":[{"name":"wp","href":"https:\/\/api.w.org\/{rel}","templated":true}]}}