{"id":4303,"date":"2013-02-25T20:32:51","date_gmt":"2013-02-25T23:32:51","guid":{"rendered":"http:\/\/www.curva1.com.ar\/?p=4303"},"modified":"2013-02-25T20:32:51","modified_gmt":"2013-02-25T23:32:51","slug":"el-speedway-el-santo-pasara-su-actividad-para-los-viernes","status":"publish","type":"post","link":"https:\/\/curva1.com.ar\/?p=4303","title":{"rendered":"El speedway El Santo pasar\u00e1 su actividad para los viernes"},"content":{"rendered":"<p><img loading=\"lazy\" decoding=\"async\" class=\"aligncenter size-full wp-image-4304\" alt=\"IMG_6fa477\" src=\"http:\/\/www.curva1.com.ar\/wp-content\/uploads\/2013\/02\/IMG_6fa477.jpg\" width=\"500\" height=\"281\" srcset=\"https:\/\/curva1.com.ar\/wp-content\/uploads\/2013\/02\/IMG_6fa477.jpg 500w, https:\/\/curva1.com.ar\/wp-content\/uploads\/2013\/02\/IMG_6fa477-300x169.jpg 300w\" sizes=\"auto, (max-width: 500px) 100vw, 500px\" \/><\/p>\n<p>El fin de semana que viene no habr\u00e1 actividad en El Santo, debido a los festejos vendimiales, seg\u00fan inform\u00f3 por los parlantes el locutor Pedro Castro D\u00edaz.<\/p>\n<p>Tampoco seguir\u00e1 los domingos, sino que la 8\u00ba, 9 \u00bay 10\u00ba fecha se disputar\u00e1n en dia viernes, volviendo con la actividad del speedway el viernes 8 de marzo.<\/p>\n","protected":false},"excerpt":{"rendered":"<p>El fin de semana que viene no habr\u00e1 actividad en El Santo, debido a los<\/p>\n","protected":false},"author":1,"featured_media":4304,"comment_status":"open","ping_status":"closed","sticky":false,"template":"","format":"standard","meta":{"footnotes":""},"categories":[5],"tags":[],"class_list":["post-4303","post","type-post","status-publish","format-standard","has-post-thumbnail","hentry","category-speedway"],"featured_image_urls":{"full":["https:\/\/curva1.com.ar\/wp-content\/uploads\/2013\/02\/IMG_6fa477.jpg",500,281,false],"thumbnail":["https:\/\/curva1.com.ar\/wp-content\/uploads\/2013\/02\/IMG_6fa477-300x169.jpg",300,169,true],"medium":["https:\/\/curva1.com.ar\/wp-content\/uploads\/2013\/02\/IMG_6fa477.jpg",500,281,false],"medium_large":["https:\/\/curva1.com.ar\/wp-content\/uploads\/2013\/02\/IMG_6fa477.jpg",500,281,false],"large":["https:\/\/curva1.com.ar\/wp-content\/uploads\/2013\/02\/IMG_6fa477.jpg",500,281,false],"1536x1536":["https:\/\/curva1.com.ar\/wp-content\/uploads\/2013\/02\/IMG_6fa477.jpg",500,281,false],"2048x2048":["https:\/\/curva1.com.ar\/wp-content\/uploads\/2013\/02\/IMG_6fa477.jpg",500,281,false],"chromenews-featured":["https:\/\/curva1.com.ar\/wp-content\/uploads\/2013\/02\/IMG_6fa477.jpg",500,281,false],"chromenews-large":["https:\/\/curva1.com.ar\/wp-content\/uploads\/2013\/02\/IMG_6fa477.jpg",500,281,false],"chromenews-medium":["https:\/\/curva1.com.ar\/wp-content\/uploads\/2013\/02\/IMG_6fa477.jpg",500,281,false]},"author_info":{"display_name":"Jos\u00e9 Bravo","author_link":"https:\/\/curva1.com.ar\/?author=1"},"category_info":"<a href=\"https:\/\/curva1.com.ar\/?cat=5\" rel=\"category\">Speedway<\/a>","tag_info":"Speedway","comment_count":"0","_links":{"self":[{"href":"https:\/\/curva1.com.ar\/index.php?rest_route=\/wp\/v2\/posts\/4303","targetHints":{"allow":["GET"]}}],"collection":[{"href":"https:\/\/curva1.com.ar\/index.php?rest_route=\/wp\/v2\/posts"}],"about":[{"href":"https:\/\/curva1.com.ar\/index.php?rest_route=\/wp\/v2\/types\/post"}],"author":[{"embeddable":true,"href":"https:\/\/curva1.com.ar\/index.php?rest_route=\/wp\/v2\/users\/1"}],"replies":[{"embeddable":true,"href":"https:\/\/curva1.com.ar\/index.php?rest_route=%2Fwp%2Fv2%2Fcomments&post=4303"}],"version-history":[{"count":2,"href":"https:\/\/curva1.com.ar\/index.php?rest_route=\/wp\/v2\/posts\/4303\/revisions"}],"predecessor-version":[{"id":4306,"href":"https:\/\/curva1.com.ar\/index.php?rest_route=\/wp\/v2\/posts\/4303\/revisions\/4306"}],"wp:featuredmedia":[{"embeddable":true,"href":"https:\/\/curva1.com.ar\/index.php?rest_route=\/wp\/v2\/media\/4304"}],"wp:attachment":[{"href":"https:\/\/curva1.com.ar\/index.php?rest_route=%2Fwp%2Fv2%2Fmedia&parent=4303"}],"wp:term":[{"taxonomy":"category","embeddable":true,"href":"https:\/\/curva1.com.ar\/index.php?rest_route=%2Fwp%2Fv2%2Fcategories&post=4303"},{"taxonomy":"post_tag","embeddable":true,"href":"https:\/\/curva1.com.ar\/index.php?rest_route=%2Fwp%2Fv2%2Ftags&post=4303"}],"curies":[{"name":"wp","href":"https:\/\/api.w.org\/{rel}","templated":true}]}}