{"id":4307,"date":"2013-02-25T20:44:27","date_gmt":"2013-02-25T23:44:27","guid":{"rendered":"http:\/\/www.curva1.com.ar\/?p=4307"},"modified":"2013-02-25T22:22:48","modified_gmt":"2013-02-26T01:22:48","slug":"un-auto-de-la-formula-metropolitana-atropello-a-un-piloto","status":"publish","type":"post","link":"https:\/\/curva1.com.ar\/?p=4307","title":{"rendered":"Un auto de la F\u00f3rmula Metropolitana atropell\u00f3 a un piloto"},"content":{"rendered":"<p>Ocurri\u00f3 el domingo pasado en el Aut\u00f3dromo Mouras de La Plata, donde un piloto fue atropellado por un monoposto que despist\u00f3 y lo levant\u00f3 por el aire.<\/p>\n<p>Por suerte, salieron todos ilesos. <strong>&#8220;Un accidente con mucha suerte y aunque no lo crean, si se hubiese quedado en el auto, hubiese sido peor, la estructura a la altura de los hombros (del crespi celeste y blanco) se doblo casi 15 cm hacia adentro, lo hubiese aplastado a la altura de los hombro&#8221;<\/strong> explic\u00f3 el fot\u00f3grafo Mart\u00edn G\u00f3mez, quien inmortaliz\u00f3 los momentos de zozobra.<\/p>\n<p><img loading=\"lazy\" decoding=\"async\" class=\"aligncenter size-full wp-image-4309\" alt=\"11283_10151456781989456_961395289_n\" src=\"http:\/\/www.curva1.com.ar\/wp-content\/uploads\/2013\/02\/11283_10151456781989456_961395289_n.jpg\" width=\"500\" height=\"333\" \/><img loading=\"lazy\" decoding=\"async\" class=\"aligncenter size-full wp-image-4310\" alt=\"484947_10151456781994456_1298787837_n\" src=\"http:\/\/www.curva1.com.ar\/wp-content\/uploads\/2013\/02\/484947_10151456781994456_1298787837_n.jpg\" width=\"500\" height=\"333\" \/><img loading=\"lazy\" decoding=\"async\" class=\"aligncenter size-full wp-image-4311\" alt=\"539585_10151456783279456_44922909_n\" src=\"http:\/\/www.curva1.com.ar\/wp-content\/uploads\/2013\/02\/539585_10151456783279456_44922909_n.jpg\" width=\"500\" height=\"281\" srcset=\"https:\/\/curva1.com.ar\/wp-content\/uploads\/2013\/02\/539585_10151456783279456_44922909_n.jpg 500w, https:\/\/curva1.com.ar\/wp-content\/uploads\/2013\/02\/539585_10151456783279456_44922909_n-300x169.jpg 300w\" sizes=\"auto, (max-width: 500px) 100vw, 500px\" \/><img loading=\"lazy\" decoding=\"async\" class=\"aligncenter size-full wp-image-4312\" alt=\"179656_10151456783314456_722940778_n\" src=\"http:\/\/www.curva1.com.ar\/wp-content\/uploads\/2013\/02\/179656_10151456783314456_722940778_n.jpg\" width=\"500\" height=\"333\" \/><img loading=\"lazy\" decoding=\"async\" class=\"aligncenter size-full wp-image-4313\" alt=\"62128_10151456783309456_1592202376_n\" src=\"http:\/\/www.curva1.com.ar\/wp-content\/uploads\/2013\/02\/62128_10151456783309456_1592202376_n.jpg\" width=\"500\" height=\"333\" \/><img loading=\"lazy\" decoding=\"async\" class=\"aligncenter size-full wp-image-4314\" alt=\"13126_10151456783549456_934752987_n\" src=\"http:\/\/www.curva1.com.ar\/wp-content\/uploads\/2013\/02\/13126_10151456783549456_934752987_n.jpg\" width=\"500\" height=\"333\" \/><img loading=\"lazy\" decoding=\"async\" class=\"aligncenter size-full wp-image-4315\" alt=\"150780_10151456783629456_350726095_n\" src=\"http:\/\/www.curva1.com.ar\/wp-content\/uploads\/2013\/02\/150780_10151456783629456_350726095_n.jpg\" width=\"500\" height=\"333\" \/><\/p>\n","protected":false},"excerpt":{"rendered":"<p>Ocurri\u00f3 el domingo pasado en el Aut\u00f3dromo Mouras de La Plata, donde un piloto fue<\/p>\n","protected":false},"author":1,"featured_media":4311,"comment_status":"open","ping_status":"closed","sticky":false,"template":"","format":"standard","meta":{"footnotes":""},"categories":[6],"tags":[],"class_list":["post-4307","post","type-post","status-publish","format-standard","has-post-thumbnail","hentry","category-nacionales"],"featured_image_urls":{"full":["https:\/\/curva1.com.ar\/wp-content\/uploads\/2013\/02\/539585_10151456783279456_44922909_n.jpg",500,281,false],"thumbnail":["https:\/\/curva1.com.ar\/wp-content\/uploads\/2013\/02\/539585_10151456783279456_44922909_n-300x169.jpg",300,169,true],"medium":["https:\/\/curva1.com.ar\/wp-content\/uploads\/2013\/02\/539585_10151456783279456_44922909_n.jpg",500,281,false],"medium_large":["https:\/\/curva1.com.ar\/wp-content\/uploads\/2013\/02\/539585_10151456783279456_44922909_n.jpg",500,281,false],"large":["https:\/\/curva1.com.ar\/wp-content\/uploads\/2013\/02\/539585_10151456783279456_44922909_n.jpg",500,281,false],"1536x1536":["https:\/\/curva1.com.ar\/wp-content\/uploads\/2013\/02\/539585_10151456783279456_44922909_n.jpg",500,281,false],"2048x2048":["https:\/\/curva1.com.ar\/wp-content\/uploads\/2013\/02\/539585_10151456783279456_44922909_n.jpg",500,281,false],"chromenews-featured":["https:\/\/curva1.com.ar\/wp-content\/uploads\/2013\/02\/539585_10151456783279456_44922909_n.jpg",500,281,false],"chromenews-large":["https:\/\/curva1.com.ar\/wp-content\/uploads\/2013\/02\/539585_10151456783279456_44922909_n.jpg",500,281,false],"chromenews-medium":["https:\/\/curva1.com.ar\/wp-content\/uploads\/2013\/02\/539585_10151456783279456_44922909_n.jpg",500,281,false]},"author_info":{"display_name":"Jos\u00e9 Bravo","author_link":"https:\/\/curva1.com.ar\/?author=1"},"category_info":"<a href=\"https:\/\/curva1.com.ar\/?cat=6\" rel=\"category\">Nacionales<\/a>","tag_info":"Nacionales","comment_count":"0","_links":{"self":[{"href":"https:\/\/curva1.com.ar\/index.php?rest_route=\/wp\/v2\/posts\/4307","targetHints":{"allow":["GET"]}}],"collection":[{"href":"https:\/\/curva1.com.ar\/index.php?rest_route=\/wp\/v2\/posts"}],"about":[{"href":"https:\/\/curva1.com.ar\/index.php?rest_route=\/wp\/v2\/types\/post"}],"author":[{"embeddable":true,"href":"https:\/\/curva1.com.ar\/index.php?rest_route=\/wp\/v2\/users\/1"}],"replies":[{"embeddable":true,"href":"https:\/\/curva1.com.ar\/index.php?rest_route=%2Fwp%2Fv2%2Fcomments&post=4307"}],"version-history":[{"count":4,"href":"https:\/\/curva1.com.ar\/index.php?rest_route=\/wp\/v2\/posts\/4307\/revisions"}],"predecessor-version":[{"id":4318,"href":"https:\/\/curva1.com.ar\/index.php?rest_route=\/wp\/v2\/posts\/4307\/revisions\/4318"}],"wp:featuredmedia":[{"embeddable":true,"href":"https:\/\/curva1.com.ar\/index.php?rest_route=\/wp\/v2\/media\/4311"}],"wp:attachment":[{"href":"https:\/\/curva1.com.ar\/index.php?rest_route=%2Fwp%2Fv2%2Fmedia&parent=4307"}],"wp:term":[{"taxonomy":"category","embeddable":true,"href":"https:\/\/curva1.com.ar\/index.php?rest_route=%2Fwp%2Fv2%2Fcategories&post=4307"},{"taxonomy":"post_tag","embeddable":true,"href":"https:\/\/curva1.com.ar\/index.php?rest_route=%2Fwp%2Fv2%2Ftags&post=4307"}],"curies":[{"name":"wp","href":"https:\/\/api.w.org\/{rel}","templated":true}]}}