{"id":43128,"date":"2023-11-26T20:36:01","date_gmt":"2023-11-26T23:36:01","guid":{"rendered":"http:\/\/curva1.com.ar\/?p=43128"},"modified":"2024-02-03T11:26:25","modified_gmt":"2024-02-03T14:26:25","slug":"karting-mendocino-de-asfalto-corono-a-sus-campeones-2023","status":"publish","type":"post","link":"https:\/\/curva1.com.ar\/?p=43128","title":{"rendered":"Karting Mendocino de asfalto coron\u00f3 a sus campeones 2023"},"content":{"rendered":"<p><img loading=\"lazy\" decoding=\"async\" class=\"aligncenter size-full wp-image-43147\" src=\"http:\/\/curva1.com.ar\/wp-content\/uploads\/2023\/11\/WhatsApp-Image-2023-11-28-at-00.52.23.jpeg\" alt=\"\" width=\"1000\" height=\"563\" srcset=\"https:\/\/curva1.com.ar\/wp-content\/uploads\/2023\/11\/WhatsApp-Image-2023-11-28-at-00.52.23.jpeg 1000w, https:\/\/curva1.com.ar\/wp-content\/uploads\/2023\/11\/WhatsApp-Image-2023-11-28-at-00.52.23-960x540.jpeg 960w, https:\/\/curva1.com.ar\/wp-content\/uploads\/2023\/11\/WhatsApp-Image-2023-11-28-at-00.52.23-300x169.jpeg 300w, https:\/\/curva1.com.ar\/wp-content\/uploads\/2023\/11\/WhatsApp-Image-2023-11-28-at-00.52.23-768x432.jpeg 768w, https:\/\/curva1.com.ar\/wp-content\/uploads\/2023\/11\/WhatsApp-Image-2023-11-28-at-00.52.23-700x394.jpeg 700w\" sizes=\"auto, (max-width: 1000px) 100vw, 1000px\" \/><\/p>\n<p>Con un trabajo incansable de la comisi\u00f3n organizadora AVE Karting, este domingo lleg\u00f3 a su final el campeonato anual del <strong>Karting Mendocino de asfalto<\/strong>, coronando como <strong>CAMPEONES<\/strong> a:<\/p>\n<ul>\n<li><strong>Brian Lelio<\/strong> &#8211; Infantil<\/li>\n<li><strong>Thiago Pontoni<\/strong> &#8211; Promocional IAME 60<\/li>\n<li><strong>Luciano Blanco<\/strong> &#8211; Promocional 110<\/li>\n<li><strong>Mateo Derimais<\/strong> &#8211; Guerrero 150<\/li>\n<li><strong>Maxi Telo<\/strong> &#8211; Super 4 Tiempos<\/li>\n<li><strong>Facundo Cepeda<\/strong> &#8211; 125 Junior<\/li>\n<li><strong>Uma Secchi<\/strong> &#8211; 125 Senior<\/li>\n<\/ul>\n<p>Se disputaron un total de 8 fechas y solo Uma Secchi se coron\u00f3 en forma anticipada en la fecha 7, haciendo que el resto de las categor\u00edas llegaran al coronaci\u00f3n con definiciones apasionantes!<\/p>\n<p>AVE Karting cierra as\u00ed su primer campeonato como nueva gesti\u00f3n organizadora, donde comenz\u00f3 en la fecha 1 con una grilla de 40 pilotos y le baj\u00f3 el tel\u00f3n al torneo con una fecha coronaci\u00f3n que tuvo 86 karts y con pilotos de varias provincias y Chile que siempre apostaron por el Karting Mendocino.<\/p>\n<p>El pr\u00f3ximo compromiso es la 4\u00b0 edici\u00f3n de la <strong>COPA MENDOZA de Karting<\/strong>, que promete r\u00e9cord de participantes para el 16 y 17 de diciembre. Las clases Super 4 Tiempos y 125 Senior tendr\u00e1n pilotos invitados y hay varios pilotos del automovilismo nacional confirmados para el evento!<\/p>\n<p><img loading=\"lazy\" decoding=\"async\" class=\"aligncenter size-full wp-image-43152\" src=\"http:\/\/curva1.com.ar\/wp-content\/uploads\/2023\/11\/IMG_7661.jpg\" alt=\"\" width=\"1200\" height=\"800\" srcset=\"https:\/\/curva1.com.ar\/wp-content\/uploads\/2023\/11\/IMG_7661.jpg 1200w, https:\/\/curva1.com.ar\/wp-content\/uploads\/2023\/11\/IMG_7661-810x540.jpg 810w, https:\/\/curva1.com.ar\/wp-content\/uploads\/2023\/11\/IMG_7661-768x512.jpg 768w, https:\/\/curva1.com.ar\/wp-content\/uploads\/2023\/11\/IMG_7661-1024x683.jpg 1024w\" sizes=\"auto, (max-width: 1200px) 100vw, 1200px\" \/><\/p>\n<hr \/>\n<h3 style=\"text-align: center;\">\u00a0<a href=\"https:\/\/www.femadmza.com.ar\/2023\/Karting\/info_karting.php?fecha=08\" target=\"_blank\" rel=\"noopener\">RESULTADOS<\/a><\/h3>\n<p style=\"text-align: center;\">Fecha 8<\/p>\n<hr \/>\n<h3 style=\"text-align: center;\">\u2705\u00a0<a href=\"https:\/\/www.femadmza.com.ar\/nueva\/?p=8751\" target=\"_blank\" rel=\"noopener\">CAMPEONATOS FINALES<\/a><\/h3>\n<p style=\"text-align: center;\">v\u00eda FEMAD<\/p>\n<hr \/>\n<h3>INFANTIL<\/h3>\n<p>LELIO SE CORON\u00d3 CAMPE\u00d3N EN LA CATEGOR\u00cdA MENOR<\/p>\n<p><strong>FINAL<\/strong><\/p>\n<table class=\"points\" cellspacing=\"0 px\">\n<tbody>\n<tr>\n<td class=\"s1l\">1<\/td>\n<td class=\"s1r\">14<\/td>\n<td class=\"s1l\">BRIAN LELIO<\/td>\n<td class=\"s1r\">12<\/td>\n<td class=\"s1r\">10:10.858<\/td>\n<td class=\"s1r\"><\/td>\n<td class=\"s1l\"><\/td>\n<\/tr>\n<tr>\n<td class=\"s1l\">2<\/td>\n<td class=\"s1r\">6<\/td>\n<td class=\"s1l\">GALO PONTONI<\/td>\n<td class=\"s1r\">12<\/td>\n<td class=\"s1r\">10:13.213<\/td>\n<td class=\"s1r\">2.355<\/td>\n<td class=\"s1l\"><\/td>\n<\/tr>\n<tr>\n<td class=\"s1l\">3<\/td>\n<td class=\"s1r\">46<\/td>\n<td class=\"s1l\">VALENTINO CANNIZO<\/td>\n<td class=\"s1r\">12<\/td>\n<td class=\"s1r\">10:30.891<\/td>\n<td class=\"s1r\">20.033<\/td>\n<td class=\"s1l\"><\/td>\n<\/tr>\n<tr>\n<td class=\"s1l\">4<\/td>\n<td class=\"s1r\">24<\/td>\n<td class=\"s1l\">GIOVANNI GERARDI<\/td>\n<td class=\"s1r\">12<\/td>\n<td class=\"s1r\">10:52.264<\/td>\n<td class=\"s1r\">41.406<\/td>\n<td class=\"s1l\"><\/td>\n<\/tr>\n<tr>\n<td class=\"s1l\">5<\/td>\n<td class=\"s1r\">23<\/td>\n<td class=\"s1l\">DAMIAN WEIMBERG<\/td>\n<td class=\"s1r\">12<\/td>\n<td class=\"s1r\">11:00.639<\/td>\n<td class=\"s1r\">49.781<\/td>\n<td class=\"s1l\"><\/td>\n<\/tr>\n<tr>\n<td class=\"s1l\">6<\/td>\n<td class=\"s1r\">9<\/td>\n<td class=\"s1l\">MATEO SANTANDER<\/td>\n<td class=\"s1r\">11<\/td>\n<td class=\"s1r\">10:25.120<\/td>\n<td class=\"s1r\">1 Vuelta<\/td>\n<td class=\"s1l\"><\/td>\n<\/tr>\n<tr>\n<td class=\"s1l\">7<\/td>\n<td class=\"s1r\">19<\/td>\n<td class=\"s1l\">JOSUE MARTOS<\/td>\n<td class=\"s1r\">10<\/td>\n<td class=\"s1r\">10:21.999<\/td>\n<td class=\"s1r\">2 Vueltas<\/td>\n<td class=\"s1l\"><\/td>\n<\/tr>\n<tr>\n<td class=\"s1l\">8<\/td>\n<td class=\"s2r\">55<\/td>\n<td class=\"s1l\">FRANCISCO ISOLER<\/td>\n<td class=\"s1r\">6<\/td>\n<td class=\"s1r\">5:01.547<\/td>\n<td class=\"s1r\">6 Vueltas<\/td>\n<td class=\"s1l\"><\/td>\n<\/tr>\n<\/tbody>\n<\/table>\n<p><img loading=\"lazy\" decoding=\"async\" class=\"aligncenter size-full wp-image-43159\" src=\"http:\/\/curva1.com.ar\/wp-content\/uploads\/2023\/11\/IMG_7720.jpg\" alt=\"\" width=\"1200\" height=\"800\" srcset=\"https:\/\/curva1.com.ar\/wp-content\/uploads\/2023\/11\/IMG_7720.jpg 1200w, https:\/\/curva1.com.ar\/wp-content\/uploads\/2023\/11\/IMG_7720-810x540.jpg 810w, https:\/\/curva1.com.ar\/wp-content\/uploads\/2023\/11\/IMG_7720-768x512.jpg 768w, https:\/\/curva1.com.ar\/wp-content\/uploads\/2023\/11\/IMG_7720-1024x683.jpg 1024w\" sizes=\"auto, (max-width: 1200px) 100vw, 1200px\" \/><\/p>\n<hr \/>\n<h3>PROMOCIONAL IAME 60<\/h3>\n<p>GAN\u00d3 STORNI Y THIAGO PONTONI ES EL CAMPE\u00d3N<\/p>\n<p><strong>FINAL<\/strong><\/p>\n<table class=\"points\" cellspacing=\"0 px\">\n<tbody>\n<tr>\n<td class=\"s1l\">1<\/td>\n<td class=\"s1r\">1<\/td>\n<td class=\"s1l\">MATEO ALVAREZ STORNI<\/td>\n<td class=\"s1r\">16<\/td>\n<td class=\"s1r\">13:00.485<\/td>\n<td class=\"s1r\"><\/td>\n<td class=\"s1l\"><\/td>\n<\/tr>\n<tr>\n<td class=\"s1l\">2<\/td>\n<td class=\"s1r\">4<\/td>\n<td class=\"s1l\">LORENZO MARTIN<\/td>\n<td class=\"s1r\">16<\/td>\n<td class=\"s1r\">13:10.315<\/td>\n<td class=\"s1r\">9.830<\/td>\n<td class=\"s1l\"><\/td>\n<\/tr>\n<tr>\n<td class=\"s1l\">3<\/td>\n<td class=\"s1r\">3<\/td>\n<td class=\"s1l\">JUANI PEREIRA<\/td>\n<td class=\"s1r\">16<\/td>\n<td class=\"s1r\">13:10.966<\/td>\n<td class=\"s1r\">10.481<\/td>\n<td class=\"s1l\"><\/td>\n<\/tr>\n<tr>\n<td class=\"s1l\">4<\/td>\n<td class=\"s1r\">2<\/td>\n<td class=\"s1l\">THIAGO PONTONI<\/td>\n<td class=\"s1r\">16<\/td>\n<td class=\"s1r\">13:11.243<\/td>\n<td class=\"s1r\">10.758<\/td>\n<td class=\"s1l\"><\/td>\n<\/tr>\n<tr>\n<td class=\"s1l\">5<\/td>\n<td class=\"s1r\">5<\/td>\n<td class=\"s1l\">BAUTISTA VEGA<\/td>\n<td class=\"s1r\">16<\/td>\n<td class=\"s1r\">13:18.581<\/td>\n<td class=\"s1r\">18.096<\/td>\n<td class=\"s1l\"><\/td>\n<\/tr>\n<tr>\n<td class=\"s1l\">6<\/td>\n<td class=\"s1r\">12<\/td>\n<td class=\"s1l\">MARTIN TORRECILLA<\/td>\n<td class=\"s1r\">15<\/td>\n<td class=\"s1r\">13:01.261<\/td>\n<td class=\"s1r\">1 Vuelta<\/td>\n<td class=\"s1l\"><\/td>\n<\/tr>\n<tr>\n<td class=\"s1l\">7<\/td>\n<td class=\"s1r\">99<\/td>\n<td class=\"s1l\">VALENTINO BOCELLI<\/td>\n<td class=\"s1r\">13<\/td>\n<td class=\"s1r\">11:02.582<\/td>\n<td class=\"s1r\">3 Vueltas<\/td>\n<td class=\"s1l\"><\/td>\n<\/tr>\n<\/tbody>\n<\/table>\n<p><img loading=\"lazy\" decoding=\"async\" class=\"aligncenter size-full wp-image-43160\" src=\"http:\/\/curva1.com.ar\/wp-content\/uploads\/2023\/11\/IMG_7685.jpg\" alt=\"\" width=\"1200\" height=\"800\" srcset=\"https:\/\/curva1.com.ar\/wp-content\/uploads\/2023\/11\/IMG_7685.jpg 1200w, https:\/\/curva1.com.ar\/wp-content\/uploads\/2023\/11\/IMG_7685-810x540.jpg 810w, https:\/\/curva1.com.ar\/wp-content\/uploads\/2023\/11\/IMG_7685-768x512.jpg 768w, https:\/\/curva1.com.ar\/wp-content\/uploads\/2023\/11\/IMG_7685-1024x683.jpg 1024w\" sizes=\"auto, (max-width: 1200px) 100vw, 1200px\" \/><\/p>\n<hr \/>\n<h3>PROMOCIONAL 110<\/h3>\n<p>BLANCO FUE IMPARABLE Y CONFIRM\u00d3 SU T\u00cdTULO ANUAL<\/p>\n<p><strong>FINAL<\/strong><\/p>\n<table class=\"points\" cellspacing=\"0 px\">\n<tbody>\n<tr>\n<td class=\"s1l\">1<\/td>\n<td class=\"s1r\">109<\/td>\n<td class=\"s1l\">LUCIANO BLANCO<\/td>\n<td class=\"s1r\">16<\/td>\n<td class=\"s1r\">13:08.074<\/td>\n<td class=\"s1r\"><\/td>\n<td class=\"s1l\"><\/td>\n<\/tr>\n<tr>\n<td class=\"s1l\">2<\/td>\n<td class=\"s1r\">46<\/td>\n<td class=\"s1l\">ANGELO ALTIERI<\/td>\n<td class=\"s1r\">16<\/td>\n<td class=\"s1r\">13:16.773<\/td>\n<td class=\"s1r\">8.699<\/td>\n<td class=\"s1l\"><\/td>\n<\/tr>\n<tr>\n<td class=\"s1l\">3<\/td>\n<td class=\"s1r\">12<\/td>\n<td class=\"s1l\">LAUTARO SABIO<\/td>\n<td class=\"s1r\">16<\/td>\n<td class=\"s1r\">13:17.700<\/td>\n<td class=\"s1r\">9.626<\/td>\n<td class=\"s1l\"><\/td>\n<\/tr>\n<tr>\n<td class=\"s1l\">4<\/td>\n<td class=\"s1r\">15<\/td>\n<td class=\"s1l\">BRIANA ROMEO<\/td>\n<td class=\"s1r\">16<\/td>\n<td class=\"s1r\">13:26.009<\/td>\n<td class=\"s1r\">17.935<\/td>\n<td class=\"s1l\"><\/td>\n<\/tr>\n<tr>\n<td class=\"s1l\">5<\/td>\n<td class=\"s1r\">129<\/td>\n<td class=\"s1l\">MAURO SANTIBA\u00d1EZ<\/td>\n<td class=\"s1r\">14<\/td>\n<td class=\"s1r\">12:13.755<\/td>\n<td class=\"s1r\">2 Vueltas<\/td>\n<td class=\"s1l\"><\/td>\n<\/tr>\n<\/tbody>\n<\/table>\n<p><img loading=\"lazy\" decoding=\"async\" class=\"aligncenter size-full wp-image-43161\" src=\"http:\/\/curva1.com.ar\/wp-content\/uploads\/2023\/11\/IMG_7699.jpg\" alt=\"\" width=\"1200\" height=\"800\" srcset=\"https:\/\/curva1.com.ar\/wp-content\/uploads\/2023\/11\/IMG_7699.jpg 1200w, https:\/\/curva1.com.ar\/wp-content\/uploads\/2023\/11\/IMG_7699-810x540.jpg 810w, https:\/\/curva1.com.ar\/wp-content\/uploads\/2023\/11\/IMG_7699-768x512.jpg 768w, https:\/\/curva1.com.ar\/wp-content\/uploads\/2023\/11\/IMG_7699-1024x683.jpg 1024w\" sizes=\"auto, (max-width: 1200px) 100vw, 1200px\" \/><\/p>\n<hr \/>\n<h3>GUERRERO 150<\/h3>\n<p>MATEO DERIMAIS OBTUVO SU PRIMERA CORONA<\/p>\n<p><strong>FINAL<\/strong><\/p>\n<table class=\"points\" cellspacing=\"0 px\">\n<tbody>\n<tr>\n<td class=\"s1l\">1<\/td>\n<td class=\"s1r\">2<\/td>\n<td class=\"s1l\">MATEO DERIMAIS<\/td>\n<td class=\"s1r\">16<\/td>\n<td class=\"s1r\">12:57.975<\/td>\n<td class=\"s1r\"><\/td>\n<td class=\"s1l\"><\/td>\n<\/tr>\n<tr>\n<td class=\"s1l\">2<\/td>\n<td class=\"s1r\">4<\/td>\n<td class=\"s1l\">MATIAS BORSANI<\/td>\n<td class=\"s1r\">16<\/td>\n<td class=\"s1r\">13:01.907<\/td>\n<td class=\"s1r\">3.932<\/td>\n<td class=\"s1l\"><\/td>\n<\/tr>\n<tr>\n<td class=\"s1l\">3<\/td>\n<td class=\"s1r\">81<\/td>\n<td class=\"s1l\">CAMILO SALAS<\/td>\n<td class=\"s1r\">16<\/td>\n<td class=\"s1r\">13:06.365<\/td>\n<td class=\"s1r\">8.390<\/td>\n<td class=\"s1l\"><\/td>\n<\/tr>\n<tr>\n<td class=\"s1l\">4<\/td>\n<td class=\"s1r\">32<\/td>\n<td class=\"s1l\">NICOLAS ANGELICO<\/td>\n<td class=\"s1r\">16<\/td>\n<td class=\"s1r\">13:07.619<\/td>\n<td class=\"s1r\">9.644<\/td>\n<td class=\"s1l\"><\/td>\n<\/tr>\n<tr>\n<td class=\"s1l\">5<\/td>\n<td class=\"s1r\">1<\/td>\n<td class=\"s1l\">NICOLAS SABIO<\/td>\n<td class=\"s1r\">16<\/td>\n<td class=\"s1r\">13:09.644<\/td>\n<td class=\"s1r\">11.669<\/td>\n<td class=\"s1l\"><\/td>\n<\/tr>\n<tr>\n<td class=\"s1l\">6<\/td>\n<td class=\"s1r\">89<\/td>\n<td class=\"s1l\">LUCAS ZARATEGUI<\/td>\n<td class=\"s1r\">16<\/td>\n<td class=\"s1r\">13:13.427<\/td>\n<td class=\"s1r\">15.452<\/td>\n<td class=\"s1l\"><\/td>\n<\/tr>\n<tr>\n<td class=\"s1l\">7<\/td>\n<td class=\"s1r\">9<\/td>\n<td class=\"s1l\">JOAQUIN GUARDIA<\/td>\n<td class=\"s1r\">16<\/td>\n<td class=\"s1r\">13:15.526<\/td>\n<td class=\"s1r\">17.551<\/td>\n<td class=\"s1l\"><\/td>\n<\/tr>\n<tr>\n<td class=\"s1l\">8<\/td>\n<td class=\"s1r\">177<\/td>\n<td class=\"s1l\">LAUTARO PASTOR<\/td>\n<td class=\"s1r\">16<\/td>\n<td class=\"s1r\">13:17.650<\/td>\n<td class=\"s1r\">19.675<\/td>\n<td class=\"s1l\"><\/td>\n<\/tr>\n<tr>\n<td class=\"s1l\">9<\/td>\n<td class=\"s1r\">21<\/td>\n<td class=\"s1l\">OMAR SANTIAGO ORTEGA<\/td>\n<td class=\"s1r\">16<\/td>\n<td class=\"s1r\">13:20.245<\/td>\n<td class=\"s1r\">22.270<\/td>\n<td class=\"s1l\"><\/td>\n<\/tr>\n<tr>\n<td class=\"s1l\">10<\/td>\n<td class=\"s1r\">47<\/td>\n<td class=\"s1l\">LAUTARO CHAPLA<\/td>\n<td class=\"s1r\">16<\/td>\n<td class=\"s1r\">13:20.509<\/td>\n<td class=\"s1r\">22.534<\/td>\n<td class=\"s1l\"><\/td>\n<\/tr>\n<tr>\n<td class=\"s1l\">11<\/td>\n<td class=\"s1r\">75<\/td>\n<td class=\"s1l\">GIANLUCA DI MARCO<\/td>\n<td class=\"s1r\">16<\/td>\n<td class=\"s1r\">13:20.696<\/td>\n<td class=\"s1r\">22.721<\/td>\n<td class=\"s1l\"><\/td>\n<\/tr>\n<tr>\n<td class=\"s1l\">12<\/td>\n<td class=\"s1r\">51<\/td>\n<td class=\"s1l\">YAMIL MANSUR<\/td>\n<td class=\"s1r\">15<\/td>\n<td class=\"s1r\">12:59.979<\/td>\n<td class=\"s1r\">1 Vuelta<\/td>\n<td class=\"s1l\"><\/td>\n<\/tr>\n<tr>\n<td class=\"s1l\">13<\/td>\n<td class=\"s1r\">77<\/td>\n<td class=\"s1l\">ARIEL TEJADA<\/td>\n<td class=\"s1r\">15<\/td>\n<td class=\"s1r\">13:25.660<\/td>\n<td class=\"s1r\">1 Vuelta<\/td>\n<td class=\"s1l\"><\/td>\n<\/tr>\n<tr>\n<td class=\"s1l\">14<\/td>\n<td class=\"s1r\">68<\/td>\n<td class=\"s1l\">BAUSTISTA PEREZ<\/td>\n<td class=\"s1r\">14<\/td>\n<td class=\"s1r\">13:14.963<\/td>\n<td class=\"s1r\">2 Vueltas<\/td>\n<td class=\"s1l\"><\/td>\n<\/tr>\n<tr>\n<td class=\"s1l\">15<\/td>\n<td class=\"s1r\">67<\/td>\n<td class=\"s1l\">MARIA FATIMA RUIZ<\/td>\n<td class=\"s1r\">13<\/td>\n<td class=\"s1r\">13:03.111<\/td>\n<td class=\"s1r\">3 Vueltas<\/td>\n<td class=\"s1l\"><\/td>\n<\/tr>\n<tr>\n<td class=\"s1l\">16<\/td>\n<td class=\"s1r\">5<\/td>\n<td class=\"s1l\">PAULO CIAFRELLI<\/td>\n<td class=\"s1r\">5<\/td>\n<td class=\"s1r\">4:38.663<\/td>\n<td class=\"s1r\">11 Vueltas<\/td>\n<td class=\"s1l\"><\/td>\n<\/tr>\n<tr>\n<td class=\"s1l\">17<\/td>\n<td class=\"s1r\">73<\/td>\n<td class=\"s1l\">BRIANA PALAU<\/td>\n<td class=\"s1r\">2<\/td>\n<td class=\"s1r\">2:19.298<\/td>\n<td class=\"s1r\">14 Vueltas<\/td>\n<td class=\"s1l\"><\/td>\n<\/tr>\n<tr>\n<td class=\"s1l\">18<\/td>\n<td class=\"s1r\">24<\/td>\n<td class=\"s1l\">LUCAS QUISTAPACE<\/td>\n<td class=\"s1r\"><\/td>\n<td class=\"s1r\"><\/td>\n<td class=\"s1r\"><\/td>\n<td class=\"s1l\"><\/td>\n<\/tr>\n<\/tbody>\n<\/table>\n<p><img loading=\"lazy\" decoding=\"async\" class=\"aligncenter size-full wp-image-43157\" src=\"http:\/\/curva1.com.ar\/wp-content\/uploads\/2023\/11\/IMG_7756.jpg\" alt=\"\" width=\"1200\" height=\"800\" srcset=\"https:\/\/curva1.com.ar\/wp-content\/uploads\/2023\/11\/IMG_7756.jpg 1200w, https:\/\/curva1.com.ar\/wp-content\/uploads\/2023\/11\/IMG_7756-810x540.jpg 810w, https:\/\/curva1.com.ar\/wp-content\/uploads\/2023\/11\/IMG_7756-768x512.jpg 768w, https:\/\/curva1.com.ar\/wp-content\/uploads\/2023\/11\/IMG_7756-1024x683.jpg 1024w\" sizes=\"auto, (max-width: 1200px) 100vw, 1200px\" \/><\/p>\n<hr \/>\n<h3>390 L\u00dcSQTOFF<\/h3>\n<p>JAVIER ISOLER ES EL PRIMER GANADOR<\/p>\n<p><strong>FINAL<\/strong><\/p>\n<table class=\"points\" cellspacing=\"0 px\">\n<tbody>\n<tr>\n<td class=\"s1l\">1<\/td>\n<td class=\"s1r\">27<\/td>\n<td class=\"s1l\">JAVIER ISOLER<\/td>\n<td class=\"s1r\">50.072<\/td>\n<td class=\"s1r\">5<\/td>\n<td class=\"s1r\"><\/td>\n<td class=\"s1l\"><\/td>\n<\/tr>\n<tr>\n<td class=\"s1l\">2<\/td>\n<td class=\"s1r\">7<\/td>\n<td class=\"s1l\">CARLOS LINARES<\/td>\n<td class=\"s1r\">50.808<\/td>\n<td class=\"s1r\">3<\/td>\n<td class=\"s1r\">0.736<\/td>\n<td class=\"s1l\"><\/td>\n<\/tr>\n<tr>\n<td class=\"s1l\">3<\/td>\n<td class=\"s1r\">53<\/td>\n<td class=\"s1l\">MARIO DANIEL ZAPATA<\/td>\n<td class=\"s1r\">51.124<\/td>\n<td class=\"s1r\">1<\/td>\n<td class=\"s1r\">1.052<\/td>\n<td class=\"s1l\"><\/td>\n<\/tr>\n<tr>\n<td class=\"s1l\">4<\/td>\n<td class=\"s1r\">72<\/td>\n<td class=\"s1l\">FRANCISCO FESTA<\/td>\n<td class=\"s1r\">51.458<\/td>\n<td class=\"s1r\">2<\/td>\n<td class=\"s1r\">1.386<\/td>\n<td class=\"s1l\"><\/td>\n<\/tr>\n<tr>\n<td class=\"s1l\">5<\/td>\n<td class=\"s1r\">44<\/td>\n<td class=\"s1l\">JOSE BURGOS<\/td>\n<td class=\"s1r\">51.508<\/td>\n<td class=\"s1r\">5<\/td>\n<td class=\"s1r\">1.436<\/td>\n<td class=\"s1l\"><\/td>\n<\/tr>\n<tr>\n<td class=\"s1l\">6<\/td>\n<td class=\"s1r\">81<\/td>\n<td class=\"s1l\">JORGE LUIS ASTRUDILLO<\/td>\n<td class=\"s1r\">52.865<\/td>\n<td class=\"s1r\">1<\/td>\n<td class=\"s1r\">2.793<\/td>\n<td class=\"s1l\"><\/td>\n<\/tr>\n<tr>\n<td class=\"s1l\">7<\/td>\n<td class=\"s1r\">16<\/td>\n<td class=\"s1l\">GUIDO SCALABRELLI<\/td>\n<td class=\"s1r\">54.903<\/td>\n<td class=\"s1r\">5<\/td>\n<td class=\"s1r\">4.831<\/td>\n<td class=\"s1l\"><\/td>\n<\/tr>\n<\/tbody>\n<\/table>\n<p><img loading=\"lazy\" decoding=\"async\" class=\"aligncenter size-full wp-image-43158\" src=\"http:\/\/curva1.com.ar\/wp-content\/uploads\/2023\/11\/IMG_7739.jpg\" alt=\"\" width=\"1200\" height=\"800\" srcset=\"https:\/\/curva1.com.ar\/wp-content\/uploads\/2023\/11\/IMG_7739.jpg 1200w, https:\/\/curva1.com.ar\/wp-content\/uploads\/2023\/11\/IMG_7739-810x540.jpg 810w, https:\/\/curva1.com.ar\/wp-content\/uploads\/2023\/11\/IMG_7739-768x512.jpg 768w, https:\/\/curva1.com.ar\/wp-content\/uploads\/2023\/11\/IMG_7739-1024x683.jpg 1024w\" sizes=\"auto, (max-width: 1200px) 100vw, 1200px\" \/><\/p>\n<hr \/>\n<h3>SUPER 4 TIEMPOS<\/h3>\n<p>POR MEDIO PUNTO, MAXI TELO SE LLEV\u00d3 EL T\u00cdTULO<\/p>\n<p><strong>FINAL<\/strong><\/p>\n<table class=\"points\" cellspacing=\"0 px\">\n<tbody>\n<tr>\n<td class=\"s1l\">1<\/td>\n<td class=\"s1r\">10<\/td>\n<td class=\"s1l\">IVAN VECCHETI<\/td>\n<td class=\"s1r\">16<\/td>\n<td class=\"s1r\">12:47.002<\/td>\n<td class=\"s1r\"><\/td>\n<td class=\"s1l\"><\/td>\n<\/tr>\n<tr>\n<td class=\"s1l\">2<\/td>\n<td class=\"s1r\">1<\/td>\n<td class=\"s1l\">MAXIMILIANO TELO<\/td>\n<td class=\"s1r\">16<\/td>\n<td class=\"s1r\">12:50.924<\/td>\n<td class=\"s1r\">3.922<\/td>\n<td class=\"s1l\"><\/td>\n<\/tr>\n<tr>\n<td class=\"s1l\">3<\/td>\n<td class=\"s1r\">45<\/td>\n<td class=\"s1l\">AGUSTIN TORRENT<\/td>\n<td class=\"s1r\">16<\/td>\n<td class=\"s1r\">12:53.245<\/td>\n<td class=\"s1r\">6.243<\/td>\n<td class=\"s1l\"><\/td>\n<\/tr>\n<tr>\n<td class=\"s1l\">4<\/td>\n<td class=\"s1r\">7<\/td>\n<td class=\"s1l\">RAMIRO TORRECILLA<\/td>\n<td class=\"s1r\">16<\/td>\n<td class=\"s1r\">12:53.880<\/td>\n<td class=\"s1r\">6.878<\/td>\n<td class=\"s1l\"><\/td>\n<\/tr>\n<tr>\n<td class=\"s1l\">5<\/td>\n<td class=\"s1r\">3<\/td>\n<td class=\"s1l\">NICOLAS GIRADO<\/td>\n<td class=\"s1r\">16<\/td>\n<td class=\"s1r\">12:55.448<\/td>\n<td class=\"s1r\">8.446<\/td>\n<td class=\"s1l\">Apercibimiento.<\/td>\n<\/tr>\n<tr>\n<td class=\"s1l\">6<\/td>\n<td class=\"s1r\">12<\/td>\n<td class=\"s1l\">VICTOR IMBURGIA<\/td>\n<td class=\"s1r\">16<\/td>\n<td class=\"s1r\">12:58.105<\/td>\n<td class=\"s1r\">11.103<\/td>\n<td class=\"s1l\"><\/td>\n<\/tr>\n<tr>\n<td class=\"s1l\">7<\/td>\n<td class=\"s1r\">169<\/td>\n<td class=\"s1l\">MARTIN GRANGETTO<\/td>\n<td class=\"s1r\">16<\/td>\n<td class=\"s1r\">13:01.317<\/td>\n<td class=\"s1r\">14.315<\/td>\n<td class=\"s1l\"><\/td>\n<\/tr>\n<tr>\n<td class=\"s1l\">8<\/td>\n<td class=\"s1r\">70<\/td>\n<td class=\"s1l\">DIEGO NICOLAS MAURO<\/td>\n<td class=\"s1r\">16<\/td>\n<td class=\"s1r\">13:02.929<\/td>\n<td class=\"s1r\">15.927<\/td>\n<td class=\"s1l\"><\/td>\n<\/tr>\n<tr>\n<td class=\"s1l\">9<\/td>\n<td class=\"s1r\">75<\/td>\n<td class=\"s1l\">GABRIEL DAMICO<\/td>\n<td class=\"s1r\">16<\/td>\n<td class=\"s1r\">13:00.948<\/td>\n<td class=\"s1r\">13.946<\/td>\n<td class=\"s1l\">Recargo por MAD a Kart 70.<\/td>\n<\/tr>\n<tr>\n<td class=\"s1l\">10<\/td>\n<td class=\"s1r\">99<\/td>\n<td class=\"s1l\">VALENTIN APARO<\/td>\n<td class=\"s1r\">16<\/td>\n<td class=\"s1r\">13:04.159<\/td>\n<td class=\"s1r\">17.157<\/td>\n<td class=\"s1l\"><\/td>\n<\/tr>\n<tr>\n<td class=\"s1l\">11<\/td>\n<td class=\"s1r\">25<\/td>\n<td class=\"s1l\">PABLO ABALOS<\/td>\n<td class=\"s1r\">16<\/td>\n<td class=\"s1r\">13:07.474<\/td>\n<td class=\"s1r\">20.472<\/td>\n<td class=\"s1l\"><\/td>\n<\/tr>\n<tr>\n<td class=\"s1l\">12<\/td>\n<td class=\"s1r\">88<\/td>\n<td class=\"s1l\">TULIO ISMAEL<\/td>\n<td class=\"s1r\">9<\/td>\n<td class=\"s1r\">7:17.279<\/td>\n<td class=\"s1r\">7 Vueltas<\/td>\n<td class=\"s1l\"><\/td>\n<\/tr>\n<tr>\n<td class=\"s1l\">13<\/td>\n<td class=\"s1r\">130<\/td>\n<td class=\"s1l\">HERNAN ALTIERI<\/td>\n<td class=\"s1r\">8<\/td>\n<td class=\"s1r\">6:49.510<\/td>\n<td class=\"s1r\">8 Vueltas<\/td>\n<td class=\"s1l\"><\/td>\n<\/tr>\n<tr>\n<td class=\"s1l\">14<\/td>\n<td class=\"s1r\">15<\/td>\n<td class=\"s1l\">MATIAS NACIF<\/td>\n<td class=\"s1r\">8<\/td>\n<td class=\"s1r\">7:00.546<\/td>\n<td class=\"s1r\">8 Vueltas<\/td>\n<td class=\"s1l\"><\/td>\n<\/tr>\n<tr>\n<td class=\"s1l\">15<\/td>\n<td class=\"s1r\">47<\/td>\n<td class=\"s1l\">RENZO SABATINI<\/td>\n<td class=\"s1r\">5<\/td>\n<td class=\"s1r\">4:20.465<\/td>\n<td class=\"s1r\">11 Vueltas<\/td>\n<td class=\"s1l\"><\/td>\n<\/tr>\n<tr>\n<td class=\"s1l\">16<\/td>\n<td class=\"s1r\">18<\/td>\n<td class=\"s1l\">NICOLAS TEJADA<\/td>\n<td class=\"s1r\">2<\/td>\n<td class=\"s1r\">1:57.418<\/td>\n<td class=\"s1r\">14 Vueltas<\/td>\n<td class=\"s1l\"><\/td>\n<\/tr>\n<tr>\n<td class=\"s1l\">17<\/td>\n<td class=\"s1r\">57<\/td>\n<td class=\"s1l\">LEANDRO MAGALLANES<\/td>\n<td class=\"s1r\">2<\/td>\n<td class=\"s1r\">2:01.360<\/td>\n<td class=\"s1r\">14 Vueltas<\/td>\n<td class=\"s1l\"><\/td>\n<\/tr>\n<tr>\n<td class=\"s1l\">18<\/td>\n<td class=\"s1r\">9<\/td>\n<td class=\"s1l\">VICTOR VI\u00d1OLO<\/td>\n<td class=\"s1r\">2<\/td>\n<td class=\"s1r\">2:01.789<\/td>\n<td class=\"s1r\">14 Vueltas<\/td>\n<td class=\"s1l\"><\/td>\n<\/tr>\n<tr>\n<td class=\"s1l\">19<\/td>\n<td class=\"s1r\">63<\/td>\n<td class=\"s1l\">SANTIAGO RIVERO<\/td>\n<td class=\"s1r\">2<\/td>\n<td class=\"s1r\">2:13.156<\/td>\n<td class=\"s1r\">14 Vueltas<\/td>\n<td class=\"s1l\"><\/td>\n<\/tr>\n<tr>\n<td class=\"s1l\">20<\/td>\n<td class=\"s1r\">47<\/td>\n<td class=\"s1l\">RENZO SABATINI<\/td>\n<td class=\"s1r\"><\/td>\n<td class=\"s1r\"><\/td>\n<td class=\"s1r\"><\/td>\n<td class=\"s1l\"><\/td>\n<\/tr>\n<tr>\n<td class=\"s1l\">21<\/td>\n<td class=\"s1r\">833<\/td>\n<td class=\"s1l\">NICOLAS CARRIO<\/td>\n<td class=\"s1r\"><\/td>\n<td class=\"s1r\"><\/td>\n<td class=\"s1r\"><\/td>\n<td class=\"s1l\"><\/td>\n<\/tr>\n<tr>\n<td class=\"s1l\">22<\/td>\n<td class=\"s1r\">151<\/td>\n<td class=\"s1l\">EDGARDO QUISTAPACE<\/td>\n<td class=\"s1r\"><\/td>\n<td class=\"s1r\"><\/td>\n<td class=\"s1r\"><\/td>\n<td class=\"s1l\"><\/td>\n<\/tr>\n<tr>\n<td class=\"s1l\">EX<\/td>\n<td class=\"s1r\">68<\/td>\n<td class=\"s1l\">EMMANUEL MOLE<\/td>\n<td class=\"s1r\">4<\/td>\n<td class=\"s1r\">3:35.351<\/td>\n<td class=\"s1r\">EX<\/td>\n<td class=\"s1l\">Excluido por MAD a Kart 9<\/td>\n<\/tr>\n<\/tbody>\n<\/table>\n<p><img loading=\"lazy\" decoding=\"async\" class=\"aligncenter size-full wp-image-43156\" src=\"http:\/\/curva1.com.ar\/wp-content\/uploads\/2023\/11\/IMG_7803.jpg\" alt=\"\" width=\"1200\" height=\"800\" srcset=\"https:\/\/curva1.com.ar\/wp-content\/uploads\/2023\/11\/IMG_7803.jpg 1200w, https:\/\/curva1.com.ar\/wp-content\/uploads\/2023\/11\/IMG_7803-810x540.jpg 810w, https:\/\/curva1.com.ar\/wp-content\/uploads\/2023\/11\/IMG_7803-768x512.jpg 768w, https:\/\/curva1.com.ar\/wp-content\/uploads\/2023\/11\/IMG_7803-1024x683.jpg 1024w\" sizes=\"auto, (max-width: 1200px) 100vw, 1200px\" \/><\/p>\n<hr \/>\n<h3>125 JUNIOR<\/h3>\n<p>GAN\u00d3 YACOBUCCI Y FACUNDO CEPEDA ES CAMPE\u00d3N<\/p>\n<p><strong>FINAL<\/strong><\/p>\n<table class=\"points\" cellspacing=\"0 px\">\n<tbody>\n<tr>\n<td class=\"s1l\">1<\/td>\n<td class=\"s1r\">44<\/td>\n<td class=\"s1l\">THIAGO YACOBUCCI<\/td>\n<td class=\"s1r\">16<\/td>\n<td class=\"s1r\">11:55.193<\/td>\n<td class=\"s1r\"><\/td>\n<td class=\"s1l\"><\/td>\n<\/tr>\n<tr>\n<td class=\"s1l\">2<\/td>\n<td class=\"s1r\">4<\/td>\n<td class=\"s1l\">FACUNDO CEPEDA<\/td>\n<td class=\"s1r\">16<\/td>\n<td class=\"s1r\">11:58.872<\/td>\n<td class=\"s1r\">3.679<\/td>\n<td class=\"s1l\"><\/td>\n<\/tr>\n<tr>\n<td class=\"s1l\">3<\/td>\n<td class=\"s1r\">17<\/td>\n<td class=\"s1l\">LAUTARO CAMPIONE<\/td>\n<td class=\"s1r\">16<\/td>\n<td class=\"s1r\">12:04.246<\/td>\n<td class=\"s1r\">9.053<\/td>\n<td class=\"s1l\"><\/td>\n<\/tr>\n<tr>\n<td class=\"s1l\">4<\/td>\n<td class=\"s1r\">71<\/td>\n<td class=\"s1l\">VALENTIN PALAU<\/td>\n<td class=\"s1r\">16<\/td>\n<td class=\"s1r\">12:05.409<\/td>\n<td class=\"s1r\">10.216<\/td>\n<td class=\"s1l\"><\/td>\n<\/tr>\n<tr>\n<td class=\"s1l\">5<\/td>\n<td class=\"s1r\">122<\/td>\n<td class=\"s1l\">EFRAIN CASTRO<\/td>\n<td class=\"s1r\">16<\/td>\n<td class=\"s1r\">12:08.667<\/td>\n<td class=\"s1r\">13.474<\/td>\n<td class=\"s1l\">APERCIBIMINETO<\/td>\n<\/tr>\n<tr>\n<td class=\"s1l\">6<\/td>\n<td class=\"s1r\">07<\/td>\n<td class=\"s1l\">MATEO REINOSO<\/td>\n<td class=\"s1r\">16<\/td>\n<td class=\"s1r\">12:35.322<\/td>\n<td class=\"s1r\">40.129<\/td>\n<td class=\"s1l\"><\/td>\n<\/tr>\n<tr>\n<td class=\"s1l\">7<\/td>\n<td class=\"s1r\">99<\/td>\n<td class=\"s1l\">VALENTINO BOCELLI<\/td>\n<td class=\"s1r\">15<\/td>\n<td class=\"s1r\">12:26.784<\/td>\n<td class=\"s1r\">1 Vuelta<\/td>\n<td class=\"s1l\"><\/td>\n<\/tr>\n<\/tbody>\n<\/table>\n<p><img loading=\"lazy\" decoding=\"async\" class=\"aligncenter size-full wp-image-43154\" src=\"http:\/\/curva1.com.ar\/wp-content\/uploads\/2023\/11\/IMG_2299-2.jpg\" alt=\"\" width=\"1200\" height=\"800\" srcset=\"https:\/\/curva1.com.ar\/wp-content\/uploads\/2023\/11\/IMG_2299-2.jpg 1200w, https:\/\/curva1.com.ar\/wp-content\/uploads\/2023\/11\/IMG_2299-2-810x540.jpg 810w, https:\/\/curva1.com.ar\/wp-content\/uploads\/2023\/11\/IMG_2299-2-768x512.jpg 768w, https:\/\/curva1.com.ar\/wp-content\/uploads\/2023\/11\/IMG_2299-2-1024x683.jpg 1024w\" sizes=\"auto, (max-width: 1200px) 100vw, 1200px\" \/><img loading=\"lazy\" decoding=\"async\" class=\"aligncenter size-full wp-image-43153\" src=\"http:\/\/curva1.com.ar\/wp-content\/uploads\/2023\/11\/IMG_7779.jpg\" alt=\"\" width=\"1200\" height=\"800\" srcset=\"https:\/\/curva1.com.ar\/wp-content\/uploads\/2023\/11\/IMG_7779.jpg 1200w, https:\/\/curva1.com.ar\/wp-content\/uploads\/2023\/11\/IMG_7779-810x540.jpg 810w, https:\/\/curva1.com.ar\/wp-content\/uploads\/2023\/11\/IMG_7779-768x512.jpg 768w, https:\/\/curva1.com.ar\/wp-content\/uploads\/2023\/11\/IMG_7779-1024x683.jpg 1024w\" sizes=\"auto, (max-width: 1200px) 100vw, 1200px\" \/><\/p>\n<hr \/>\n<h3>125 SENIOR<\/h3>\n<p>CON UMA SECCHI CORONADA, GAN\u00d3 LUCIANO VICINO<\/p>\n<p><strong>FINAL<\/strong><\/p>\n<table class=\"points\" cellspacing=\"0 px\">\n<tbody>\n<tr>\n<td class=\"s1l\">1<\/td>\n<td class=\"s1r\">44<\/td>\n<td class=\"s1l\">LUCIANO VICINO<\/td>\n<td class=\"s1r\">16<\/td>\n<td class=\"s1r\">11:45.087<\/td>\n<td class=\"s1r\"><\/td>\n<td class=\"s1l\"><\/td>\n<\/tr>\n<tr>\n<td class=\"s1l\">2<\/td>\n<td class=\"s1r\">833<\/td>\n<td class=\"s1l\">NICOLAS CARRIO<\/td>\n<td class=\"s1r\">16<\/td>\n<td class=\"s1r\">11:52.883<\/td>\n<td class=\"s1r\">7.796<\/td>\n<td class=\"s1l\"><\/td>\n<\/tr>\n<tr>\n<td class=\"s1l\">3<\/td>\n<td class=\"s1r\">55<\/td>\n<td class=\"s1l\">THIAGO YACOBUCCI<\/td>\n<td class=\"s1r\">16<\/td>\n<td class=\"s1r\">12:02.599<\/td>\n<td class=\"s1r\">17.512<\/td>\n<td class=\"s1l\"><\/td>\n<\/tr>\n<tr>\n<td class=\"s1l\">4<\/td>\n<td class=\"s1r\">64<\/td>\n<td class=\"s1l\">RODRIGO SERRANO<\/td>\n<td class=\"s1r\">16<\/td>\n<td class=\"s1r\">12:07.860<\/td>\n<td class=\"s1r\">22.773<\/td>\n<td class=\"s1l\"><\/td>\n<\/tr>\n<tr>\n<td class=\"s1l\">5<\/td>\n<td class=\"s1r\">77<\/td>\n<td class=\"s1l\">DONATO DOMICI<\/td>\n<td class=\"s1r\">16<\/td>\n<td class=\"s1r\">12:08.303<\/td>\n<td class=\"s1r\">23.216<\/td>\n<td class=\"s1l\"><\/td>\n<\/tr>\n<tr>\n<td class=\"s1l\">6<\/td>\n<td class=\"s1r\">73<\/td>\n<td class=\"s1l\">DANTE PONTINI<\/td>\n<td class=\"s1r\">16<\/td>\n<td class=\"s1r\">12:16.363<\/td>\n<td class=\"s1r\">31.276<\/td>\n<td class=\"s1l\"><\/td>\n<\/tr>\n<tr>\n<td class=\"s1l\">7<\/td>\n<td class=\"s1r\">41<\/td>\n<td class=\"s1l\">HERMAN CAPOMAGGI<\/td>\n<td class=\"s1r\">16<\/td>\n<td class=\"s1r\">12:19.263<\/td>\n<td class=\"s1r\">34.176<\/td>\n<td class=\"s1l\"><\/td>\n<\/tr>\n<tr>\n<td class=\"s1l\">8<\/td>\n<td class=\"s1r\">27<\/td>\n<td class=\"s1l\">ULISES CAMPILLAY<\/td>\n<td class=\"s1r\">16<\/td>\n<td class=\"s1r\">12:20.383<\/td>\n<td class=\"s1r\">35.296<\/td>\n<td class=\"s1l\"><\/td>\n<\/tr>\n<tr>\n<td class=\"s1l\">9<\/td>\n<td class=\"s1r\">24<\/td>\n<td class=\"s1l\">UMA SECHI<\/td>\n<td class=\"s1r\">12<\/td>\n<td class=\"s1r\">9:28.850<\/td>\n<td class=\"s1r\">4 Vueltas<\/td>\n<td class=\"s1l\"><\/td>\n<\/tr>\n<tr>\n<td class=\"s1l\">10<\/td>\n<td class=\"s1r\">7<\/td>\n<td class=\"s1l\">NACHO SUAREZ<\/td>\n<td class=\"s1r\">10<\/td>\n<td class=\"s1r\">7:41.547<\/td>\n<td class=\"s1r\">6 Vueltas<\/td>\n<td class=\"s1l\"><\/td>\n<\/tr>\n<tr>\n<td class=\"s1l\">11<\/td>\n<td class=\"s1r\">114<\/td>\n<td class=\"s1l\">EMIR BLEISEM<\/td>\n<td class=\"s1r\">2<\/td>\n<td class=\"s1r\">1:56.879<\/td>\n<td class=\"s1r\">14 Vueltas<\/td>\n<\/tr>\n<\/tbody>\n<\/table>\n<p><img loading=\"lazy\" decoding=\"async\" class=\"aligncenter size-full wp-image-43155\" src=\"http:\/\/curva1.com.ar\/wp-content\/uploads\/2023\/11\/IMG_7822.jpg\" alt=\"\" width=\"1200\" height=\"800\" srcset=\"https:\/\/curva1.com.ar\/wp-content\/uploads\/2023\/11\/IMG_7822.jpg 1200w, https:\/\/curva1.com.ar\/wp-content\/uploads\/2023\/11\/IMG_7822-810x540.jpg 810w, https:\/\/curva1.com.ar\/wp-content\/uploads\/2023\/11\/IMG_7822-768x512.jpg 768w, https:\/\/curva1.com.ar\/wp-content\/uploads\/2023\/11\/IMG_7822-1024x683.jpg 1024w\" sizes=\"auto, (max-width: 1200px) 100vw, 1200px\" \/><\/p>\n","protected":false},"excerpt":{"rendered":"<p>Con un trabajo incansable de la comisi\u00f3n organizadora AVE Karting, este domingo lleg\u00f3 a su<\/p>\n","protected":false},"author":1,"featured_media":43147,"comment_status":"closed","ping_status":"closed","sticky":false,"template":"","format":"standard","meta":{"footnotes":""},"categories":[4],"tags":[],"class_list":["post-43128","post","type-post","status-publish","format-standard","has-post-thumbnail","hentry","category-karting"],"featured_image_urls":{"full":["https:\/\/curva1.com.ar\/wp-content\/uploads\/2023\/11\/WhatsApp-Image-2023-11-28-at-00.52.23.jpeg",1000,563,false],"thumbnail":["https:\/\/curva1.com.ar\/wp-content\/uploads\/2023\/11\/WhatsApp-Image-2023-11-28-at-00.52.23-300x169.jpeg",300,169,true],"medium":["https:\/\/curva1.com.ar\/wp-content\/uploads\/2023\/11\/WhatsApp-Image-2023-11-28-at-00.52.23-960x540.jpeg",960,540,true],"medium_large":["https:\/\/curva1.com.ar\/wp-content\/uploads\/2023\/11\/WhatsApp-Image-2023-11-28-at-00.52.23-768x432.jpeg",640,360,true],"large":["https:\/\/curva1.com.ar\/wp-content\/uploads\/2023\/11\/WhatsApp-Image-2023-11-28-at-00.52.23-960x540.jpeg",640,360,true],"1536x1536":["https:\/\/curva1.com.ar\/wp-content\/uploads\/2023\/11\/WhatsApp-Image-2023-11-28-at-00.52.23.jpeg",1000,563,false],"2048x2048":["https:\/\/curva1.com.ar\/wp-content\/uploads\/2023\/11\/WhatsApp-Image-2023-11-28-at-00.52.23.jpeg",1000,563,false],"chromenews-featured":["https:\/\/curva1.com.ar\/wp-content\/uploads\/2023\/11\/WhatsApp-Image-2023-11-28-at-00.52.23.jpeg",1000,563,false],"chromenews-large":["https:\/\/curva1.com.ar\/wp-content\/uploads\/2023\/11\/WhatsApp-Image-2023-11-28-at-00.52.23-825x563.jpeg",825,563,true],"chromenews-medium":["https:\/\/curva1.com.ar\/wp-content\/uploads\/2023\/11\/WhatsApp-Image-2023-11-28-at-00.52.23-590x410.jpeg",590,410,true]},"author_info":{"display_name":"Jos\u00e9 Bravo","author_link":"https:\/\/curva1.com.ar\/?author=1"},"category_info":"<a href=\"https:\/\/curva1.com.ar\/?cat=4\" rel=\"category\">Karting Asfalto<\/a>","tag_info":"Karting Asfalto","comment_count":"0","yoast_head":"<!-- This site is optimized with the Yoast SEO Premium plugin v14.7 - https:\/\/yoast.com\/wordpress\/plugins\/seo\/ -->\n<title>Karting Mendocino de asfalto coron\u00f3 a sus campeones 2023 - Curva 1<\/title>\n<meta name=\"robots\" content=\"index, follow\" \/>\n<meta name=\"googlebot\" content=\"index, follow, max-snippet:-1, max-image-preview:large, max-video-preview:-1\" \/>\n<meta name=\"bingbot\" content=\"index, follow, max-snippet:-1, max-image-preview:large, max-video-preview:-1\" \/>\n<link rel=\"canonical\" href=\"https:\/\/curva1.com.ar\/?p=43128\" \/>\n<meta property=\"og:locale\" content=\"en_US\" \/>\n<meta property=\"og:type\" content=\"article\" \/>\n<meta property=\"og:title\" content=\"Karting Mendocino de asfalto coron\u00f3 a sus campeones 2023 - Curva 1\" \/>\n<meta property=\"og:description\" content=\"Con un trabajo incansable de la comisi\u00f3n organizadora AVE Karting, este domingo lleg\u00f3 a su\" \/>\n<meta property=\"og:url\" content=\"https:\/\/curva1.com.ar\/?p=43128\" \/>\n<meta property=\"og:site_name\" content=\"Curva 1\" \/>\n<meta property=\"article:publisher\" content=\"https:\/\/www.facebook.com\/revistacurva1\/\" \/>\n<meta property=\"article:published_time\" content=\"2023-11-26T23:36:01+00:00\" \/>\n<meta property=\"article:modified_time\" content=\"2024-02-03T14:26:25+00:00\" \/>\n<meta property=\"og:image\" content=\"https:\/\/curva1.com.ar\/wp-content\/uploads\/2023\/11\/WhatsApp-Image-2023-11-28-at-00.52.23.jpeg\" \/>\n\t<meta property=\"og:image:width\" content=\"1000\" \/>\n\t<meta property=\"og:image:height\" content=\"563\" \/>\n<meta property=\"fb:app_id\" content=\"1593067817533208\" \/>\n<meta name=\"twitter:card\" content=\"summary_large_image\" \/>\n<meta name=\"twitter:creator\" content=\"@curva1mendoza\" \/>\n<meta name=\"twitter:site\" content=\"@curva1mendoza\" \/>\n<script type=\"application\/ld+json\" class=\"yoast-schema-graph\">{\"@context\":\"https:\/\/schema.org\",\"@graph\":[{\"@type\":\"WebSite\",\"@id\":\"https:\/\/curva1.com.ar\/#website\",\"url\":\"https:\/\/curva1.com.ar\/\",\"name\":\"Curva 1\",\"description\":\"Automovilismo de Mendoza\",\"potentialAction\":[{\"@type\":\"SearchAction\",\"target\":\"https:\/\/curva1.com.ar\/?s={search_term_string}\",\"query-input\":\"required name=search_term_string\"}],\"inLanguage\":\"en-US\"},{\"@type\":\"ImageObject\",\"@id\":\"https:\/\/curva1.com.ar\/?p=43128#primaryimage\",\"inLanguage\":\"en-US\",\"url\":\"https:\/\/curva1.com.ar\/wp-content\/uploads\/2023\/11\/WhatsApp-Image-2023-11-28-at-00.52.23.jpeg\",\"width\":1000,\"height\":563},{\"@type\":\"WebPage\",\"@id\":\"https:\/\/curva1.com.ar\/?p=43128#webpage\",\"url\":\"https:\/\/curva1.com.ar\/?p=43128\",\"name\":\"Karting Mendocino de asfalto coron\\u00f3 a sus campeones 2023 - Curva 1\",\"isPartOf\":{\"@id\":\"https:\/\/curva1.com.ar\/#website\"},\"primaryImageOfPage\":{\"@id\":\"https:\/\/curva1.com.ar\/?p=43128#primaryimage\"},\"datePublished\":\"2023-11-26T23:36:01+00:00\",\"dateModified\":\"2024-02-03T14:26:25+00:00\",\"author\":{\"@id\":\"https:\/\/curva1.com.ar\/#\/schema\/person\/f5fd12984d70df7314fbd9ab42f31033\"},\"inLanguage\":\"en-US\",\"potentialAction\":[{\"@type\":\"ReadAction\",\"target\":[\"https:\/\/curva1.com.ar\/?p=43128\"]}]},{\"@type\":[\"Person\"],\"@id\":\"https:\/\/curva1.com.ar\/#\/schema\/person\/f5fd12984d70df7314fbd9ab42f31033\",\"name\":\"Jos\\u00e9 Bravo\",\"image\":{\"@type\":\"ImageObject\",\"@id\":\"https:\/\/curva1.com.ar\/#personlogo\",\"inLanguage\":\"en-US\",\"url\":\"https:\/\/secure.gravatar.com\/avatar\/3ae0b1fdc6ddeb723a6e6c23609ed39de1d40a94b8112fd2c0c2032e2dabf28b?s=96&d=identicon&r=g\",\"caption\":\"Jos\\u00e9 Bravo\"}}]}<\/script>\n<!-- \/ Yoast SEO Premium plugin. -->","_links":{"self":[{"href":"https:\/\/curva1.com.ar\/index.php?rest_route=\/wp\/v2\/posts\/43128","targetHints":{"allow":["GET"]}}],"collection":[{"href":"https:\/\/curva1.com.ar\/index.php?rest_route=\/wp\/v2\/posts"}],"about":[{"href":"https:\/\/curva1.com.ar\/index.php?rest_route=\/wp\/v2\/types\/post"}],"author":[{"embeddable":true,"href":"https:\/\/curva1.com.ar\/index.php?rest_route=\/wp\/v2\/users\/1"}],"replies":[{"embeddable":true,"href":"https:\/\/curva1.com.ar\/index.php?rest_route=%2Fwp%2Fv2%2Fcomments&post=43128"}],"version-history":[{"count":6,"href":"https:\/\/curva1.com.ar\/index.php?rest_route=\/wp\/v2\/posts\/43128\/revisions"}],"predecessor-version":[{"id":43162,"href":"https:\/\/curva1.com.ar\/index.php?rest_route=\/wp\/v2\/posts\/43128\/revisions\/43162"}],"wp:featuredmedia":[{"embeddable":true,"href":"https:\/\/curva1.com.ar\/index.php?rest_route=\/wp\/v2\/media\/43147"}],"wp:attachment":[{"href":"https:\/\/curva1.com.ar\/index.php?rest_route=%2Fwp%2Fv2%2Fmedia&parent=43128"}],"wp:term":[{"taxonomy":"category","embeddable":true,"href":"https:\/\/curva1.com.ar\/index.php?rest_route=%2Fwp%2Fv2%2Fcategories&post=43128"},{"taxonomy":"post_tag","embeddable":true,"href":"https:\/\/curva1.com.ar\/index.php?rest_route=%2Fwp%2Fv2%2Ftags&post=43128"}],"curies":[{"name":"wp","href":"https:\/\/api.w.org\/{rel}","templated":true}]}}