{"id":4320,"date":"2013-02-25T22:05:32","date_gmt":"2013-02-26T01:05:32","guid":{"rendered":"http:\/\/www.curva1.com.ar\/?p=4320"},"modified":"2013-02-25T22:10:19","modified_gmt":"2013-02-26T01:10:19","slug":"tomy-martin-preparado-para-comenzar-su-actividad-nacional","status":"publish","type":"post","link":"https:\/\/curva1.com.ar\/?p=4320","title":{"rendered":"Tomy Martin preparado para comenzar su actividad nacional"},"content":{"rendered":"<p><img loading=\"lazy\" decoding=\"async\" class=\"aligncenter size-full wp-image-4321\" alt=\"tomas martin karting 5074\" src=\"http:\/\/www.curva1.com.ar\/wp-content\/uploads\/2013\/02\/tomas-martin-karting-5074.jpg\" width=\"500\" height=\"281\" srcset=\"https:\/\/curva1.com.ar\/wp-content\/uploads\/2013\/02\/tomas-martin-karting-5074.jpg 500w, https:\/\/curva1.com.ar\/wp-content\/uploads\/2013\/02\/tomas-martin-karting-5074-300x169.jpg 300w\" sizes=\"auto, (max-width: 500px) 100vw, 500px\" \/><\/p>\n<p>El Campe\u00f3n Cuyano Promocional 2011 y 2012 se alista a iniciar una nueva temporada en el karting nacional, para lo cual ha tenido una importante preparaci\u00f3n.<\/p>\n<p>Tomy Martin comenz\u00f3 su actividad kart\u00edstica con dos jornadas intensas de pruebas en el Kart\u00f3dromo de Mar del Plata, sede del inicio del Trofeo CNK y Campeonato Argentino.<\/p>\n<p>A bordo de un chasis Birel 2013, Martin gir\u00f3 en Mardel con el objetivo de recordar los secretos de la pista y a su vez buscar la mejor puesta a punto de la unidad, para ser protagonista tal como lo hizo en la temporada pasada cuando se ubic\u00f3 entre los mejores tiempos.<\/p>\n<p>Se viene una temporada cargada de compromisos donde Tomy Martin defender\u00e1 el \u201c1\u2033 por segundo a\u00f1o consecutivo en el MZ Kart y buscar\u00e1 posicionarse bien arriba en el orden nacional.<\/p>\n<p>La primera cita es el 2 y 3 de marzo en Mar del Plata, con el Trofeo CNK, para volver a la costa 21 d\u00edas despu\u00e9s para el arranque del Argentino.<\/p>\n<blockquote><p><em>Jos\u00e9 Bravo &#8211; Prensa Tomy Martin<\/em><\/p><\/blockquote>\n<p><img loading=\"lazy\" decoding=\"async\" class=\"aligncenter size-full wp-image-4322\" alt=\"P1750ff601\" src=\"http:\/\/www.curva1.com.ar\/wp-content\/uploads\/2013\/02\/P1750ff601.jpg\" width=\"500\" height=\"282\" srcset=\"https:\/\/curva1.com.ar\/wp-content\/uploads\/2013\/02\/P1750ff601.jpg 500w, https:\/\/curva1.com.ar\/wp-content\/uploads\/2013\/02\/P1750ff601-300x169.jpg 300w\" sizes=\"auto, (max-width: 500px) 100vw, 500px\" \/><\/p>\n","protected":false},"excerpt":{"rendered":"<p>El Campe\u00f3n Cuyano Promocional 2011 y 2012 se alista a iniciar una nueva temporada en<\/p>\n","protected":false},"author":1,"featured_media":4321,"comment_status":"open","ping_status":"closed","sticky":false,"template":"","format":"standard","meta":{"footnotes":""},"categories":[1],"tags":[],"class_list":["post-4320","post","type-post","status-publish","format-standard","has-post-thumbnail","hentry","category-zonal-cuyano"],"featured_image_urls":{"full":["https:\/\/curva1.com.ar\/wp-content\/uploads\/2013\/02\/tomas-martin-karting-5074.jpg",500,281,false],"thumbnail":["https:\/\/curva1.com.ar\/wp-content\/uploads\/2013\/02\/tomas-martin-karting-5074-300x169.jpg",300,169,true],"medium":["https:\/\/curva1.com.ar\/wp-content\/uploads\/2013\/02\/tomas-martin-karting-5074.jpg",500,281,false],"medium_large":["https:\/\/curva1.com.ar\/wp-content\/uploads\/2013\/02\/tomas-martin-karting-5074.jpg",500,281,false],"large":["https:\/\/curva1.com.ar\/wp-content\/uploads\/2013\/02\/tomas-martin-karting-5074.jpg",500,281,false],"1536x1536":["https:\/\/curva1.com.ar\/wp-content\/uploads\/2013\/02\/tomas-martin-karting-5074.jpg",500,281,false],"2048x2048":["https:\/\/curva1.com.ar\/wp-content\/uploads\/2013\/02\/tomas-martin-karting-5074.jpg",500,281,false],"chromenews-featured":["https:\/\/curva1.com.ar\/wp-content\/uploads\/2013\/02\/tomas-martin-karting-5074.jpg",500,281,false],"chromenews-large":["https:\/\/curva1.com.ar\/wp-content\/uploads\/2013\/02\/tomas-martin-karting-5074.jpg",500,281,false],"chromenews-medium":["https:\/\/curva1.com.ar\/wp-content\/uploads\/2013\/02\/tomas-martin-karting-5074.jpg",500,281,false]},"author_info":{"display_name":"Jos\u00e9 Bravo","author_link":"https:\/\/curva1.com.ar\/?author=1"},"category_info":"<a href=\"https:\/\/curva1.com.ar\/?cat=1\" rel=\"category\">Zonal Cuyano<\/a>","tag_info":"Zonal Cuyano","comment_count":"0","_links":{"self":[{"href":"https:\/\/curva1.com.ar\/index.php?rest_route=\/wp\/v2\/posts\/4320","targetHints":{"allow":["GET"]}}],"collection":[{"href":"https:\/\/curva1.com.ar\/index.php?rest_route=\/wp\/v2\/posts"}],"about":[{"href":"https:\/\/curva1.com.ar\/index.php?rest_route=\/wp\/v2\/types\/post"}],"author":[{"embeddable":true,"href":"https:\/\/curva1.com.ar\/index.php?rest_route=\/wp\/v2\/users\/1"}],"replies":[{"embeddable":true,"href":"https:\/\/curva1.com.ar\/index.php?rest_route=%2Fwp%2Fv2%2Fcomments&post=4320"}],"version-history":[{"count":3,"href":"https:\/\/curva1.com.ar\/index.php?rest_route=\/wp\/v2\/posts\/4320\/revisions"}],"predecessor-version":[{"id":4324,"href":"https:\/\/curva1.com.ar\/index.php?rest_route=\/wp\/v2\/posts\/4320\/revisions\/4324"}],"wp:featuredmedia":[{"embeddable":true,"href":"https:\/\/curva1.com.ar\/index.php?rest_route=\/wp\/v2\/media\/4321"}],"wp:attachment":[{"href":"https:\/\/curva1.com.ar\/index.php?rest_route=%2Fwp%2Fv2%2Fmedia&parent=4320"}],"wp:term":[{"taxonomy":"category","embeddable":true,"href":"https:\/\/curva1.com.ar\/index.php?rest_route=%2Fwp%2Fv2%2Fcategories&post=4320"},{"taxonomy":"post_tag","embeddable":true,"href":"https:\/\/curva1.com.ar\/index.php?rest_route=%2Fwp%2Fv2%2Ftags&post=4320"}],"curies":[{"name":"wp","href":"https:\/\/api.w.org\/{rel}","templated":true}]}}