{"id":4351,"date":"2013-02-26T15:36:17","date_gmt":"2013-02-26T18:36:17","guid":{"rendered":"http:\/\/www.curva1.com.ar\/?p=4351"},"modified":"2013-02-26T15:36:17","modified_gmt":"2013-02-26T18:36:17","slug":"scordo-lara-queremos-que-todas-las-carreras-del-zonal-sea-iguales","status":"publish","type":"post","link":"https:\/\/curva1.com.ar\/?p=4351","title":{"rendered":"Scordo Lara &#8220;Queremos que todas las carreras del Zonal sea iguales&#8221;"},"content":{"rendered":"<p><img loading=\"lazy\" decoding=\"async\" class=\"aligncenter size-full wp-image-4352\" alt=\"P1710fa922\" src=\"http:\/\/www.curva1.com.ar\/wp-content\/uploads\/2013\/02\/P1710fa922.jpg\" width=\"500\" height=\"281\" srcset=\"https:\/\/curva1.com.ar\/wp-content\/uploads\/2013\/02\/P1710fa922.jpg 500w, https:\/\/curva1.com.ar\/wp-content\/uploads\/2013\/02\/P1710fa922-300x169.jpg 300w\" sizes=\"auto, (max-width: 500px) 100vw, 500px\" \/><\/p>\n<p>Curva 1 dialog\u00f3 en la ma\u00f1ana de hoy con Jos\u00e9 Scordo Lara, presidente de FEMAD, que confirm\u00f3 el inicio del Zonal Cuyano de Pista para el 17 de marzo en el aut\u00f3dromo de San Mart\u00edn.<\/p>\n<p><strong>&#8220;Justamente estoy por comunicarme con la gente de AVE que ser\u00e1n los organizadores de la primera fecha. Estamos trabajando para que tengamos un gran campeonato y que todas las fechas sean iguales, que nadie diga que el Autom\u00f3vil Club Mendoza hace mejores carreras que los demas. No queremos eso, queremos que todas sean iguales, algo homog\u00e9neo&#8221;<\/strong> explic\u00f3 el presidente.<\/p>\n<p>Titi sigui\u00f3 la charla diciendo<strong> &#8220;Esperamos un buen parque de autos y tambi\u00e9n de motos de velocidad, que acompa\u00f1ar\u00e1n con su espect\u00e1culo. Queremos armar un lindo circo en los boxes, que se repita en todas las fechas y que no solo quede en una. Estamos abocados al zonal por estos d\u00edas y tenemos fe de que ser\u00e1 un a\u00f1o positivo&#8221;.<\/strong><\/p>\n","protected":false},"excerpt":{"rendered":"<p>Curva 1 dialog\u00f3 en la ma\u00f1ana de hoy con Jos\u00e9 Scordo Lara, presidente de FEMAD,<\/p>\n","protected":false},"author":1,"featured_media":4352,"comment_status":"open","ping_status":"closed","sticky":false,"template":"","format":"standard","meta":{"footnotes":""},"categories":[1],"tags":[],"class_list":["post-4351","post","type-post","status-publish","format-standard","has-post-thumbnail","hentry","category-zonal-cuyano"],"featured_image_urls":{"full":["https:\/\/curva1.com.ar\/wp-content\/uploads\/2013\/02\/P1710fa922.jpg",500,281,false],"thumbnail":["https:\/\/curva1.com.ar\/wp-content\/uploads\/2013\/02\/P1710fa922-300x169.jpg",300,169,true],"medium":["https:\/\/curva1.com.ar\/wp-content\/uploads\/2013\/02\/P1710fa922.jpg",500,281,false],"medium_large":["https:\/\/curva1.com.ar\/wp-content\/uploads\/2013\/02\/P1710fa922.jpg",500,281,false],"large":["https:\/\/curva1.com.ar\/wp-content\/uploads\/2013\/02\/P1710fa922.jpg",500,281,false],"1536x1536":["https:\/\/curva1.com.ar\/wp-content\/uploads\/2013\/02\/P1710fa922.jpg",500,281,false],"2048x2048":["https:\/\/curva1.com.ar\/wp-content\/uploads\/2013\/02\/P1710fa922.jpg",500,281,false],"chromenews-featured":["https:\/\/curva1.com.ar\/wp-content\/uploads\/2013\/02\/P1710fa922.jpg",500,281,false],"chromenews-large":["https:\/\/curva1.com.ar\/wp-content\/uploads\/2013\/02\/P1710fa922.jpg",500,281,false],"chromenews-medium":["https:\/\/curva1.com.ar\/wp-content\/uploads\/2013\/02\/P1710fa922.jpg",500,281,false]},"author_info":{"display_name":"Jos\u00e9 Bravo","author_link":"https:\/\/curva1.com.ar\/?author=1"},"category_info":"<a href=\"https:\/\/curva1.com.ar\/?cat=1\" rel=\"category\">Zonal Cuyano<\/a>","tag_info":"Zonal Cuyano","comment_count":"0","_links":{"self":[{"href":"https:\/\/curva1.com.ar\/index.php?rest_route=\/wp\/v2\/posts\/4351","targetHints":{"allow":["GET"]}}],"collection":[{"href":"https:\/\/curva1.com.ar\/index.php?rest_route=\/wp\/v2\/posts"}],"about":[{"href":"https:\/\/curva1.com.ar\/index.php?rest_route=\/wp\/v2\/types\/post"}],"author":[{"embeddable":true,"href":"https:\/\/curva1.com.ar\/index.php?rest_route=\/wp\/v2\/users\/1"}],"replies":[{"embeddable":true,"href":"https:\/\/curva1.com.ar\/index.php?rest_route=%2Fwp%2Fv2%2Fcomments&post=4351"}],"version-history":[{"count":2,"href":"https:\/\/curva1.com.ar\/index.php?rest_route=\/wp\/v2\/posts\/4351\/revisions"}],"predecessor-version":[{"id":4354,"href":"https:\/\/curva1.com.ar\/index.php?rest_route=\/wp\/v2\/posts\/4351\/revisions\/4354"}],"wp:featuredmedia":[{"embeddable":true,"href":"https:\/\/curva1.com.ar\/index.php?rest_route=\/wp\/v2\/media\/4352"}],"wp:attachment":[{"href":"https:\/\/curva1.com.ar\/index.php?rest_route=%2Fwp%2Fv2%2Fmedia&parent=4351"}],"wp:term":[{"taxonomy":"category","embeddable":true,"href":"https:\/\/curva1.com.ar\/index.php?rest_route=%2Fwp%2Fv2%2Fcategories&post=4351"},{"taxonomy":"post_tag","embeddable":true,"href":"https:\/\/curva1.com.ar\/index.php?rest_route=%2Fwp%2Fv2%2Ftags&post=4351"}],"curies":[{"name":"wp","href":"https:\/\/api.w.org\/{rel}","templated":true}]}}