{"id":4414,"date":"2013-02-28T13:08:02","date_gmt":"2013-02-28T16:08:02","guid":{"rendered":"http:\/\/www.curva1.com.ar\/?p=4414"},"modified":"2013-02-28T13:08:02","modified_gmt":"2013-02-28T16:08:02","slug":"jorge-vitar-comienza-la-temporada-junto-al-equipo-oficial-tony-kart","status":"publish","type":"post","link":"https:\/\/curva1.com.ar\/?p=4414","title":{"rendered":"Jorge Vitar comienza la temporada junto al equipo oficial Tony Kart"},"content":{"rendered":"<p><img loading=\"lazy\" decoding=\"async\" class=\"aligncenter size-medium wp-image-4415\" alt=\"565687_4456380122071_920953583_n\" src=\"http:\/\/www.curva1.com.ar\/wp-content\/uploads\/2013\/02\/565687_4456380122071_920953583_n-598x337.jpg\" width=\"499\" height=\"281\" srcset=\"https:\/\/curva1.com.ar\/wp-content\/uploads\/2013\/02\/565687_4456380122071_920953583_n-598x337.jpg 598w, https:\/\/curva1.com.ar\/wp-content\/uploads\/2013\/02\/565687_4456380122071_920953583_n-300x169.jpg 300w, https:\/\/curva1.com.ar\/wp-content\/uploads\/2013\/02\/565687_4456380122071_920953583_n.jpg 600w\" sizes=\"auto, (max-width: 499px) 100vw, 499px\" \/><\/p>\n<p>El piloto de Mendoza dos veces campe\u00f3n argentino, comenzar\u00e1 una nueva temporada dentro del karting nacional con la novedad de su cambio de equipo y chasis.<\/p>\n<p>Jorge Vitar confirm\u00f3 su acuerdo para ser parte del Acosta Kart Divisi\u00f3n, equipo Tony Kart oficial en Argentina, con el que afrontar\u00e1 los cert\u00e1menes Trofeo CNK y Campeonato Argentino de Karting 2013, sin descartar su participaci\u00f3n durante el a\u00f1o en el exterior.<\/p>\n<p><strong>\u201cEstoy contento por como me ha recibido el equipo. Tanto Acosta como Tejera que ser\u00e1 mi motorista me han brindado su confianza para este a\u00f1o\u201d<\/strong>\u00a0explic\u00f3 Vitar, quien adem\u00e1s agreg\u00f3\u00a0<strong>\u201cno quiero olvidarme de todos los integrantes del equipo Intrepid Argentina, con los cuales disput\u00e9 la temporada 2012. Les agradezco a ellos por su atenci\u00f3n, en especial a Didi Riguet con quien viaj\u00e9 a Francia para competir en el Mundial IAME\u201d.<\/strong><\/p>\n<p>Vitar, quien en diciembre pasado se consagr\u00f3 campe\u00f3n J\u00fanior de la Copa Rotax Max Buenos Aires, tambi\u00e9n estar\u00e1 corriendo el campeonato de su provincia, el MZ Kart.\u00a0<strong>\u201cSeguiremos en la categor\u00eda Senior, de la mano de Armando Gualerzi, como siempre lo he hecho desde que comenc\u00e9 a correr en karting. El a\u00f1o pasado peleamos el t\u00edtulo hasta el final, pero no se dio. Hubo una lucha intensa y algunas deserciones me privaron de seguir arriba. Termin\u00e9 el a\u00f1o con un podio y feliz por el equipo y los compa\u00f1eros que tuve durante a\u00f1o\u201d.<\/strong><\/p>\n<p><strong>\u201cAhora comienza el a\u00f1o y vamos a dejar todo, como siempre\u201d<\/strong>\u00a0finaliz\u00f3 Jorge Vitar, que comenzar\u00e1 a transitar su \u00faltima temporada en la categor\u00eda Sudam J\u00fanior.<\/p>\n","protected":false},"excerpt":{"rendered":"<p>El piloto de Mendoza dos veces campe\u00f3n argentino, comenzar\u00e1 una nueva temporada dentro del karting<\/p>\n","protected":false},"author":1,"featured_media":4415,"comment_status":"open","ping_status":"closed","sticky":false,"template":"","format":"standard","meta":{"footnotes":""},"categories":[4],"tags":[],"class_list":["post-4414","post","type-post","status-publish","format-standard","has-post-thumbnail","hentry","category-karting"],"featured_image_urls":{"full":["https:\/\/curva1.com.ar\/wp-content\/uploads\/2013\/02\/565687_4456380122071_920953583_n.jpg",600,338,false],"thumbnail":["https:\/\/curva1.com.ar\/wp-content\/uploads\/2013\/02\/565687_4456380122071_920953583_n-300x169.jpg",300,169,true],"medium":["https:\/\/curva1.com.ar\/wp-content\/uploads\/2013\/02\/565687_4456380122071_920953583_n-598x337.jpg",598,337,true],"medium_large":["https:\/\/curva1.com.ar\/wp-content\/uploads\/2013\/02\/565687_4456380122071_920953583_n.jpg",600,338,false],"large":["https:\/\/curva1.com.ar\/wp-content\/uploads\/2013\/02\/565687_4456380122071_920953583_n.jpg",600,338,false],"1536x1536":["https:\/\/curva1.com.ar\/wp-content\/uploads\/2013\/02\/565687_4456380122071_920953583_n.jpg",600,338,false],"2048x2048":["https:\/\/curva1.com.ar\/wp-content\/uploads\/2013\/02\/565687_4456380122071_920953583_n.jpg",600,338,false],"chromenews-featured":["https:\/\/curva1.com.ar\/wp-content\/uploads\/2013\/02\/565687_4456380122071_920953583_n.jpg",600,338,false],"chromenews-large":["https:\/\/curva1.com.ar\/wp-content\/uploads\/2013\/02\/565687_4456380122071_920953583_n.jpg",600,338,false],"chromenews-medium":["https:\/\/curva1.com.ar\/wp-content\/uploads\/2013\/02\/565687_4456380122071_920953583_n.jpg",590,332,false]},"author_info":{"display_name":"Jos\u00e9 Bravo","author_link":"https:\/\/curva1.com.ar\/?author=1"},"category_info":"<a href=\"https:\/\/curva1.com.ar\/?cat=4\" rel=\"category\">Karting Asfalto<\/a>","tag_info":"Karting Asfalto","comment_count":"0","_links":{"self":[{"href":"https:\/\/curva1.com.ar\/index.php?rest_route=\/wp\/v2\/posts\/4414","targetHints":{"allow":["GET"]}}],"collection":[{"href":"https:\/\/curva1.com.ar\/index.php?rest_route=\/wp\/v2\/posts"}],"about":[{"href":"https:\/\/curva1.com.ar\/index.php?rest_route=\/wp\/v2\/types\/post"}],"author":[{"embeddable":true,"href":"https:\/\/curva1.com.ar\/index.php?rest_route=\/wp\/v2\/users\/1"}],"replies":[{"embeddable":true,"href":"https:\/\/curva1.com.ar\/index.php?rest_route=%2Fwp%2Fv2%2Fcomments&post=4414"}],"version-history":[{"count":2,"href":"https:\/\/curva1.com.ar\/index.php?rest_route=\/wp\/v2\/posts\/4414\/revisions"}],"predecessor-version":[{"id":4417,"href":"https:\/\/curva1.com.ar\/index.php?rest_route=\/wp\/v2\/posts\/4414\/revisions\/4417"}],"wp:featuredmedia":[{"embeddable":true,"href":"https:\/\/curva1.com.ar\/index.php?rest_route=\/wp\/v2\/media\/4415"}],"wp:attachment":[{"href":"https:\/\/curva1.com.ar\/index.php?rest_route=%2Fwp%2Fv2%2Fmedia&parent=4414"}],"wp:term":[{"taxonomy":"category","embeddable":true,"href":"https:\/\/curva1.com.ar\/index.php?rest_route=%2Fwp%2Fv2%2Fcategories&post=4414"},{"taxonomy":"post_tag","embeddable":true,"href":"https:\/\/curva1.com.ar\/index.php?rest_route=%2Fwp%2Fv2%2Ftags&post=4414"}],"curies":[{"name":"wp","href":"https:\/\/api.w.org\/{rel}","templated":true}]}}