{"id":4469,"date":"2013-03-06T16:55:12","date_gmt":"2013-03-06T19:55:12","guid":{"rendered":"http:\/\/www.curva1.com.ar\/?p=4469"},"modified":"2013-03-06T16:56:42","modified_gmt":"2013-03-06T19:56:42","slug":"sebastian-fazio-ya-piensa-en-el-inicio-del-campeonato-2013","status":"publish","type":"post","link":"https:\/\/curva1.com.ar\/?p=4469","title":{"rendered":"Sebasti\u00e1n Fazio ya piensa en el inicio del campeonato 2013"},"content":{"rendered":"<p><img loading=\"lazy\" decoding=\"async\" class=\"aligncenter size-full wp-image-4470\" alt=\"IMG_fa2043\" src=\"http:\/\/www.curva1.com.ar\/wp-content\/uploads\/2013\/03\/IMG_fa2043.jpg\" width=\"500\" height=\"281\" srcset=\"https:\/\/curva1.com.ar\/wp-content\/uploads\/2013\/03\/IMG_fa2043.jpg 500w, https:\/\/curva1.com.ar\/wp-content\/uploads\/2013\/03\/IMG_fa2043-300x169.jpg 300w\" sizes=\"auto, (max-width: 500px) 100vw, 500px\" \/><\/p>\n<p>El piloto de Rivadavia se prepara para una nueva temporada dentro del TC J\u00fanior Tradicional, para lo cual est\u00e1 haciendo algunas modificaciones en su cup\u00e9 Fiat 125.<\/p>\n<p><strong>&#8220;Estamos trabajando en al pedalera, ca\u00f1onera y algunos aspectos m\u00e1s para dejar el auto listo para el inicio de las Tradicionales&#8221;<\/strong> expres\u00f3 Alejandro Baroni, quien es el encargado de los trabajos en su taller de San Mart\u00edn.<\/p>\n","protected":false},"excerpt":{"rendered":"<p>El piloto de Rivadavia se prepara para una nueva temporada dentro del TC J\u00fanior Tradicional,<\/p>\n","protected":false},"author":1,"featured_media":4470,"comment_status":"open","ping_status":"closed","sticky":false,"template":"","format":"standard","meta":{"footnotes":""},"categories":[3],"tags":[],"class_list":["post-4469","post","type-post","status-publish","format-standard","has-post-thumbnail","hentry","category-tradicionales"],"featured_image_urls":{"full":["https:\/\/curva1.com.ar\/wp-content\/uploads\/2013\/03\/IMG_fa2043.jpg",500,281,false],"thumbnail":["https:\/\/curva1.com.ar\/wp-content\/uploads\/2013\/03\/IMG_fa2043-300x169.jpg",300,169,true],"medium":["https:\/\/curva1.com.ar\/wp-content\/uploads\/2013\/03\/IMG_fa2043.jpg",500,281,false],"medium_large":["https:\/\/curva1.com.ar\/wp-content\/uploads\/2013\/03\/IMG_fa2043.jpg",500,281,false],"large":["https:\/\/curva1.com.ar\/wp-content\/uploads\/2013\/03\/IMG_fa2043.jpg",500,281,false],"1536x1536":["https:\/\/curva1.com.ar\/wp-content\/uploads\/2013\/03\/IMG_fa2043.jpg",500,281,false],"2048x2048":["https:\/\/curva1.com.ar\/wp-content\/uploads\/2013\/03\/IMG_fa2043.jpg",500,281,false],"chromenews-featured":["https:\/\/curva1.com.ar\/wp-content\/uploads\/2013\/03\/IMG_fa2043.jpg",500,281,false],"chromenews-large":["https:\/\/curva1.com.ar\/wp-content\/uploads\/2013\/03\/IMG_fa2043.jpg",500,281,false],"chromenews-medium":["https:\/\/curva1.com.ar\/wp-content\/uploads\/2013\/03\/IMG_fa2043.jpg",500,281,false]},"author_info":{"display_name":"Jos\u00e9 Bravo","author_link":"https:\/\/curva1.com.ar\/?author=1"},"category_info":"<a href=\"https:\/\/curva1.com.ar\/?cat=3\" rel=\"category\">Tradicionales<\/a>","tag_info":"Tradicionales","comment_count":"0","_links":{"self":[{"href":"https:\/\/curva1.com.ar\/index.php?rest_route=\/wp\/v2\/posts\/4469","targetHints":{"allow":["GET"]}}],"collection":[{"href":"https:\/\/curva1.com.ar\/index.php?rest_route=\/wp\/v2\/posts"}],"about":[{"href":"https:\/\/curva1.com.ar\/index.php?rest_route=\/wp\/v2\/types\/post"}],"author":[{"embeddable":true,"href":"https:\/\/curva1.com.ar\/index.php?rest_route=\/wp\/v2\/users\/1"}],"replies":[{"embeddable":true,"href":"https:\/\/curva1.com.ar\/index.php?rest_route=%2Fwp%2Fv2%2Fcomments&post=4469"}],"version-history":[{"count":2,"href":"https:\/\/curva1.com.ar\/index.php?rest_route=\/wp\/v2\/posts\/4469\/revisions"}],"predecessor-version":[{"id":4474,"href":"https:\/\/curva1.com.ar\/index.php?rest_route=\/wp\/v2\/posts\/4469\/revisions\/4474"}],"wp:featuredmedia":[{"embeddable":true,"href":"https:\/\/curva1.com.ar\/index.php?rest_route=\/wp\/v2\/media\/4470"}],"wp:attachment":[{"href":"https:\/\/curva1.com.ar\/index.php?rest_route=%2Fwp%2Fv2%2Fmedia&parent=4469"}],"wp:term":[{"taxonomy":"category","embeddable":true,"href":"https:\/\/curva1.com.ar\/index.php?rest_route=%2Fwp%2Fv2%2Fcategories&post=4469"},{"taxonomy":"post_tag","embeddable":true,"href":"https:\/\/curva1.com.ar\/index.php?rest_route=%2Fwp%2Fv2%2Ftags&post=4469"}],"curies":[{"name":"wp","href":"https:\/\/api.w.org\/{rel}","templated":true}]}}