{"id":4475,"date":"2013-03-06T17:00:13","date_gmt":"2013-03-06T20:00:13","guid":{"rendered":"http:\/\/www.curva1.com.ar\/?p=4475"},"modified":"2013-03-06T17:00:13","modified_gmt":"2013-03-06T20:00:13","slug":"federico-cueito-confirmo-su-participacion-en-el-tp-1100","status":"publish","type":"post","link":"https:\/\/curva1.com.ar\/?p=4475","title":{"rendered":"Federico Cueito confirm\u00f3 su participaci\u00f3n en el TP 1100"},"content":{"rendered":"<p><img loading=\"lazy\" decoding=\"async\" class=\"aligncenter size-full wp-image-4476\" alt=\"860959l80811296_o\" src=\"http:\/\/www.curva1.com.ar\/wp-content\/uploads\/2013\/03\/860959l80811296_o.jpg\" width=\"500\" height=\"281\" srcset=\"https:\/\/curva1.com.ar\/wp-content\/uploads\/2013\/03\/860959l80811296_o.jpg 500w, https:\/\/curva1.com.ar\/wp-content\/uploads\/2013\/03\/860959l80811296_o-300x169.jpg 300w\" sizes=\"auto, (max-width: 500px) 100vw, 500px\" \/><\/p>\n<p>El piloto que reside en Tunuy\u00e1n confirm\u00f3 v\u00eda Facebook su vinculaci\u00f3n al equipo de Ricardo Morales, a quien le alquilar\u00e1 el Fiat 147 de la foto para competir en el Zonal Cuyano.<\/p>\n<p><strong>&#8220;Les presento la maquina!&#8230;Con este 147 seremos de la partida en el Turismo Pista 1100 este a\u00f1o!&#8230;Gracias a todos los que hacen posible esto&#8221;<\/strong> expres\u00f3 el ex kartista Federico Cueito.<\/p>\n<p>Recordamos que Cueito tiene en construcci\u00f3n un Fiat 128, pero seg\u00fan nos coment\u00f3 todav\u00eda falta para ponerlo en pista.<\/p>\n","protected":false},"excerpt":{"rendered":"<p>El piloto que reside en Tunuy\u00e1n confirm\u00f3 v\u00eda Facebook su vinculaci\u00f3n al equipo de Ricardo<\/p>\n","protected":false},"author":1,"featured_media":4476,"comment_status":"open","ping_status":"closed","sticky":false,"template":"","format":"standard","meta":{"footnotes":""},"categories":[1],"tags":[],"class_list":["post-4475","post","type-post","status-publish","format-standard","has-post-thumbnail","hentry","category-zonal-cuyano"],"featured_image_urls":{"full":["https:\/\/curva1.com.ar\/wp-content\/uploads\/2013\/03\/860959l80811296_o.jpg",500,281,false],"thumbnail":["https:\/\/curva1.com.ar\/wp-content\/uploads\/2013\/03\/860959l80811296_o-300x169.jpg",300,169,true],"medium":["https:\/\/curva1.com.ar\/wp-content\/uploads\/2013\/03\/860959l80811296_o.jpg",500,281,false],"medium_large":["https:\/\/curva1.com.ar\/wp-content\/uploads\/2013\/03\/860959l80811296_o.jpg",500,281,false],"large":["https:\/\/curva1.com.ar\/wp-content\/uploads\/2013\/03\/860959l80811296_o.jpg",500,281,false],"1536x1536":["https:\/\/curva1.com.ar\/wp-content\/uploads\/2013\/03\/860959l80811296_o.jpg",500,281,false],"2048x2048":["https:\/\/curva1.com.ar\/wp-content\/uploads\/2013\/03\/860959l80811296_o.jpg",500,281,false],"chromenews-featured":["https:\/\/curva1.com.ar\/wp-content\/uploads\/2013\/03\/860959l80811296_o.jpg",500,281,false],"chromenews-large":["https:\/\/curva1.com.ar\/wp-content\/uploads\/2013\/03\/860959l80811296_o.jpg",500,281,false],"chromenews-medium":["https:\/\/curva1.com.ar\/wp-content\/uploads\/2013\/03\/860959l80811296_o.jpg",500,281,false]},"author_info":{"display_name":"Jos\u00e9 Bravo","author_link":"https:\/\/curva1.com.ar\/?author=1"},"category_info":"<a href=\"https:\/\/curva1.com.ar\/?cat=1\" rel=\"category\">Zonal Cuyano<\/a>","tag_info":"Zonal Cuyano","comment_count":"0","_links":{"self":[{"href":"https:\/\/curva1.com.ar\/index.php?rest_route=\/wp\/v2\/posts\/4475","targetHints":{"allow":["GET"]}}],"collection":[{"href":"https:\/\/curva1.com.ar\/index.php?rest_route=\/wp\/v2\/posts"}],"about":[{"href":"https:\/\/curva1.com.ar\/index.php?rest_route=\/wp\/v2\/types\/post"}],"author":[{"embeddable":true,"href":"https:\/\/curva1.com.ar\/index.php?rest_route=\/wp\/v2\/users\/1"}],"replies":[{"embeddable":true,"href":"https:\/\/curva1.com.ar\/index.php?rest_route=%2Fwp%2Fv2%2Fcomments&post=4475"}],"version-history":[{"count":1,"href":"https:\/\/curva1.com.ar\/index.php?rest_route=\/wp\/v2\/posts\/4475\/revisions"}],"predecessor-version":[{"id":4477,"href":"https:\/\/curva1.com.ar\/index.php?rest_route=\/wp\/v2\/posts\/4475\/revisions\/4477"}],"wp:featuredmedia":[{"embeddable":true,"href":"https:\/\/curva1.com.ar\/index.php?rest_route=\/wp\/v2\/media\/4476"}],"wp:attachment":[{"href":"https:\/\/curva1.com.ar\/index.php?rest_route=%2Fwp%2Fv2%2Fmedia&parent=4475"}],"wp:term":[{"taxonomy":"category","embeddable":true,"href":"https:\/\/curva1.com.ar\/index.php?rest_route=%2Fwp%2Fv2%2Fcategories&post=4475"},{"taxonomy":"post_tag","embeddable":true,"href":"https:\/\/curva1.com.ar\/index.php?rest_route=%2Fwp%2Fv2%2Ftags&post=4475"}],"curies":[{"name":"wp","href":"https:\/\/api.w.org\/{rel}","templated":true}]}}