{"id":4487,"date":"2013-03-06T15:22:19","date_gmt":"2013-03-06T18:22:19","guid":{"rendered":"http:\/\/www.curva1.com.ar\/?p=4487"},"modified":"2013-03-06T17:24:59","modified_gmt":"2013-03-06T20:24:59","slug":"el-auto-de-ugalde-no-sirve-mas-luego-del-accidente-en-neuquen","status":"publish","type":"post","link":"https:\/\/curva1.com.ar\/?p=4487","title":{"rendered":"El auto de Ugalde no sirve m\u00e1s luego del accidente en Neuqu\u00e9n"},"content":{"rendered":"<p><img loading=\"lazy\" decoding=\"async\" class=\"aligncenter size-full wp-image-4488\" alt=\"75a653cad4e54abd367e4700151b40a6\" src=\"http:\/\/www.curva1.com.ar\/wp-content\/uploads\/2013\/03\/75a653cad4e54abd367e4700151b40a6.jpg\" width=\"500\" height=\"207\" \/><\/p>\n<p>El equipo deber\u00e1 buscar una nueva unidad para seguir corriendo en el Turismo Carretera<\/p>\n<p>Luego de la reuni\u00f3n desarrollada en la tarde de ayer entre Lionel Ugalde y Sebastian Mauri\u00f1o se decidi\u00f3 buscar una nueva alternativa ya que el Ford con el que corri\u00f3 y se golpear\u00e1 en Neuqu\u00e9n el piloto marplatense no sirve m\u00e1s. El analisis exhaustivo que realiz\u00f3 el ingeniero Mauri\u00f1o determin\u00f3 que los da\u00f1os ocacionados en el golpe son irreparables ya que se resinti\u00f3 la estructura, se desform\u00f3 el habit\u00e1culo y la jaula tuvo muchas aver\u00edas que no tienen sentido arreglarlas.<\/p>\n<p>Desde la noche de ayer Lionel Ugalde esta abocado a la busqueda de un auto que le permita correr la pr\u00f3xima fecha en Junin. Son varias las alternativas que se estan avaluando, una de las posibilidades es correr con el auto que en su momento usar\u00e1 el recordado Mauro Piccini y que esta en el taller de Ugalde en Mar del Plata..<\/p>\n<p><strong>Sebastian Mauri\u00f1o:<\/strong><em>&#8220;Nunca hab\u00eda visto un golpe tan fuerte que determinar\u00e1 que el auto no sirva mas, aca encontramos muchas roturas en la estructura del auto. los ca\u00f1os del abitaculo se torcieron mucho y esto nos obliga a cambiar de unidad para la carrera de Junin&#8221;<br \/>\n<\/em><\/p>\n","protected":false},"excerpt":{"rendered":"<p>El equipo deber\u00e1 buscar una nueva unidad para seguir corriendo en el Turismo Carretera Luego<\/p>\n","protected":false},"author":1,"featured_media":4489,"comment_status":"open","ping_status":"closed","sticky":false,"template":"","format":"standard","meta":{"footnotes":""},"categories":[6],"tags":[],"class_list":["post-4487","post","type-post","status-publish","format-standard","has-post-thumbnail","hentry","category-nacionales"],"featured_image_urls":{"full":["https:\/\/curva1.com.ar\/wp-content\/uploads\/2013\/03\/75a653cad4e54abd367e4700151b40a61.jpg",200,113,false],"thumbnail":["https:\/\/curva1.com.ar\/wp-content\/uploads\/2013\/03\/75a653cad4e54abd367e4700151b40a61.jpg",200,113,false],"medium":["https:\/\/curva1.com.ar\/wp-content\/uploads\/2013\/03\/75a653cad4e54abd367e4700151b40a61.jpg",200,113,false],"medium_large":["https:\/\/curva1.com.ar\/wp-content\/uploads\/2013\/03\/75a653cad4e54abd367e4700151b40a61.jpg",200,113,false],"large":["https:\/\/curva1.com.ar\/wp-content\/uploads\/2013\/03\/75a653cad4e54abd367e4700151b40a61.jpg",200,113,false],"1536x1536":["https:\/\/curva1.com.ar\/wp-content\/uploads\/2013\/03\/75a653cad4e54abd367e4700151b40a61.jpg",200,113,false],"2048x2048":["https:\/\/curva1.com.ar\/wp-content\/uploads\/2013\/03\/75a653cad4e54abd367e4700151b40a61.jpg",200,113,false],"chromenews-featured":["https:\/\/curva1.com.ar\/wp-content\/uploads\/2013\/03\/75a653cad4e54abd367e4700151b40a61.jpg",200,113,false],"chromenews-large":["https:\/\/curva1.com.ar\/wp-content\/uploads\/2013\/03\/75a653cad4e54abd367e4700151b40a61.jpg",200,113,false],"chromenews-medium":["https:\/\/curva1.com.ar\/wp-content\/uploads\/2013\/03\/75a653cad4e54abd367e4700151b40a61.jpg",200,113,false]},"author_info":{"display_name":"Jos\u00e9 Bravo","author_link":"https:\/\/curva1.com.ar\/?author=1"},"category_info":"<a href=\"https:\/\/curva1.com.ar\/?cat=6\" rel=\"category\">Nacionales<\/a>","tag_info":"Nacionales","comment_count":"0","_links":{"self":[{"href":"https:\/\/curva1.com.ar\/index.php?rest_route=\/wp\/v2\/posts\/4487","targetHints":{"allow":["GET"]}}],"collection":[{"href":"https:\/\/curva1.com.ar\/index.php?rest_route=\/wp\/v2\/posts"}],"about":[{"href":"https:\/\/curva1.com.ar\/index.php?rest_route=\/wp\/v2\/types\/post"}],"author":[{"embeddable":true,"href":"https:\/\/curva1.com.ar\/index.php?rest_route=\/wp\/v2\/users\/1"}],"replies":[{"embeddable":true,"href":"https:\/\/curva1.com.ar\/index.php?rest_route=%2Fwp%2Fv2%2Fcomments&post=4487"}],"version-history":[{"count":2,"href":"https:\/\/curva1.com.ar\/index.php?rest_route=\/wp\/v2\/posts\/4487\/revisions"}],"predecessor-version":[{"id":4491,"href":"https:\/\/curva1.com.ar\/index.php?rest_route=\/wp\/v2\/posts\/4487\/revisions\/4491"}],"wp:featuredmedia":[{"embeddable":true,"href":"https:\/\/curva1.com.ar\/index.php?rest_route=\/wp\/v2\/media\/4489"}],"wp:attachment":[{"href":"https:\/\/curva1.com.ar\/index.php?rest_route=%2Fwp%2Fv2%2Fmedia&parent=4487"}],"wp:term":[{"taxonomy":"category","embeddable":true,"href":"https:\/\/curva1.com.ar\/index.php?rest_route=%2Fwp%2Fv2%2Fcategories&post=4487"},{"taxonomy":"post_tag","embeddable":true,"href":"https:\/\/curva1.com.ar\/index.php?rest_route=%2Fwp%2Fv2%2Ftags&post=4487"}],"curies":[{"name":"wp","href":"https:\/\/api.w.org\/{rel}","templated":true}]}}