{"id":4560,"date":"2013-03-07T22:42:50","date_gmt":"2013-03-08T01:42:50","guid":{"rendered":"http:\/\/www.curva1.com.ar\/?p=4560"},"modified":"2013-03-07T22:44:59","modified_gmt":"2013-03-08T01:44:59","slug":"el-zonal-cuyano-podra-probar-hasta-el-viernes","status":"publish","type":"post","link":"https:\/\/curva1.com.ar\/?p=4560","title":{"rendered":"El Zonal Cuyano podr\u00e1 probar libremente hasta el viernes 15"},"content":{"rendered":"<p><img loading=\"lazy\" decoding=\"async\" class=\"aligncenter size-full wp-image-4561\" alt=\"P1710fa922\" src=\"http:\/\/www.curva1.com.ar\/wp-content\/uploads\/2013\/03\/P1710fa922.jpg\" width=\"500\" height=\"281\" srcset=\"https:\/\/curva1.com.ar\/wp-content\/uploads\/2013\/03\/P1710fa922.jpg 500w, https:\/\/curva1.com.ar\/wp-content\/uploads\/2013\/03\/P1710fa922-300x169.jpg 300w\" sizes=\"auto, (max-width: 500px) 100vw, 500px\" \/><\/p>\n<p>Seg\u00fan explican las Bases del Campeonato 2013, los pilotos podr\u00e1n probar hasta el viernes previo a la 1\u00ba fecha del calendario, por lo tanto, no hacen falta pruebas comunitarias, ya que ser\u00e1n pruebas libres el d\u00eda viernes 15 de marzo en San Mart\u00edn.<\/p>\n<p>As\u00ed dicen las bases:<\/p>\n<blockquote>\n<p align=\"left\">15)\u00a0 <span style=\"text-decoration: underline;\">LIMITACI\u00d3N DE PRUEBAS<\/span>:<\/p>\n<p align=\"left\"><b>\u00a0\u00a0\u00a0\u00a0\u00a0\u00a0\u00a0\u00a0 HASTA EL DIA VIERNES PREVIO A LA PRIMER FECHA DEL CAMPEONATO<\/b>, todas las Categor\u00edas<\/p>\n<p align=\"left\">\u00a0\u00a0\u00a0\u00a0\u00a0\u00a0\u00a0\u00a0 podr\u00e1n realizar pruebas en cualquier circuito, inclusive en el circuito que se va a realizar la primer<\/p>\n<p align=\"left\">\u00a0\u00a0\u00a0\u00a0\u00a0\u00a0\u00a0\u00a0 competencia del Campeonato, de acuerdo a las limitaciones impuestas por los Clubes propietarios de<\/p>\n<p align=\"left\">\u00a0\u00a0\u00a0\u00a0\u00a0\u00a0\u00a0\u00a0 los aut\u00f3dromos mencionados.-<\/p>\n<\/blockquote>\n","protected":false},"excerpt":{"rendered":"<p>Seg\u00fan explican las Bases del Campeonato 2013, los pilotos podr\u00e1n probar hasta el viernes previo<\/p>\n","protected":false},"author":1,"featured_media":4561,"comment_status":"open","ping_status":"closed","sticky":false,"template":"","format":"standard","meta":{"footnotes":""},"categories":[1],"tags":[],"class_list":["post-4560","post","type-post","status-publish","format-standard","has-post-thumbnail","hentry","category-zonal-cuyano"],"featured_image_urls":{"full":["https:\/\/curva1.com.ar\/wp-content\/uploads\/2013\/03\/P1710fa922.jpg",500,281,false],"thumbnail":["https:\/\/curva1.com.ar\/wp-content\/uploads\/2013\/03\/P1710fa922-300x169.jpg",300,169,true],"medium":["https:\/\/curva1.com.ar\/wp-content\/uploads\/2013\/03\/P1710fa922.jpg",500,281,false],"medium_large":["https:\/\/curva1.com.ar\/wp-content\/uploads\/2013\/03\/P1710fa922.jpg",500,281,false],"large":["https:\/\/curva1.com.ar\/wp-content\/uploads\/2013\/03\/P1710fa922.jpg",500,281,false],"1536x1536":["https:\/\/curva1.com.ar\/wp-content\/uploads\/2013\/03\/P1710fa922.jpg",500,281,false],"2048x2048":["https:\/\/curva1.com.ar\/wp-content\/uploads\/2013\/03\/P1710fa922.jpg",500,281,false],"chromenews-featured":["https:\/\/curva1.com.ar\/wp-content\/uploads\/2013\/03\/P1710fa922.jpg",500,281,false],"chromenews-large":["https:\/\/curva1.com.ar\/wp-content\/uploads\/2013\/03\/P1710fa922.jpg",500,281,false],"chromenews-medium":["https:\/\/curva1.com.ar\/wp-content\/uploads\/2013\/03\/P1710fa922.jpg",500,281,false]},"author_info":{"display_name":"Jos\u00e9 Bravo","author_link":"https:\/\/curva1.com.ar\/?author=1"},"category_info":"<a href=\"https:\/\/curva1.com.ar\/?cat=1\" rel=\"category\">Zonal Cuyano<\/a>","tag_info":"Zonal Cuyano","comment_count":"0","_links":{"self":[{"href":"https:\/\/curva1.com.ar\/index.php?rest_route=\/wp\/v2\/posts\/4560","targetHints":{"allow":["GET"]}}],"collection":[{"href":"https:\/\/curva1.com.ar\/index.php?rest_route=\/wp\/v2\/posts"}],"about":[{"href":"https:\/\/curva1.com.ar\/index.php?rest_route=\/wp\/v2\/types\/post"}],"author":[{"embeddable":true,"href":"https:\/\/curva1.com.ar\/index.php?rest_route=\/wp\/v2\/users\/1"}],"replies":[{"embeddable":true,"href":"https:\/\/curva1.com.ar\/index.php?rest_route=%2Fwp%2Fv2%2Fcomments&post=4560"}],"version-history":[{"count":3,"href":"https:\/\/curva1.com.ar\/index.php?rest_route=\/wp\/v2\/posts\/4560\/revisions"}],"predecessor-version":[{"id":4563,"href":"https:\/\/curva1.com.ar\/index.php?rest_route=\/wp\/v2\/posts\/4560\/revisions\/4563"}],"wp:featuredmedia":[{"embeddable":true,"href":"https:\/\/curva1.com.ar\/index.php?rest_route=\/wp\/v2\/media\/4561"}],"wp:attachment":[{"href":"https:\/\/curva1.com.ar\/index.php?rest_route=%2Fwp%2Fv2%2Fmedia&parent=4560"}],"wp:term":[{"taxonomy":"category","embeddable":true,"href":"https:\/\/curva1.com.ar\/index.php?rest_route=%2Fwp%2Fv2%2Fcategories&post=4560"},{"taxonomy":"post_tag","embeddable":true,"href":"https:\/\/curva1.com.ar\/index.php?rest_route=%2Fwp%2Fv2%2Ftags&post=4560"}],"curies":[{"name":"wp","href":"https:\/\/api.w.org\/{rel}","templated":true}]}}