{"id":4571,"date":"2013-03-08T13:49:10","date_gmt":"2013-03-08T16:49:10","guid":{"rendered":"http:\/\/www.curva1.com.ar\/?p=4571"},"modified":"2013-03-08T13:49:10","modified_gmt":"2013-03-08T16:49:10","slug":"el-team-de-daniel-gerardi-tiene-definido-sus-pilotos-para-el-zonal","status":"publish","type":"post","link":"https:\/\/curva1.com.ar\/?p=4571","title":{"rendered":"El team de Daniel Gerardi tiene definido sus pilotos para el Zonal"},"content":{"rendered":"<p><img loading=\"lazy\" decoding=\"async\" class=\"aligncenter size-full wp-image-4572\" alt=\"GEDSC DIGITAL CAMERA\" src=\"http:\/\/www.curva1.com.ar\/wp-content\/uploads\/2013\/03\/luis-maggini-DC0141.jpg\" width=\"500\" height=\"281\" srcset=\"https:\/\/curva1.com.ar\/wp-content\/uploads\/2013\/03\/luis-maggini-DC0141.jpg 500w, https:\/\/curva1.com.ar\/wp-content\/uploads\/2013\/03\/luis-maggini-DC0141-300x169.jpg 300w\" sizes=\"auto, (max-width: 500px) 100vw, 500px\" \/><\/p>\n<p>Daniel Gerardi dialog\u00f3 con Curva 1 y coment\u00f3 los autos que tendr\u00e1 bajo su estructura durante la temporada 2013.<\/p>\n<p><strong>&#8220;En el TC Cuyano vamos a tener a Lu\u00eds Maggini (foto) y a Inzirillo, pero este \u00faltimo a partir de la segunda fecha. Creo que ser\u00e1 un gran a\u00f1o para la categor\u00eda, que arrrancar\u00e1 seguramente con veinte autos o m\u00e1s. Hay otros en los que se est\u00e1 trabajando, pero eso es un buen n\u00famero&#8221;<\/strong> expres\u00f3.<\/p>\n<p><strong>&#8220;Para la Clase 2 contaremos con Ariel Persia, algunas carreras que realizar\u00e1 Dante Pontoni y haremos la parte mec\u00e1nica y asesoramiento en chasis para Gustavo Santib\u00e1\u00f1ez&#8221;<\/strong> finaliz\u00f3 Gerardi.<\/p>\n","protected":false},"excerpt":{"rendered":"<p>Daniel Gerardi dialog\u00f3 con Curva 1 y coment\u00f3 los autos que tendr\u00e1 bajo su estructura<\/p>\n","protected":false},"author":1,"featured_media":4572,"comment_status":"open","ping_status":"closed","sticky":false,"template":"","format":"standard","meta":{"footnotes":""},"categories":[1],"tags":[],"class_list":["post-4571","post","type-post","status-publish","format-standard","has-post-thumbnail","hentry","category-zonal-cuyano"],"featured_image_urls":{"full":["https:\/\/curva1.com.ar\/wp-content\/uploads\/2013\/03\/luis-maggini-DC0141.jpg",500,281,false],"thumbnail":["https:\/\/curva1.com.ar\/wp-content\/uploads\/2013\/03\/luis-maggini-DC0141-300x169.jpg",300,169,true],"medium":["https:\/\/curva1.com.ar\/wp-content\/uploads\/2013\/03\/luis-maggini-DC0141.jpg",500,281,false],"medium_large":["https:\/\/curva1.com.ar\/wp-content\/uploads\/2013\/03\/luis-maggini-DC0141.jpg",500,281,false],"large":["https:\/\/curva1.com.ar\/wp-content\/uploads\/2013\/03\/luis-maggini-DC0141.jpg",500,281,false],"1536x1536":["https:\/\/curva1.com.ar\/wp-content\/uploads\/2013\/03\/luis-maggini-DC0141.jpg",500,281,false],"2048x2048":["https:\/\/curva1.com.ar\/wp-content\/uploads\/2013\/03\/luis-maggini-DC0141.jpg",500,281,false],"chromenews-featured":["https:\/\/curva1.com.ar\/wp-content\/uploads\/2013\/03\/luis-maggini-DC0141.jpg",500,281,false],"chromenews-large":["https:\/\/curva1.com.ar\/wp-content\/uploads\/2013\/03\/luis-maggini-DC0141.jpg",500,281,false],"chromenews-medium":["https:\/\/curva1.com.ar\/wp-content\/uploads\/2013\/03\/luis-maggini-DC0141.jpg",500,281,false]},"author_info":{"display_name":"Jos\u00e9 Bravo","author_link":"https:\/\/curva1.com.ar\/?author=1"},"category_info":"<a href=\"https:\/\/curva1.com.ar\/?cat=1\" rel=\"category\">Zonal Cuyano<\/a>","tag_info":"Zonal Cuyano","comment_count":"0","_links":{"self":[{"href":"https:\/\/curva1.com.ar\/index.php?rest_route=\/wp\/v2\/posts\/4571","targetHints":{"allow":["GET"]}}],"collection":[{"href":"https:\/\/curva1.com.ar\/index.php?rest_route=\/wp\/v2\/posts"}],"about":[{"href":"https:\/\/curva1.com.ar\/index.php?rest_route=\/wp\/v2\/types\/post"}],"author":[{"embeddable":true,"href":"https:\/\/curva1.com.ar\/index.php?rest_route=\/wp\/v2\/users\/1"}],"replies":[{"embeddable":true,"href":"https:\/\/curva1.com.ar\/index.php?rest_route=%2Fwp%2Fv2%2Fcomments&post=4571"}],"version-history":[{"count":1,"href":"https:\/\/curva1.com.ar\/index.php?rest_route=\/wp\/v2\/posts\/4571\/revisions"}],"predecessor-version":[{"id":4573,"href":"https:\/\/curva1.com.ar\/index.php?rest_route=\/wp\/v2\/posts\/4571\/revisions\/4573"}],"wp:featuredmedia":[{"embeddable":true,"href":"https:\/\/curva1.com.ar\/index.php?rest_route=\/wp\/v2\/media\/4572"}],"wp:attachment":[{"href":"https:\/\/curva1.com.ar\/index.php?rest_route=%2Fwp%2Fv2%2Fmedia&parent=4571"}],"wp:term":[{"taxonomy":"category","embeddable":true,"href":"https:\/\/curva1.com.ar\/index.php?rest_route=%2Fwp%2Fv2%2Fcategories&post=4571"},{"taxonomy":"post_tag","embeddable":true,"href":"https:\/\/curva1.com.ar\/index.php?rest_route=%2Fwp%2Fv2%2Ftags&post=4571"}],"curies":[{"name":"wp","href":"https:\/\/api.w.org\/{rel}","templated":true}]}}