{"id":4576,"date":"2013-03-08T16:49:09","date_gmt":"2013-03-08T19:49:09","guid":{"rendered":"http:\/\/www.curva1.com.ar\/?p=4576"},"modified":"2013-03-08T16:49:09","modified_gmt":"2013-03-08T19:49:09","slug":"el-autodromo-del-este-tuvo-sus-primeras-pruebas-del-ano","status":"publish","type":"post","link":"https:\/\/curva1.com.ar\/?p=4576","title":{"rendered":"El aut\u00f3dromo del este tuvo sus primeras pruebas del a\u00f1o"},"content":{"rendered":"<p><img loading=\"lazy\" decoding=\"async\" class=\"aligncenter size-full wp-image-4577\" alt=\"GEDSC DIGITAL CAMERA\" src=\"http:\/\/www.curva1.com.ar\/wp-content\/uploads\/2013\/03\/GEDC00o904.jpg\" width=\"500\" height=\"281\" srcset=\"https:\/\/curva1.com.ar\/wp-content\/uploads\/2013\/03\/GEDC00o904.jpg 500w, https:\/\/curva1.com.ar\/wp-content\/uploads\/2013\/03\/GEDC00o904-300x169.jpg 300w\" sizes=\"auto, (max-width: 500px) 100vw, 500px\" \/><\/p>\n<p>El fin de semana pasado un nutrido grupo de motos de velocidad se hicieron presentes en el Jorge Angel Pena para probar sus unidades, recordando que el presidente de FEMAD confirm\u00f3 hace semanas atr\u00e1s a Curva 1 que las motos ser\u00e1n parte este a\u00f1o del Zonal Cuyano.<\/p>\n<p>Por otro lado, hoy viernes estuvo probando Jos\u00e9 Suriano, a bordo de su VW Gol de la categor\u00eda Clase 2.<\/p>\n","protected":false},"excerpt":{"rendered":"<p>El fin de semana pasado un nutrido grupo de motos de velocidad se hicieron presentes<\/p>\n","protected":false},"author":1,"featured_media":4578,"comment_status":"open","ping_status":"closed","sticky":false,"template":"","format":"standard","meta":{"footnotes":""},"categories":[1],"tags":[],"class_list":["post-4576","post","type-post","status-publish","format-standard","has-post-thumbnail","hentry","category-zonal-cuyano"],"featured_image_urls":{"full":["https:\/\/curva1.com.ar\/wp-content\/uploads\/2013\/03\/P1760fa529.jpg",200,113,false],"thumbnail":["https:\/\/curva1.com.ar\/wp-content\/uploads\/2013\/03\/P1760fa529.jpg",200,113,false],"medium":["https:\/\/curva1.com.ar\/wp-content\/uploads\/2013\/03\/P1760fa529.jpg",200,113,false],"medium_large":["https:\/\/curva1.com.ar\/wp-content\/uploads\/2013\/03\/P1760fa529.jpg",200,113,false],"large":["https:\/\/curva1.com.ar\/wp-content\/uploads\/2013\/03\/P1760fa529.jpg",200,113,false],"1536x1536":["https:\/\/curva1.com.ar\/wp-content\/uploads\/2013\/03\/P1760fa529.jpg",200,113,false],"2048x2048":["https:\/\/curva1.com.ar\/wp-content\/uploads\/2013\/03\/P1760fa529.jpg",200,113,false],"chromenews-featured":["https:\/\/curva1.com.ar\/wp-content\/uploads\/2013\/03\/P1760fa529.jpg",200,113,false],"chromenews-large":["https:\/\/curva1.com.ar\/wp-content\/uploads\/2013\/03\/P1760fa529.jpg",200,113,false],"chromenews-medium":["https:\/\/curva1.com.ar\/wp-content\/uploads\/2013\/03\/P1760fa529.jpg",200,113,false]},"author_info":{"display_name":"Jos\u00e9 Bravo","author_link":"https:\/\/curva1.com.ar\/?author=1"},"category_info":"<a href=\"https:\/\/curva1.com.ar\/?cat=1\" rel=\"category\">Zonal Cuyano<\/a>","tag_info":"Zonal Cuyano","comment_count":"0","_links":{"self":[{"href":"https:\/\/curva1.com.ar\/index.php?rest_route=\/wp\/v2\/posts\/4576","targetHints":{"allow":["GET"]}}],"collection":[{"href":"https:\/\/curva1.com.ar\/index.php?rest_route=\/wp\/v2\/posts"}],"about":[{"href":"https:\/\/curva1.com.ar\/index.php?rest_route=\/wp\/v2\/types\/post"}],"author":[{"embeddable":true,"href":"https:\/\/curva1.com.ar\/index.php?rest_route=\/wp\/v2\/users\/1"}],"replies":[{"embeddable":true,"href":"https:\/\/curva1.com.ar\/index.php?rest_route=%2Fwp%2Fv2%2Fcomments&post=4576"}],"version-history":[{"count":2,"href":"https:\/\/curva1.com.ar\/index.php?rest_route=\/wp\/v2\/posts\/4576\/revisions"}],"predecessor-version":[{"id":4580,"href":"https:\/\/curva1.com.ar\/index.php?rest_route=\/wp\/v2\/posts\/4576\/revisions\/4580"}],"wp:featuredmedia":[{"embeddable":true,"href":"https:\/\/curva1.com.ar\/index.php?rest_route=\/wp\/v2\/media\/4578"}],"wp:attachment":[{"href":"https:\/\/curva1.com.ar\/index.php?rest_route=%2Fwp%2Fv2%2Fmedia&parent=4576"}],"wp:term":[{"taxonomy":"category","embeddable":true,"href":"https:\/\/curva1.com.ar\/index.php?rest_route=%2Fwp%2Fv2%2Fcategories&post=4576"},{"taxonomy":"post_tag","embeddable":true,"href":"https:\/\/curva1.com.ar\/index.php?rest_route=%2Fwp%2Fv2%2Ftags&post=4576"}],"curies":[{"name":"wp","href":"https:\/\/api.w.org\/{rel}","templated":true}]}}