{"id":4581,"date":"2013-03-08T16:55:03","date_gmt":"2013-03-08T19:55:03","guid":{"rendered":"http:\/\/www.curva1.com.ar\/?p=4581"},"modified":"2013-03-08T17:00:12","modified_gmt":"2013-03-08T20:00:12","slug":"juan-bols-trabajo-sobre-varios-autos-del-zonal-cuyano-de-pista","status":"publish","type":"post","link":"https:\/\/curva1.com.ar\/?p=4581","title":{"rendered":"Juan Bols trabaj\u00f3 sobre varios autos del zonal cuyano de pista"},"content":{"rendered":"<p><img loading=\"lazy\" decoding=\"async\" class=\"aligncenter size-full wp-image-4582\" alt=\"GEDSC DIGITAL CAMERA\" src=\"http:\/\/www.curva1.com.ar\/wp-content\/uploads\/2013\/03\/GEDC70103.jpg\" width=\"500\" height=\"281\" srcset=\"https:\/\/curva1.com.ar\/wp-content\/uploads\/2013\/03\/GEDC70103.jpg 500w, https:\/\/curva1.com.ar\/wp-content\/uploads\/2013\/03\/GEDC70103-300x169.jpg 300w\" sizes=\"auto, (max-width: 500px) 100vw, 500px\" \/><\/p>\n<p>Juan Bols, l\u00edder en colocaci\u00f3n de parabrisas de competici\u00f3n en la zonal Cuyo, ha tenido una importante pre temporada con varios autos del Zonal Cuyano de Pista.<\/p>\n<p>Entre quienes ya ha colocados nuevos parabrisas se encuentra Diego Ru\u00edz (foto), Lu\u00eds Maggini y Hugo Gonz\u00e1lez, por parte de TC Cuyano.<\/p>\n<p>En la ma\u00f1ana estuvo trabajando en el auto de Mart\u00edn Figueroa (TP 1100) y hace algunos d\u00edas en el VW Gol de Jos\u00e9 Suriano (Clase 2).<\/p>\n<p>En Tradicionales, Alejandro Fiorenza tambi\u00e9n tiene nueva visi\u00f3n en su TC J\u00fanior.<\/p>\n","protected":false},"excerpt":{"rendered":"<p>Juan Bols, l\u00edder en colocaci\u00f3n de parabrisas de competici\u00f3n en la zonal Cuyo, ha tenido<\/p>\n","protected":false},"author":1,"featured_media":4582,"comment_status":"open","ping_status":"closed","sticky":false,"template":"","format":"standard","meta":{"footnotes":""},"categories":[1],"tags":[],"class_list":["post-4581","post","type-post","status-publish","format-standard","has-post-thumbnail","hentry","category-zonal-cuyano"],"featured_image_urls":{"full":["https:\/\/curva1.com.ar\/wp-content\/uploads\/2013\/03\/GEDC70103.jpg",500,281,false],"thumbnail":["https:\/\/curva1.com.ar\/wp-content\/uploads\/2013\/03\/GEDC70103-300x169.jpg",300,169,true],"medium":["https:\/\/curva1.com.ar\/wp-content\/uploads\/2013\/03\/GEDC70103.jpg",500,281,false],"medium_large":["https:\/\/curva1.com.ar\/wp-content\/uploads\/2013\/03\/GEDC70103.jpg",500,281,false],"large":["https:\/\/curva1.com.ar\/wp-content\/uploads\/2013\/03\/GEDC70103.jpg",500,281,false],"1536x1536":["https:\/\/curva1.com.ar\/wp-content\/uploads\/2013\/03\/GEDC70103.jpg",500,281,false],"2048x2048":["https:\/\/curva1.com.ar\/wp-content\/uploads\/2013\/03\/GEDC70103.jpg",500,281,false],"chromenews-featured":["https:\/\/curva1.com.ar\/wp-content\/uploads\/2013\/03\/GEDC70103.jpg",500,281,false],"chromenews-large":["https:\/\/curva1.com.ar\/wp-content\/uploads\/2013\/03\/GEDC70103.jpg",500,281,false],"chromenews-medium":["https:\/\/curva1.com.ar\/wp-content\/uploads\/2013\/03\/GEDC70103.jpg",500,281,false]},"author_info":{"display_name":"Jos\u00e9 Bravo","author_link":"https:\/\/curva1.com.ar\/?author=1"},"category_info":"<a href=\"https:\/\/curva1.com.ar\/?cat=1\" rel=\"category\">Zonal Cuyano<\/a>","tag_info":"Zonal Cuyano","comment_count":"0","_links":{"self":[{"href":"https:\/\/curva1.com.ar\/index.php?rest_route=\/wp\/v2\/posts\/4581","targetHints":{"allow":["GET"]}}],"collection":[{"href":"https:\/\/curva1.com.ar\/index.php?rest_route=\/wp\/v2\/posts"}],"about":[{"href":"https:\/\/curva1.com.ar\/index.php?rest_route=\/wp\/v2\/types\/post"}],"author":[{"embeddable":true,"href":"https:\/\/curva1.com.ar\/index.php?rest_route=\/wp\/v2\/users\/1"}],"replies":[{"embeddable":true,"href":"https:\/\/curva1.com.ar\/index.php?rest_route=%2Fwp%2Fv2%2Fcomments&post=4581"}],"version-history":[{"count":3,"href":"https:\/\/curva1.com.ar\/index.php?rest_route=\/wp\/v2\/posts\/4581\/revisions"}],"predecessor-version":[{"id":4584,"href":"https:\/\/curva1.com.ar\/index.php?rest_route=\/wp\/v2\/posts\/4581\/revisions\/4584"}],"wp:featuredmedia":[{"embeddable":true,"href":"https:\/\/curva1.com.ar\/index.php?rest_route=\/wp\/v2\/media\/4582"}],"wp:attachment":[{"href":"https:\/\/curva1.com.ar\/index.php?rest_route=%2Fwp%2Fv2%2Fmedia&parent=4581"}],"wp:term":[{"taxonomy":"category","embeddable":true,"href":"https:\/\/curva1.com.ar\/index.php?rest_route=%2Fwp%2Fv2%2Fcategories&post=4581"},{"taxonomy":"post_tag","embeddable":true,"href":"https:\/\/curva1.com.ar\/index.php?rest_route=%2Fwp%2Fv2%2Ftags&post=4581"}],"curies":[{"name":"wp","href":"https:\/\/api.w.org\/{rel}","templated":true}]}}