{"id":46013,"date":"2025-11-14T19:55:32","date_gmt":"2025-11-14T22:55:32","guid":{"rendered":"https:\/\/curva1.com.ar\/?p=46013"},"modified":"2025-11-14T19:55:32","modified_gmt":"2025-11-14T22:55:32","slug":"karting-mendocino-cierra-la-temporada-con-fecha-nocturna","status":"publish","type":"post","link":"https:\/\/curva1.com.ar\/?p=46013","title":{"rendered":"Karting Mendocino cierra la temporada con fecha nocturna"},"content":{"rendered":"<p><img loading=\"lazy\" decoding=\"async\" class=\"aligncenter size-full wp-image-121183\" src=\"http:\/\/curva1kart.com.ar\/noticias\/wp-content\/uploads\/2025\/11\/IMG_9714.jpg\" alt=\"\" width=\"1280\" height=\"853\" \/><\/p>\n<p>Este fin de semana se termina la temporada anual del <strong>Karting Mendocino de Asfalto,<\/strong> con una fecha nocturna en el <strong>Kart\u00f3dromo Ciudad de San Mart\u00edn.<\/strong><\/p>\n<p>La octava carrera &#8220;coronaci\u00f3n&#8221; tendr\u00e1 actividad es viernes desde las 20 horas con pruebas y clasificaci\u00f3n, quedando para el s\u00e1bado tambi\u00e9n desde las 20) con las series y finales, que definir\u00e1n los campeones 2025.<\/p>\n<h3>SIN CAMPEONES<\/h3>\n<p>Los campeonatos est\u00e1n &#8220;que arden&#8221; y no se ha definido ninguna categor\u00eda. Para ser campe\u00f3n es necesario sumar la mayor cantidad de puntos, pero tambi\u00e9n es requisito haber ganado 1 final o 3 series.<\/p>\n<p>Tal es el caso de Luciano Vicino (125 Senior) y Bautista Vega (Promocional IAME 60) que llegan al coronaci\u00f3n como l\u00edderes, pero todav\u00eda les falta la victoria.<\/p>\n<p>En Infantil manda Galo Pontoni, Mart\u00edn Granjeto en Super 4T, Nico Soler en 125 Master y Santiago Ortega en Guerrero 150.<\/p>\n<h3>CLIMA<\/h3>\n<p><img loading=\"lazy\" decoding=\"async\" class=\"aligncenter size-full wp-image-121156\" src=\"http:\/\/curva1kart.com.ar\/noticias\/wp-content\/uploads\/2025\/11\/Captura-de-pantalla-2025-11-12-230233.png\" alt=\"\" width=\"579\" height=\"330\" \/><\/p>\n<h3>HORARIOS<\/h3>\n<p><img loading=\"lazy\" decoding=\"async\" class=\"aligncenter size-full wp-image-121154\" src=\"http:\/\/curva1kart.com.ar\/noticias\/wp-content\/uploads\/2025\/11\/VIERNES.png\" alt=\"\" width=\"1080\" height=\"1350\" \/> <img loading=\"lazy\" decoding=\"async\" class=\"aligncenter size-full wp-image-121155\" src=\"http:\/\/curva1kart.com.ar\/noticias\/wp-content\/uploads\/2025\/11\/SABADO.png\" alt=\"\" width=\"1080\" height=\"1350\" \/><\/p>\n","protected":false},"excerpt":{"rendered":"<p>Este fin de semana se termina la temporada anual del Karting Mendocino de Asfalto, con<\/p>\n","protected":false},"author":1,"featured_media":46014,"comment_status":"closed","ping_status":"closed","sticky":false,"template":"","format":"standard","meta":{"footnotes":""},"categories":[4],"tags":[],"class_list":["post-46013","post","type-post","status-publish","format-standard","has-post-thumbnail","hentry","category-karting"],"featured_image_urls":{"full":["https:\/\/curva1.com.ar\/wp-content\/uploads\/2025\/11\/IMG_9714.jpg",1280,853,false],"thumbnail":["https:\/\/curva1.com.ar\/wp-content\/uploads\/2025\/11\/IMG_9714-300x169.jpg",300,169,true],"medium":["https:\/\/curva1.com.ar\/wp-content\/uploads\/2025\/11\/IMG_9714-810x540.jpg",810,540,true],"medium_large":["https:\/\/curva1.com.ar\/wp-content\/uploads\/2025\/11\/IMG_9714-768x512.jpg",640,427,true],"large":["https:\/\/curva1.com.ar\/wp-content\/uploads\/2025\/11\/IMG_9714-810x540.jpg",640,427,true],"1536x1536":["https:\/\/curva1.com.ar\/wp-content\/uploads\/2025\/11\/IMG_9714.jpg",1280,853,false],"2048x2048":["https:\/\/curva1.com.ar\/wp-content\/uploads\/2025\/11\/IMG_9714.jpg",1280,853,false],"chromenews-featured":["https:\/\/curva1.com.ar\/wp-content\/uploads\/2025\/11\/IMG_9714.jpg",1024,682,false],"chromenews-large":["https:\/\/curva1.com.ar\/wp-content\/uploads\/2025\/11\/IMG_9714.jpg",825,550,false],"chromenews-medium":["https:\/\/curva1.com.ar\/wp-content\/uploads\/2025\/11\/IMG_9714.jpg",590,393,false]},"author_info":{"display_name":"Jos\u00e9 Bravo","author_link":"https:\/\/curva1.com.ar\/?author=1"},"category_info":"<a href=\"https:\/\/curva1.com.ar\/?cat=4\" rel=\"category\">Karting Asfalto<\/a>","tag_info":"Karting Asfalto","comment_count":"0","_links":{"self":[{"href":"https:\/\/curva1.com.ar\/index.php?rest_route=\/wp\/v2\/posts\/46013","targetHints":{"allow":["GET"]}}],"collection":[{"href":"https:\/\/curva1.com.ar\/index.php?rest_route=\/wp\/v2\/posts"}],"about":[{"href":"https:\/\/curva1.com.ar\/index.php?rest_route=\/wp\/v2\/types\/post"}],"author":[{"embeddable":true,"href":"https:\/\/curva1.com.ar\/index.php?rest_route=\/wp\/v2\/users\/1"}],"replies":[{"embeddable":true,"href":"https:\/\/curva1.com.ar\/index.php?rest_route=%2Fwp%2Fv2%2Fcomments&post=46013"}],"version-history":[{"count":1,"href":"https:\/\/curva1.com.ar\/index.php?rest_route=\/wp\/v2\/posts\/46013\/revisions"}],"predecessor-version":[{"id":46015,"href":"https:\/\/curva1.com.ar\/index.php?rest_route=\/wp\/v2\/posts\/46013\/revisions\/46015"}],"wp:featuredmedia":[{"embeddable":true,"href":"https:\/\/curva1.com.ar\/index.php?rest_route=\/wp\/v2\/media\/46014"}],"wp:attachment":[{"href":"https:\/\/curva1.com.ar\/index.php?rest_route=%2Fwp%2Fv2%2Fmedia&parent=46013"}],"wp:term":[{"taxonomy":"category","embeddable":true,"href":"https:\/\/curva1.com.ar\/index.php?rest_route=%2Fwp%2Fv2%2Fcategories&post=46013"},{"taxonomy":"post_tag","embeddable":true,"href":"https:\/\/curva1.com.ar\/index.php?rest_route=%2Fwp%2Fv2%2Ftags&post=46013"}],"curies":[{"name":"wp","href":"https:\/\/api.w.org\/{rel}","templated":true}]}}