{"id":4602,"date":"2013-03-11T13:24:31","date_gmt":"2013-03-11T16:24:31","guid":{"rendered":"http:\/\/www.curva1.com.ar\/?p=4602"},"modified":"2013-03-11T10:25:14","modified_gmt":"2013-03-11T13:25:14","slug":"a-pesar-de-lo-que-se-dijo-ayer-san-martin-quiere-una-fecha-del-tn","status":"publish","type":"post","link":"https:\/\/curva1.com.ar\/?p=4602","title":{"rendered":"San Mart\u00edn no se dar\u00e1 por vencino y quiere una fecha del TN"},"content":{"rendered":"<p><img loading=\"lazy\" decoding=\"async\" class=\"aligncenter size-full wp-image-4603\" alt=\"gal-517422\" src=\"http:\/\/www.curva1.com.ar\/wp-content\/uploads\/2013\/03\/gal-517422.jpg\" width=\"500\" height=\"282\" srcset=\"https:\/\/curva1.com.ar\/wp-content\/uploads\/2013\/03\/gal-517422.jpg 500w, https:\/\/curva1.com.ar\/wp-content\/uploads\/2013\/03\/gal-517422-300x169.jpg 300w\" sizes=\"auto, (max-width: 500px) 100vw, 500px\" \/><\/p>\n<p>En enero pasado, el Turismo Nacional hab\u00eda designado los escenarios para las seis primeras fechas de la actual temporada y ya cumpli\u00f3 con dos (La Plata y Trelew). Las restantes seis citas del calendario eran una inc\u00f3gnita y Mendoza, mediante el aut\u00f3dromo Ciudad de San Mart\u00edn, pod\u00eda ser una de las sedes a ocupar una vacante.<\/p>\n<p>Sin embargo, Hugo Paoletti (presidente de la Asociaci\u00f3n Pilotos Autom\u00f3viles de Turismo) ech\u00f3 por tierra esas posibilidades. Es que antes de disputarse la competencia final de Clase 3 ayer, en el circuito chubutense, la m\u00e1xima autoridad de la categor\u00eda indic\u00f3 que el campeonato ya termin\u00f3 de tomar forma.<\/p>\n<p><strong>\u201cLa idea era estar en La Rioja despu\u00e9s de la sexta fecha en San Jorge, en julio. Pero no iremos a esa provincia; apuntamos fuerte a Neuqu\u00e9n que, casi con seguridad, ser\u00e1 sede de la s\u00e9ptima fecha\u201d,<\/strong> comenz\u00f3 diciendo Paoletti.<\/p>\n<p>Inmediatamente, tir\u00f3 los restantes escenarios.<strong> \u201cLuego iremos en agosto a Posadas, en setiembre a Termas de R\u00edo Hondo, en octubre volveremos a Misiones para correr en Ober\u00e1, la pen\u00faltima fecha ser\u00e1 en noviembre en el Cabal\u00e9n de Alta Gracia y el Gran Premio Coronaci\u00f3n tendr\u00e1 lugar en el circuito de La Pampa, en diciembre\u201d.<\/strong><\/p>\n<p>De esta manera, el circuito Jorge \u00c1ngel Pena vuelve a quedarse fuera del calendario de una de las categor\u00edas que Rodolfo Gatto (titular de la Asociaci\u00f3n Volantes del Este) m\u00e1s deseaba para recuperar en 2013.<\/p>\n<p>Precisamente el presidente del club sanmartiniano fue consultado por M\u00e1s Deportes y asegur\u00f3: <strong>\u201cNosotros no vamos a bajar los brazos. Escuch\u00e9 lo que dijo Paoletti y no estaba al tanto de los restantes escenarios, por eso vamos a hablar en los pr\u00f3ximos d\u00edas para conocer m\u00e1s detalles. <\/strong><strong>La s\u00e9ptima fecha es una inc\u00f3gnita y se habla de Neuqu\u00e9n, as\u00ed que veremos qu\u00e9 pasa. El TN est\u00e1 espectacular y nosotros queremos traerlo\u201d.<\/strong><\/p>\n<p>Los Andes.<\/p>\n","protected":false},"excerpt":{"rendered":"<p>En enero pasado, el Turismo Nacional hab\u00eda designado los escenarios para las seis primeras fechas<\/p>\n","protected":false},"author":1,"featured_media":4603,"comment_status":"open","ping_status":"closed","sticky":false,"template":"","format":"standard","meta":{"footnotes":""},"categories":[6],"tags":[],"class_list":["post-4602","post","type-post","status-publish","format-standard","has-post-thumbnail","hentry","category-nacionales"],"featured_image_urls":{"full":["https:\/\/curva1.com.ar\/wp-content\/uploads\/2013\/03\/gal-517422.jpg",500,282,false],"thumbnail":["https:\/\/curva1.com.ar\/wp-content\/uploads\/2013\/03\/gal-517422-300x169.jpg",300,169,true],"medium":["https:\/\/curva1.com.ar\/wp-content\/uploads\/2013\/03\/gal-517422.jpg",500,282,false],"medium_large":["https:\/\/curva1.com.ar\/wp-content\/uploads\/2013\/03\/gal-517422.jpg",500,282,false],"large":["https:\/\/curva1.com.ar\/wp-content\/uploads\/2013\/03\/gal-517422.jpg",500,282,false],"1536x1536":["https:\/\/curva1.com.ar\/wp-content\/uploads\/2013\/03\/gal-517422.jpg",500,282,false],"2048x2048":["https:\/\/curva1.com.ar\/wp-content\/uploads\/2013\/03\/gal-517422.jpg",500,282,false],"chromenews-featured":["https:\/\/curva1.com.ar\/wp-content\/uploads\/2013\/03\/gal-517422.jpg",500,282,false],"chromenews-large":["https:\/\/curva1.com.ar\/wp-content\/uploads\/2013\/03\/gal-517422.jpg",500,282,false],"chromenews-medium":["https:\/\/curva1.com.ar\/wp-content\/uploads\/2013\/03\/gal-517422.jpg",500,282,false]},"author_info":{"display_name":"Jos\u00e9 Bravo","author_link":"https:\/\/curva1.com.ar\/?author=1"},"category_info":"<a href=\"https:\/\/curva1.com.ar\/?cat=6\" rel=\"category\">Nacionales<\/a>","tag_info":"Nacionales","comment_count":"0","_links":{"self":[{"href":"https:\/\/curva1.com.ar\/index.php?rest_route=\/wp\/v2\/posts\/4602","targetHints":{"allow":["GET"]}}],"collection":[{"href":"https:\/\/curva1.com.ar\/index.php?rest_route=\/wp\/v2\/posts"}],"about":[{"href":"https:\/\/curva1.com.ar\/index.php?rest_route=\/wp\/v2\/types\/post"}],"author":[{"embeddable":true,"href":"https:\/\/curva1.com.ar\/index.php?rest_route=\/wp\/v2\/users\/1"}],"replies":[{"embeddable":true,"href":"https:\/\/curva1.com.ar\/index.php?rest_route=%2Fwp%2Fv2%2Fcomments&post=4602"}],"version-history":[{"count":4,"href":"https:\/\/curva1.com.ar\/index.php?rest_route=\/wp\/v2\/posts\/4602\/revisions"}],"predecessor-version":[{"id":4607,"href":"https:\/\/curva1.com.ar\/index.php?rest_route=\/wp\/v2\/posts\/4602\/revisions\/4607"}],"wp:featuredmedia":[{"embeddable":true,"href":"https:\/\/curva1.com.ar\/index.php?rest_route=\/wp\/v2\/media\/4603"}],"wp:attachment":[{"href":"https:\/\/curva1.com.ar\/index.php?rest_route=%2Fwp%2Fv2%2Fmedia&parent=4602"}],"wp:term":[{"taxonomy":"category","embeddable":true,"href":"https:\/\/curva1.com.ar\/index.php?rest_route=%2Fwp%2Fv2%2Fcategories&post=4602"},{"taxonomy":"post_tag","embeddable":true,"href":"https:\/\/curva1.com.ar\/index.php?rest_route=%2Fwp%2Fv2%2Ftags&post=4602"}],"curies":[{"name":"wp","href":"https:\/\/api.w.org\/{rel}","templated":true}]}}