{"id":46237,"date":"2026-01-25T19:39:47","date_gmt":"2026-01-25T22:39:47","guid":{"rendered":"https:\/\/curva1.com.ar\/?p=46237"},"modified":"2026-01-25T19:41:33","modified_gmt":"2026-01-25T22:41:33","slug":"46237","status":"publish","type":"post","link":"https:\/\/curva1.com.ar\/?p=46237","title":{"rendered":"Debut y victoria de Fabrizio Maggini en TC Mouras"},"content":{"rendered":"<p><img loading=\"lazy\" decoding=\"async\" class=\"aligncenter size-full wp-image-46238\" src=\"https:\/\/curva1.com.ar\/wp-content\/uploads\/2026\/01\/aea.jpg\" alt=\"\" width=\"1080\" height=\"720\" srcset=\"https:\/\/curva1.com.ar\/wp-content\/uploads\/2026\/01\/aea.jpg 1080w, https:\/\/curva1.com.ar\/wp-content\/uploads\/2026\/01\/aea-810x540.jpg 810w, https:\/\/curva1.com.ar\/wp-content\/uploads\/2026\/01\/aea-768x512.jpg 768w, https:\/\/curva1.com.ar\/wp-content\/uploads\/2026\/01\/aea-1024x683.jpg 1024w\" sizes=\"auto, (max-width: 1080px) 100vw, 1080px\" \/><\/p>\n<p><strong>Fabrizio Maggini<\/strong>\u00a0tuvo un estreno so\u00f1ado en el\u00a0<strong>TC Mouras<\/strong>, al quedarse con la victoria en la primera fecha del campeonato, disputada en el Aut\u00f3dromo Roberto Mouras de\u00a0<strong>La Plata<\/strong>. El piloto del\u00a0<strong>Valle de Uco<\/strong>\u00a0coron\u00f3 un fin de semana de menor a mayor y escribi\u00f3 una p\u00e1gina hist\u00f3rica al imponerse en su\u00a0<strong>primera presentaci\u00f3n en la divisional<\/strong>.<\/p>\n<p>Durante el fin de semana, Maggini mostr\u00f3 una r\u00e1pida adaptaci\u00f3n al\u00a0<strong>Ford\u00a0<\/strong>del\u00a0<strong>Rus Med Team<\/strong>, siendo competitivo desde los entrenamientos, donde evidenci\u00f3 un muy buen ritmo. En la clasificaci\u00f3n, sin embargo, no pudo redondear una vuelta limpia y debi\u00f3 conformarse con el sexto puesto, quedando algo relegado de cara a la serie.<\/p>\n<p>El domingo fue determinante. En la serie clasificatoria,\u00a0<strong>Fabrizio\u00a0<\/strong>protagoniz\u00f3 una gran remontada y finaliz\u00f3\u00a0<strong>segundo<\/strong>, resultado que le permiti\u00f3 largar\u00a0<strong>desde la primera fila la final<\/strong>.<\/p>\n<p>En la competencia final, el piloto\u00a0<strong>mendocino\u00a0<\/strong>tuvo una excelente largada y r\u00e1pidamente se adue\u00f1\u00f3 de la punta, posici\u00f3n que defendi\u00f3 con autoridad hasta la\u00a0<strong>bandera a cuadros<\/strong>. Primero soport\u00f3 los ataques de Nicol\u00e1s Jaime y luego los de Santino Ortiz, demostrando solidez, inteligencia y experiencia para sostener el liderazgo.<\/p>\n<p><em>\u201cVen\u00edamos con un proyecto de menos a m\u00e1s. Nuestro objetivo era estar entre los diez y ya con eso est\u00e1bamos satisfechos. Por eso este triunfo es un logro impensado para m\u00ed, para mi viejo, para toda la familia, el equipo y los sponsors\u201d<\/em>, expres\u00f3\u00a0<strong>Maggini\u00a0<\/strong>tras la competencia.<\/p>\n<p>Sobre la maniobra clave de la carrera, el ganador explic\u00f3:\u00a0<em>\u201cTuvimos una buena largada, se qued\u00f3 un poco Jaime y aprovechamos. Despu\u00e9s fue cuesti\u00f3n de cubrir a los que ven\u00edan atr\u00e1s, defender y aguantar hasta el final\u201d<\/em>.<\/p>\n<p>El festejo fue completo, con el podio, la copa, el champagne y la familia acompa\u00f1ando un momento inolvidable.\u00a0<em>\u201cEstoy muy contento por el resultado. Esto reci\u00e9n empieza y vamos a ir a pelear el campeonato\u201d<\/em>, concluy\u00f3 el mendocino.<\/p>\n<hr \/>\n<p style=\"text-align: center;\"><iframe loading=\"lazy\" style=\"border: none; overflow: hidden;\" src=\"https:\/\/www.facebook.com\/plugins\/video.php?height=314&amp;href=https%3A%2F%2Fwww.facebook.com%2Freel%2F1408790494364633%2F&amp;show_text=false&amp;width=560&amp;t=0\" width=\"560\" height=\"314\" frameborder=\"0\" scrolling=\"no\" allowfullscreen=\"allowfullscreen\"><\/iframe><\/p>\n<hr \/>\n<p><img loading=\"lazy\" decoding=\"async\" class=\"aligncenter size-full wp-image-46239\" src=\"https:\/\/curva1.com.ar\/wp-content\/uploads\/2026\/01\/unnamed-5.jpg\" alt=\"\" width=\"1079\" height=\"719\" srcset=\"https:\/\/curva1.com.ar\/wp-content\/uploads\/2026\/01\/unnamed-5.jpg 1079w, https:\/\/curva1.com.ar\/wp-content\/uploads\/2026\/01\/unnamed-5-810x540.jpg 810w, https:\/\/curva1.com.ar\/wp-content\/uploads\/2026\/01\/unnamed-5-768x512.jpg 768w, https:\/\/curva1.com.ar\/wp-content\/uploads\/2026\/01\/unnamed-5-1024x682.jpg 1024w\" sizes=\"auto, (max-width: 1079px) 100vw, 1079px\" \/> <img loading=\"lazy\" decoding=\"async\" class=\"aligncenter size-full wp-image-46240\" src=\"https:\/\/curva1.com.ar\/wp-content\/uploads\/2026\/01\/unnamed-4.jpg\" alt=\"\" width=\"1079\" height=\"719\" srcset=\"https:\/\/curva1.com.ar\/wp-content\/uploads\/2026\/01\/unnamed-4.jpg 1079w, https:\/\/curva1.com.ar\/wp-content\/uploads\/2026\/01\/unnamed-4-810x540.jpg 810w, https:\/\/curva1.com.ar\/wp-content\/uploads\/2026\/01\/unnamed-4-768x512.jpg 768w, https:\/\/curva1.com.ar\/wp-content\/uploads\/2026\/01\/unnamed-4-1024x682.jpg 1024w\" sizes=\"auto, (max-width: 1079px) 100vw, 1079px\" \/> <img loading=\"lazy\" decoding=\"async\" class=\"aligncenter size-full wp-image-46241\" src=\"https:\/\/curva1.com.ar\/wp-content\/uploads\/2026\/01\/unnamed-3.jpg\" alt=\"\" width=\"1080\" height=\"1350\" srcset=\"https:\/\/curva1.com.ar\/wp-content\/uploads\/2026\/01\/unnamed-3.jpg 1080w, https:\/\/curva1.com.ar\/wp-content\/uploads\/2026\/01\/unnamed-3-432x540.jpg 432w, https:\/\/curva1.com.ar\/wp-content\/uploads\/2026\/01\/unnamed-3-768x960.jpg 768w, https:\/\/curva1.com.ar\/wp-content\/uploads\/2026\/01\/unnamed-3-1024x1280.jpg 1024w\" sizes=\"auto, (max-width: 1080px) 100vw, 1080px\" \/> <img loading=\"lazy\" decoding=\"async\" class=\"aligncenter size-full wp-image-46242\" src=\"https:\/\/curva1.com.ar\/wp-content\/uploads\/2026\/01\/unnamed-2.jpg\" alt=\"\" width=\"1080\" height=\"1350\" srcset=\"https:\/\/curva1.com.ar\/wp-content\/uploads\/2026\/01\/unnamed-2.jpg 1080w, https:\/\/curva1.com.ar\/wp-content\/uploads\/2026\/01\/unnamed-2-432x540.jpg 432w, https:\/\/curva1.com.ar\/wp-content\/uploads\/2026\/01\/unnamed-2-768x960.jpg 768w, https:\/\/curva1.com.ar\/wp-content\/uploads\/2026\/01\/unnamed-2-1024x1280.jpg 1024w\" sizes=\"auto, (max-width: 1080px) 100vw, 1080px\" \/> <img loading=\"lazy\" decoding=\"async\" class=\"aligncenter size-full wp-image-46243\" src=\"https:\/\/curva1.com.ar\/wp-content\/uploads\/2026\/01\/unnamed-1.jpg\" alt=\"\" width=\"1080\" height=\"1350\" srcset=\"https:\/\/curva1.com.ar\/wp-content\/uploads\/2026\/01\/unnamed-1.jpg 1080w, https:\/\/curva1.com.ar\/wp-content\/uploads\/2026\/01\/unnamed-1-432x540.jpg 432w, https:\/\/curva1.com.ar\/wp-content\/uploads\/2026\/01\/unnamed-1-768x960.jpg 768w, https:\/\/curva1.com.ar\/wp-content\/uploads\/2026\/01\/unnamed-1-1024x1280.jpg 1024w\" sizes=\"auto, (max-width: 1080px) 100vw, 1080px\" \/><\/p>\n","protected":false},"excerpt":{"rendered":"<p>Fabrizio Maggini\u00a0tuvo un estreno so\u00f1ado en el\u00a0TC Mouras, al quedarse con la victoria en la<\/p>\n","protected":false},"author":1,"featured_media":46238,"comment_status":"closed","ping_status":"closed","sticky":false,"template":"","format":"standard","meta":{"footnotes":""},"categories":[6],"tags":[],"class_list":["post-46237","post","type-post","status-publish","format-standard","has-post-thumbnail","hentry","category-nacionales"],"featured_image_urls":{"full":["https:\/\/curva1.com.ar\/wp-content\/uploads\/2026\/01\/aea.jpg",1080,720,false],"thumbnail":["https:\/\/curva1.com.ar\/wp-content\/uploads\/2026\/01\/aea-300x169.jpg",300,169,true],"medium":["https:\/\/curva1.com.ar\/wp-content\/uploads\/2026\/01\/aea-810x540.jpg",810,540,true],"medium_large":["https:\/\/curva1.com.ar\/wp-content\/uploads\/2026\/01\/aea-768x512.jpg",640,427,true],"large":["https:\/\/curva1.com.ar\/wp-content\/uploads\/2026\/01\/aea-810x540.jpg",640,427,true],"1536x1536":["https:\/\/curva1.com.ar\/wp-content\/uploads\/2026\/01\/aea.jpg",1080,720,false],"2048x2048":["https:\/\/curva1.com.ar\/wp-content\/uploads\/2026\/01\/aea.jpg",1080,720,false],"chromenews-featured":["https:\/\/curva1.com.ar\/wp-content\/uploads\/2026\/01\/aea-1024x683.jpg",1024,683,true],"chromenews-large":["https:\/\/curva1.com.ar\/wp-content\/uploads\/2026\/01\/aea-825x575.jpg",825,575,true],"chromenews-medium":["https:\/\/curva1.com.ar\/wp-content\/uploads\/2026\/01\/aea-590x410.jpg",590,410,true]},"author_info":{"display_name":"Jos\u00e9 Bravo","author_link":"https:\/\/curva1.com.ar\/?author=1"},"category_info":"<a href=\"https:\/\/curva1.com.ar\/?cat=6\" rel=\"category\">Nacionales<\/a>","tag_info":"Nacionales","comment_count":"0","yoast_head":"<!-- This site is optimized with the Yoast SEO Premium plugin v14.7 - https:\/\/yoast.com\/wordpress\/plugins\/seo\/ -->\n<title>Debut y victoria de Fabrizio Maggini en TC Mouras - Curva 1<\/title>\n<meta name=\"robots\" content=\"index, follow\" \/>\n<meta name=\"googlebot\" content=\"index, follow, max-snippet:-1, max-image-preview:large, max-video-preview:-1\" \/>\n<meta name=\"bingbot\" content=\"index, follow, max-snippet:-1, max-image-preview:large, max-video-preview:-1\" \/>\n<link rel=\"canonical\" href=\"https:\/\/curva1.com.ar\/?p=46237\" \/>\n<meta property=\"og:locale\" content=\"en_US\" \/>\n<meta property=\"og:type\" content=\"article\" \/>\n<meta property=\"og:title\" content=\"Debut y victoria de Fabrizio Maggini en TC Mouras - Curva 1\" \/>\n<meta property=\"og:description\" content=\"Fabrizio Maggini\u00a0tuvo un estreno so\u00f1ado en el\u00a0TC Mouras, al quedarse con la victoria en la\" \/>\n<meta property=\"og:url\" content=\"https:\/\/curva1.com.ar\/?p=46237\" \/>\n<meta property=\"og:site_name\" content=\"Curva 1\" \/>\n<meta property=\"article:publisher\" content=\"https:\/\/www.facebook.com\/revistacurva1\/\" \/>\n<meta property=\"article:published_time\" content=\"2026-01-25T22:39:47+00:00\" \/>\n<meta property=\"article:modified_time\" content=\"2026-01-25T22:41:33+00:00\" \/>\n<meta property=\"og:image\" content=\"https:\/\/curva1.com.ar\/wp-content\/uploads\/2026\/01\/aea.jpg\" \/>\n\t<meta property=\"og:image:width\" content=\"1080\" \/>\n\t<meta property=\"og:image:height\" content=\"720\" \/>\n<meta property=\"fb:app_id\" content=\"1593067817533208\" \/>\n<meta name=\"twitter:card\" content=\"summary_large_image\" \/>\n<meta name=\"twitter:creator\" content=\"@curva1mendoza\" \/>\n<meta name=\"twitter:site\" content=\"@curva1mendoza\" \/>\n<script type=\"application\/ld+json\" class=\"yoast-schema-graph\">{\"@context\":\"https:\/\/schema.org\",\"@graph\":[{\"@type\":\"WebSite\",\"@id\":\"https:\/\/curva1.com.ar\/#website\",\"url\":\"https:\/\/curva1.com.ar\/\",\"name\":\"Curva 1\",\"description\":\"Automovilismo de Mendoza\",\"potentialAction\":[{\"@type\":\"SearchAction\",\"target\":\"https:\/\/curva1.com.ar\/?s={search_term_string}\",\"query-input\":\"required name=search_term_string\"}],\"inLanguage\":\"en-US\"},{\"@type\":\"ImageObject\",\"@id\":\"https:\/\/curva1.com.ar\/?p=46237#primaryimage\",\"inLanguage\":\"en-US\",\"url\":\"https:\/\/curva1.com.ar\/wp-content\/uploads\/2026\/01\/aea.jpg\",\"width\":1080,\"height\":720},{\"@type\":\"WebPage\",\"@id\":\"https:\/\/curva1.com.ar\/?p=46237#webpage\",\"url\":\"https:\/\/curva1.com.ar\/?p=46237\",\"name\":\"Debut y victoria de Fabrizio Maggini en TC Mouras - Curva 1\",\"isPartOf\":{\"@id\":\"https:\/\/curva1.com.ar\/#website\"},\"primaryImageOfPage\":{\"@id\":\"https:\/\/curva1.com.ar\/?p=46237#primaryimage\"},\"datePublished\":\"2026-01-25T22:39:47+00:00\",\"dateModified\":\"2026-01-25T22:41:33+00:00\",\"author\":{\"@id\":\"https:\/\/curva1.com.ar\/#\/schema\/person\/f5fd12984d70df7314fbd9ab42f31033\"},\"inLanguage\":\"en-US\",\"potentialAction\":[{\"@type\":\"ReadAction\",\"target\":[\"https:\/\/curva1.com.ar\/?p=46237\"]}]},{\"@type\":[\"Person\"],\"@id\":\"https:\/\/curva1.com.ar\/#\/schema\/person\/f5fd12984d70df7314fbd9ab42f31033\",\"name\":\"Jos\\u00e9 Bravo\",\"image\":{\"@type\":\"ImageObject\",\"@id\":\"https:\/\/curva1.com.ar\/#personlogo\",\"inLanguage\":\"en-US\",\"url\":\"https:\/\/secure.gravatar.com\/avatar\/3ae0b1fdc6ddeb723a6e6c23609ed39de1d40a94b8112fd2c0c2032e2dabf28b?s=96&d=identicon&r=g\",\"caption\":\"Jos\\u00e9 Bravo\"}}]}<\/script>\n<!-- \/ Yoast SEO Premium plugin. -->","_links":{"self":[{"href":"https:\/\/curva1.com.ar\/index.php?rest_route=\/wp\/v2\/posts\/46237","targetHints":{"allow":["GET"]}}],"collection":[{"href":"https:\/\/curva1.com.ar\/index.php?rest_route=\/wp\/v2\/posts"}],"about":[{"href":"https:\/\/curva1.com.ar\/index.php?rest_route=\/wp\/v2\/types\/post"}],"author":[{"embeddable":true,"href":"https:\/\/curva1.com.ar\/index.php?rest_route=\/wp\/v2\/users\/1"}],"replies":[{"embeddable":true,"href":"https:\/\/curva1.com.ar\/index.php?rest_route=%2Fwp%2Fv2%2Fcomments&post=46237"}],"version-history":[{"count":3,"href":"https:\/\/curva1.com.ar\/index.php?rest_route=\/wp\/v2\/posts\/46237\/revisions"}],"predecessor-version":[{"id":46247,"href":"https:\/\/curva1.com.ar\/index.php?rest_route=\/wp\/v2\/posts\/46237\/revisions\/46247"}],"wp:featuredmedia":[{"embeddable":true,"href":"https:\/\/curva1.com.ar\/index.php?rest_route=\/wp\/v2\/media\/46238"}],"wp:attachment":[{"href":"https:\/\/curva1.com.ar\/index.php?rest_route=%2Fwp%2Fv2%2Fmedia&parent=46237"}],"wp:term":[{"taxonomy":"category","embeddable":true,"href":"https:\/\/curva1.com.ar\/index.php?rest_route=%2Fwp%2Fv2%2Fcategories&post=46237"},{"taxonomy":"post_tag","embeddable":true,"href":"https:\/\/curva1.com.ar\/index.php?rest_route=%2Fwp%2Fv2%2Ftags&post=46237"}],"curies":[{"name":"wp","href":"https:\/\/api.w.org\/{rel}","templated":true}]}}