{"id":4624,"date":"2013-03-11T23:55:10","date_gmt":"2013-03-12T02:55:10","guid":{"rendered":"http:\/\/www.curva1.com.ar\/?p=4624"},"modified":"2013-03-11T23:55:10","modified_gmt":"2013-03-12T02:55:10","slug":"convocatoria-para-pilotos-del-zonal-cuyano-version-2013","status":"publish","type":"post","link":"https:\/\/curva1.com.ar\/?p=4624","title":{"rendered":"Convocatoria para pilotos del Zonal Cuyano versi\u00f3n 2013"},"content":{"rendered":"<p>LA FEDERACI\u00d3N MENDOCINA DE AUTOMOVILISMO DEPORTIVO, COMUNICA<\/p>\n<p>A TODOS LOS PILOTOS, DE TODAS LAS CATEGORIAS, QUE DEBIDO A LA PROXIMIDAD DEL INICIO DE TODOS LOS CAMPEONATOS FEDERADOS, FISCALIZADOS POR ESTA FEDERACION, QUE DEBERAN ARBITRAR LOS MEDIOS PARA REALIZAR CUANTO ANTES LOS\u00a0\u00a0 TRAMITES NECESARIOS A FIN DE EVITAR INCONVENIENTES DE ULTIMO MOMENTO, QUE IMPIDAN POR FALTA DE LAS LICENCIAS CORRESPONDIENTES, PODER PARTICIPAR DE LAS PRIMERAS FECHAS PROGRAMADAS DE CADA ESPECIALIDAD.<\/p>\n<p>A TAL FIN EL CONSEJO DIRECTIVO DE ESTA FEDERACION, DISPONE ATRAVES DEL PRESENTE COMUNICADO, LO SIGUIENTE:<\/p>\n<p>&nbsp;<\/p>\n<p>1 \u2013 <b>CONVOCAR A TODOS LOS PILOTOS DE TODAS LAS CATEGORIAS,\u00a0 <\/b>a<\/p>\n<p>realizar los tr\u00e1mites correspondientes a las Licencias M\u00e9dicas Nacionales, cuyo valor es de $ 600<\/p>\n<p>( pesos SEISCIENTOS ). Los cu\u00e1les deber\u00e1n ser abonados en la sucursal del Automovil Club<\/p>\n<p>Argentino m\u00e1s cercana, con dicho recibo y la ficha m\u00e9dica (Declaraci\u00f3n M\u00e9dica Jurada Numerada)<\/p>\n<p>y los an\u00e1lisis efectuados por cuenta del piloto, deber\u00e1n presentarse en Federaci\u00f3n para que se le<\/p>\n<p>otorgue la la Licencia M\u00e9dica Nacional Provisoria. En 45 d\u00edas recibir\u00e1 la Licencia M\u00e9dica<\/p>\n<p>plastificada expedida por la C.D.A.-<\/p>\n<p>&nbsp;<\/p>\n<p>2 \u2013 <b>CONVOCAR A TODOS LOS PILOTOS DE TODAS LAS CATEGORIAS,\u00a0 <\/b>a\u00a0\u00a0 una<\/p>\n<p>vez realizados los tr\u00e1mites de la Licencia M\u00e9dica Nacional, proceder\u00e1 a dirigirse a la sede de<\/p>\n<p>Federaci\u00f3n para tramitar la Licencia Deportiva correspondiente, a la Categor\u00eda en donde<\/p>\n<p>participar\u00e1n, cuyos valores fueran oportunamente especificados,\u00a0 en la p\u00e1gina Web oficial de esta<\/p>\n<p>Federaci\u00f3n.-<\/p>\n<p>&nbsp;<\/p>\n<p>3 \u2013 <b>ASIMISMO SE COMUNICA A LOS PILOTOS DE LAS CATEGORIAS T.P. 1100 <\/b><\/p>\n<p><b>\u00a0\u00a0\u00a0\u00a0\u00a0\u00a0 y T.P. 1.4<\/b>, que ya se encuentran en Federaci\u00f3n las LEVAS COSMA, cuya configuraci\u00f3n es<\/p>\n<p>\u00fanica y obligatoria\u00a0 para la motorizaciones Fiat 1.4 habilitadas en ambas Categor\u00edas.-<\/p>\n","protected":false},"excerpt":{"rendered":"<p>LA FEDERACI\u00d3N MENDOCINA DE AUTOMOVILISMO DEPORTIVO, COMUNICA A TODOS LOS PILOTOS, DE TODAS LAS CATEGORIAS,<\/p>\n","protected":false},"author":1,"featured_media":4625,"comment_status":"open","ping_status":"closed","sticky":false,"template":"","format":"standard","meta":{"footnotes":""},"categories":[1],"tags":[],"class_list":["post-4624","post","type-post","status-publish","format-standard","has-post-thumbnail","hentry","category-zonal-cuyano"],"featured_image_urls":{"full":["https:\/\/curva1.com.ar\/wp-content\/uploads\/2013\/03\/GEDaC0162.jpg",200,113,false],"thumbnail":["https:\/\/curva1.com.ar\/wp-content\/uploads\/2013\/03\/GEDaC0162.jpg",200,113,false],"medium":["https:\/\/curva1.com.ar\/wp-content\/uploads\/2013\/03\/GEDaC0162.jpg",200,113,false],"medium_large":["https:\/\/curva1.com.ar\/wp-content\/uploads\/2013\/03\/GEDaC0162.jpg",200,113,false],"large":["https:\/\/curva1.com.ar\/wp-content\/uploads\/2013\/03\/GEDaC0162.jpg",200,113,false],"1536x1536":["https:\/\/curva1.com.ar\/wp-content\/uploads\/2013\/03\/GEDaC0162.jpg",200,113,false],"2048x2048":["https:\/\/curva1.com.ar\/wp-content\/uploads\/2013\/03\/GEDaC0162.jpg",200,113,false],"chromenews-featured":["https:\/\/curva1.com.ar\/wp-content\/uploads\/2013\/03\/GEDaC0162.jpg",200,113,false],"chromenews-large":["https:\/\/curva1.com.ar\/wp-content\/uploads\/2013\/03\/GEDaC0162.jpg",200,113,false],"chromenews-medium":["https:\/\/curva1.com.ar\/wp-content\/uploads\/2013\/03\/GEDaC0162.jpg",200,113,false]},"author_info":{"display_name":"Jos\u00e9 Bravo","author_link":"https:\/\/curva1.com.ar\/?author=1"},"category_info":"<a href=\"https:\/\/curva1.com.ar\/?cat=1\" rel=\"category\">Zonal Cuyano<\/a>","tag_info":"Zonal Cuyano","comment_count":"0","_links":{"self":[{"href":"https:\/\/curva1.com.ar\/index.php?rest_route=\/wp\/v2\/posts\/4624","targetHints":{"allow":["GET"]}}],"collection":[{"href":"https:\/\/curva1.com.ar\/index.php?rest_route=\/wp\/v2\/posts"}],"about":[{"href":"https:\/\/curva1.com.ar\/index.php?rest_route=\/wp\/v2\/types\/post"}],"author":[{"embeddable":true,"href":"https:\/\/curva1.com.ar\/index.php?rest_route=\/wp\/v2\/users\/1"}],"replies":[{"embeddable":true,"href":"https:\/\/curva1.com.ar\/index.php?rest_route=%2Fwp%2Fv2%2Fcomments&post=4624"}],"version-history":[{"count":2,"href":"https:\/\/curva1.com.ar\/index.php?rest_route=\/wp\/v2\/posts\/4624\/revisions"}],"predecessor-version":[{"id":4627,"href":"https:\/\/curva1.com.ar\/index.php?rest_route=\/wp\/v2\/posts\/4624\/revisions\/4627"}],"wp:featuredmedia":[{"embeddable":true,"href":"https:\/\/curva1.com.ar\/index.php?rest_route=\/wp\/v2\/media\/4625"}],"wp:attachment":[{"href":"https:\/\/curva1.com.ar\/index.php?rest_route=%2Fwp%2Fv2%2Fmedia&parent=4624"}],"wp:term":[{"taxonomy":"category","embeddable":true,"href":"https:\/\/curva1.com.ar\/index.php?rest_route=%2Fwp%2Fv2%2Fcategories&post=4624"},{"taxonomy":"post_tag","embeddable":true,"href":"https:\/\/curva1.com.ar\/index.php?rest_route=%2Fwp%2Fv2%2Ftags&post=4624"}],"curies":[{"name":"wp","href":"https:\/\/api.w.org\/{rel}","templated":true}]}}