{"id":46245,"date":"2026-01-25T19:43:11","date_gmt":"2026-01-25T22:43:11","guid":{"rendered":"https:\/\/curva1.com.ar\/?p=46245"},"modified":"2026-01-26T01:57:14","modified_gmt":"2026-01-26T04:57:14","slug":"triunfo-de-maggini-con-valor-historico-para-mendoza","status":"publish","type":"post","link":"https:\/\/curva1.com.ar\/?p=46245","title":{"rendered":"Maggini: de Tradicionales a ganar en TC Mouras"},"content":{"rendered":"<p><strong><img loading=\"lazy\" decoding=\"async\" class=\"aligncenter size-full wp-image-46248\" src=\"https:\/\/curva1.com.ar\/wp-content\/uploads\/2026\/01\/adaee.jpg\" alt=\"\" width=\"1080\" height=\"720\" srcset=\"https:\/\/curva1.com.ar\/wp-content\/uploads\/2026\/01\/adaee.jpg 1080w, https:\/\/curva1.com.ar\/wp-content\/uploads\/2026\/01\/adaee-810x540.jpg 810w, https:\/\/curva1.com.ar\/wp-content\/uploads\/2026\/01\/adaee-768x512.jpg 768w, https:\/\/curva1.com.ar\/wp-content\/uploads\/2026\/01\/adaee-1024x683.jpg 1024w\" sizes=\"auto, (max-width: 1080px) 100vw, 1080px\" \/><\/strong><\/p>\n<p>La victoria de\u00a0<strong>Fabrizio Maggini\u00a0<\/strong>tiene un significado especial para el automovilismo mendocino por historia y por sus inicios.<\/p>\n<p>La \u00faltima vez que un piloto de la provincia gan\u00f3 en el\u00a0<strong>TC Mouras\u00a0<\/strong>fue el 26 de julio de 2015, cuando\u00a0<strong>Juli\u00e1n Santero<\/strong>, quien luego se consagrar\u00eda campe\u00f3n de la categor\u00eda, se impuso en la octava fecha disputada en La Plata.<\/p>\n<p>De esta manera, el triunfo de Maggini\u00a0<strong>no solo marca un debut so\u00f1ado, sino tambi\u00e9n el regreso de Mendoza a lo m\u00e1s alto del TC Mouras<\/strong>\u00a0tras m\u00e1s de una d\u00e9cada.<\/p>\n<h3>ANTECEDENTES DEPORTIVOS<\/h3>\n<p>Este domingo Mendoza festej\u00f3 la victoria de <strong>Fabrizio Maggini<\/strong>, el piloto de 22 a\u00f1os nacido en <strong>Tupungato<\/strong> y que cuenta con una s\u00f3lida trayectoria en el automovilismo nacional.<\/p>\n<p>Con 22 a\u00f1os, Fabrizio Maggini cuenta con una s\u00f3lida trayectoria en el automovilismo nacional. Sus inicios se dieron en las<strong> Categor\u00edas Tradicionales <\/strong>(automovilismo de tierra mendocino), para luego continuar en el\u00a0TC Cuyano, donde se consagr\u00f3 campe\u00f3n en la temporada 2024 del <strong>Zonal Cuyano<\/strong> de asfalto.<\/p>\n<p>Posteriormente, dio el salto al\u00a0<strong>Procar 4000<\/strong>, categor\u00eda en la que el a\u00f1o pasado complet\u00f3 una destacada actuaci\u00f3n, finalizando en el quinto puesto del campeonato, experiencia que result\u00f3 clave en su preparaci\u00f3n para el desembarco en el\u00a0<strong>TC Mouras<\/strong>.<\/p>\n<p>La victoria representa un comienzo de temporada ideal tanto para\u00a0<strong>Fabrizio Maggini<\/strong>\u00a0como para\u00a0<strong>Maggini Motorsport<\/strong>, que se posicionan como protagonistas desde la primera fecha en una de las categor\u00edas m\u00e1s competitivas del automovilismo argentino.<\/p>\n<p><img loading=\"lazy\" decoding=\"async\" class=\"aligncenter size-full wp-image-46249\" src=\"https:\/\/curva1.com.ar\/wp-content\/uploads\/2026\/01\/unnamed-4-1.jpg\" alt=\"\" width=\"1079\" height=\"719\" srcset=\"https:\/\/curva1.com.ar\/wp-content\/uploads\/2026\/01\/unnamed-4-1.jpg 1079w, https:\/\/curva1.com.ar\/wp-content\/uploads\/2026\/01\/unnamed-4-1-810x540.jpg 810w, https:\/\/curva1.com.ar\/wp-content\/uploads\/2026\/01\/unnamed-4-1-768x512.jpg 768w, https:\/\/curva1.com.ar\/wp-content\/uploads\/2026\/01\/unnamed-4-1-1024x682.jpg 1024w\" sizes=\"auto, (max-width: 1079px) 100vw, 1079px\" \/><img loading=\"lazy\" decoding=\"async\" class=\"aligncenter size-full wp-image-46241\" src=\"https:\/\/curva1.com.ar\/wp-content\/uploads\/2026\/01\/unnamed-3.jpg\" alt=\"\" width=\"1080\" height=\"1350\" srcset=\"https:\/\/curva1.com.ar\/wp-content\/uploads\/2026\/01\/unnamed-3.jpg 1080w, https:\/\/curva1.com.ar\/wp-content\/uploads\/2026\/01\/unnamed-3-432x540.jpg 432w, https:\/\/curva1.com.ar\/wp-content\/uploads\/2026\/01\/unnamed-3-768x960.jpg 768w, https:\/\/curva1.com.ar\/wp-content\/uploads\/2026\/01\/unnamed-3-1024x1280.jpg 1024w\" sizes=\"auto, (max-width: 1080px) 100vw, 1080px\" \/> <img loading=\"lazy\" decoding=\"async\" class=\"aligncenter size-full wp-image-46243\" src=\"https:\/\/curva1.com.ar\/wp-content\/uploads\/2026\/01\/unnamed-1.jpg\" alt=\"\" width=\"1080\" height=\"1350\" srcset=\"https:\/\/curva1.com.ar\/wp-content\/uploads\/2026\/01\/unnamed-1.jpg 1080w, https:\/\/curva1.com.ar\/wp-content\/uploads\/2026\/01\/unnamed-1-432x540.jpg 432w, https:\/\/curva1.com.ar\/wp-content\/uploads\/2026\/01\/unnamed-1-768x960.jpg 768w, https:\/\/curva1.com.ar\/wp-content\/uploads\/2026\/01\/unnamed-1-1024x1280.jpg 1024w\" sizes=\"auto, (max-width: 1080px) 100vw, 1080px\" \/> <img loading=\"lazy\" decoding=\"async\" class=\"aligncenter size-full wp-image-46238\" src=\"https:\/\/curva1.com.ar\/wp-content\/uploads\/2026\/01\/aea.jpg\" alt=\"\" width=\"1080\" height=\"720\" srcset=\"https:\/\/curva1.com.ar\/wp-content\/uploads\/2026\/01\/aea.jpg 1080w, https:\/\/curva1.com.ar\/wp-content\/uploads\/2026\/01\/aea-810x540.jpg 810w, https:\/\/curva1.com.ar\/wp-content\/uploads\/2026\/01\/aea-768x512.jpg 768w, https:\/\/curva1.com.ar\/wp-content\/uploads\/2026\/01\/aea-1024x683.jpg 1024w\" sizes=\"auto, (max-width: 1080px) 100vw, 1080px\" \/><\/p>\n","protected":false},"excerpt":{"rendered":"<p>La victoria de\u00a0Fabrizio Maggini\u00a0tiene un significado especial para el automovilismo mendocino por historia y por<\/p>\n","protected":false},"author":1,"featured_media":46248,"comment_status":"closed","ping_status":"closed","sticky":false,"template":"","format":"standard","meta":{"footnotes":""},"categories":[6],"tags":[],"class_list":["post-46245","post","type-post","status-publish","format-standard","has-post-thumbnail","hentry","category-nacionales"],"featured_image_urls":{"full":["https:\/\/curva1.com.ar\/wp-content\/uploads\/2026\/01\/adaee.jpg",1080,720,false],"thumbnail":["https:\/\/curva1.com.ar\/wp-content\/uploads\/2026\/01\/adaee-300x169.jpg",300,169,true],"medium":["https:\/\/curva1.com.ar\/wp-content\/uploads\/2026\/01\/adaee-810x540.jpg",810,540,true],"medium_large":["https:\/\/curva1.com.ar\/wp-content\/uploads\/2026\/01\/adaee-768x512.jpg",640,427,true],"large":["https:\/\/curva1.com.ar\/wp-content\/uploads\/2026\/01\/adaee-810x540.jpg",640,427,true],"1536x1536":["https:\/\/curva1.com.ar\/wp-content\/uploads\/2026\/01\/adaee.jpg",1080,720,false],"2048x2048":["https:\/\/curva1.com.ar\/wp-content\/uploads\/2026\/01\/adaee.jpg",1080,720,false],"chromenews-featured":["https:\/\/curva1.com.ar\/wp-content\/uploads\/2026\/01\/adaee-1024x683.jpg",1024,683,true],"chromenews-large":["https:\/\/curva1.com.ar\/wp-content\/uploads\/2026\/01\/adaee-825x575.jpg",825,575,true],"chromenews-medium":["https:\/\/curva1.com.ar\/wp-content\/uploads\/2026\/01\/adaee-590x410.jpg",590,410,true]},"author_info":{"display_name":"Jos\u00e9 Bravo","author_link":"https:\/\/curva1.com.ar\/?author=1"},"category_info":"<a href=\"https:\/\/curva1.com.ar\/?cat=6\" rel=\"category\">Nacionales<\/a>","tag_info":"Nacionales","comment_count":"0","yoast_head":"<!-- This site is optimized with the Yoast SEO Premium plugin v14.7 - https:\/\/yoast.com\/wordpress\/plugins\/seo\/ -->\n<title>Maggini: de Tradicionales a ganar en TC Mouras - Curva 1<\/title>\n<meta name=\"robots\" content=\"index, follow\" \/>\n<meta name=\"googlebot\" content=\"index, follow, max-snippet:-1, max-image-preview:large, max-video-preview:-1\" \/>\n<meta name=\"bingbot\" content=\"index, follow, max-snippet:-1, max-image-preview:large, max-video-preview:-1\" \/>\n<link rel=\"canonical\" href=\"https:\/\/curva1.com.ar\/?p=46245\" \/>\n<meta property=\"og:locale\" content=\"en_US\" \/>\n<meta property=\"og:type\" content=\"article\" \/>\n<meta property=\"og:title\" content=\"Maggini: de Tradicionales a ganar en TC Mouras - Curva 1\" \/>\n<meta property=\"og:description\" content=\"La victoria de\u00a0Fabrizio Maggini\u00a0tiene un significado especial para el automovilismo mendocino por historia y por\" \/>\n<meta property=\"og:url\" content=\"https:\/\/curva1.com.ar\/?p=46245\" \/>\n<meta property=\"og:site_name\" content=\"Curva 1\" \/>\n<meta property=\"article:publisher\" content=\"https:\/\/www.facebook.com\/revistacurva1\/\" \/>\n<meta property=\"article:published_time\" content=\"2026-01-25T22:43:11+00:00\" \/>\n<meta property=\"article:modified_time\" content=\"2026-01-26T04:57:14+00:00\" \/>\n<meta property=\"og:image\" content=\"https:\/\/curva1.com.ar\/wp-content\/uploads\/2026\/01\/adaee.jpg\" \/>\n\t<meta property=\"og:image:width\" content=\"1080\" \/>\n\t<meta property=\"og:image:height\" content=\"720\" \/>\n<meta property=\"fb:app_id\" content=\"1593067817533208\" \/>\n<meta name=\"twitter:card\" content=\"summary_large_image\" \/>\n<meta name=\"twitter:creator\" content=\"@curva1mendoza\" \/>\n<meta name=\"twitter:site\" content=\"@curva1mendoza\" \/>\n<script type=\"application\/ld+json\" class=\"yoast-schema-graph\">{\"@context\":\"https:\/\/schema.org\",\"@graph\":[{\"@type\":\"WebSite\",\"@id\":\"https:\/\/curva1.com.ar\/#website\",\"url\":\"https:\/\/curva1.com.ar\/\",\"name\":\"Curva 1\",\"description\":\"Automovilismo de Mendoza\",\"potentialAction\":[{\"@type\":\"SearchAction\",\"target\":\"https:\/\/curva1.com.ar\/?s={search_term_string}\",\"query-input\":\"required name=search_term_string\"}],\"inLanguage\":\"en-US\"},{\"@type\":\"ImageObject\",\"@id\":\"https:\/\/curva1.com.ar\/?p=46245#primaryimage\",\"inLanguage\":\"en-US\",\"url\":\"https:\/\/curva1.com.ar\/wp-content\/uploads\/2026\/01\/adaee.jpg\",\"width\":1080,\"height\":720},{\"@type\":\"WebPage\",\"@id\":\"https:\/\/curva1.com.ar\/?p=46245#webpage\",\"url\":\"https:\/\/curva1.com.ar\/?p=46245\",\"name\":\"Maggini: de Tradicionales a ganar en TC Mouras - Curva 1\",\"isPartOf\":{\"@id\":\"https:\/\/curva1.com.ar\/#website\"},\"primaryImageOfPage\":{\"@id\":\"https:\/\/curva1.com.ar\/?p=46245#primaryimage\"},\"datePublished\":\"2026-01-25T22:43:11+00:00\",\"dateModified\":\"2026-01-26T04:57:14+00:00\",\"author\":{\"@id\":\"https:\/\/curva1.com.ar\/#\/schema\/person\/f5fd12984d70df7314fbd9ab42f31033\"},\"inLanguage\":\"en-US\",\"potentialAction\":[{\"@type\":\"ReadAction\",\"target\":[\"https:\/\/curva1.com.ar\/?p=46245\"]}]},{\"@type\":[\"Person\"],\"@id\":\"https:\/\/curva1.com.ar\/#\/schema\/person\/f5fd12984d70df7314fbd9ab42f31033\",\"name\":\"Jos\\u00e9 Bravo\",\"image\":{\"@type\":\"ImageObject\",\"@id\":\"https:\/\/curva1.com.ar\/#personlogo\",\"inLanguage\":\"en-US\",\"url\":\"https:\/\/secure.gravatar.com\/avatar\/3ae0b1fdc6ddeb723a6e6c23609ed39de1d40a94b8112fd2c0c2032e2dabf28b?s=96&d=identicon&r=g\",\"caption\":\"Jos\\u00e9 Bravo\"}}]}<\/script>\n<!-- \/ Yoast SEO Premium plugin. -->","_links":{"self":[{"href":"https:\/\/curva1.com.ar\/index.php?rest_route=\/wp\/v2\/posts\/46245","targetHints":{"allow":["GET"]}}],"collection":[{"href":"https:\/\/curva1.com.ar\/index.php?rest_route=\/wp\/v2\/posts"}],"about":[{"href":"https:\/\/curva1.com.ar\/index.php?rest_route=\/wp\/v2\/types\/post"}],"author":[{"embeddable":true,"href":"https:\/\/curva1.com.ar\/index.php?rest_route=\/wp\/v2\/users\/1"}],"replies":[{"embeddable":true,"href":"https:\/\/curva1.com.ar\/index.php?rest_route=%2Fwp%2Fv2%2Fcomments&post=46245"}],"version-history":[{"count":5,"href":"https:\/\/curva1.com.ar\/index.php?rest_route=\/wp\/v2\/posts\/46245\/revisions"}],"predecessor-version":[{"id":46307,"href":"https:\/\/curva1.com.ar\/index.php?rest_route=\/wp\/v2\/posts\/46245\/revisions\/46307"}],"wp:featuredmedia":[{"embeddable":true,"href":"https:\/\/curva1.com.ar\/index.php?rest_route=\/wp\/v2\/media\/46248"}],"wp:attachment":[{"href":"https:\/\/curva1.com.ar\/index.php?rest_route=%2Fwp%2Fv2%2Fmedia&parent=46245"}],"wp:term":[{"taxonomy":"category","embeddable":true,"href":"https:\/\/curva1.com.ar\/index.php?rest_route=%2Fwp%2Fv2%2Fcategories&post=46245"},{"taxonomy":"post_tag","embeddable":true,"href":"https:\/\/curva1.com.ar\/index.php?rest_route=%2Fwp%2Fv2%2Ftags&post=46245"}],"curies":[{"name":"wp","href":"https:\/\/api.w.org\/{rel}","templated":true}]}}