{"id":46251,"date":"2026-01-25T19:45:15","date_gmt":"2026-01-25T22:45:15","guid":{"rendered":"https:\/\/curva1.com.ar\/?p=46251"},"modified":"2026-01-25T20:02:58","modified_gmt":"2026-01-25T23:02:58","slug":"tc-pick-up-con-planes-de-visitar-mendoza-por-primera-vez","status":"publish","type":"post","link":"https:\/\/curva1.com.ar\/?p=46251","title":{"rendered":"TC Pick Up con planes de visitar Mendoza por primera vez"},"content":{"rendered":"<p><img loading=\"lazy\" decoding=\"async\" class=\"aligncenter size-full wp-image-46252\" src=\"https:\/\/curva1.com.ar\/wp-content\/uploads\/2026\/01\/tc-pick-up-actc-2026.webp\" alt=\"\" width=\"1200\" height=\"756\" srcset=\"https:\/\/curva1.com.ar\/wp-content\/uploads\/2026\/01\/tc-pick-up-actc-2026.webp 1200w, https:\/\/curva1.com.ar\/wp-content\/uploads\/2026\/01\/tc-pick-up-actc-2026-857x540.webp 857w, https:\/\/curva1.com.ar\/wp-content\/uploads\/2026\/01\/tc-pick-up-actc-2026-768x484.webp 768w, https:\/\/curva1.com.ar\/wp-content\/uploads\/2026\/01\/tc-pick-up-actc-2026-1024x645.webp 1024w\" sizes=\"auto, (max-width: 1200px) 100vw, 1200px\" \/><\/p>\n<p class=\"entry-sub-title\">La ACTC analiza un calendario m\u00e1s federal para las camionetas con posibles visitas a distintos escenarios fuera de La Plata. El torneo comienza el 22 de febrero y Mendoza podria recibir al TC Pick Up por primera vez en la historia.<\/p>\n<p>El\u00a0<strong>TC Pick Up<\/strong>\u00a0ya tiene definida su hoja de ruta inicial para la temporada 2026. El campeonato comenzar\u00e1 el\u00a0<strong>domingo 22 de febrero<\/strong>\u00a0en el aut\u00f3dromo\u00a0<strong>Roberto Mouras<\/strong>\u00a0de\u00a0<strong>La Plata<\/strong>. Ser\u00e1 el punto de partida de un torneo que contar\u00e1 con\u00a0<strong>11 fechas<\/strong>\u00a0y cuyo Gran Premio Coronaci\u00f3n est\u00e1 pautado para el\u00a0<strong>13 de diciembre<\/strong>.<\/p>\n<p>Si bien el trazado platense sigue siendo el epicentro de la categor\u00eda, la dirigencia de la\u00a0<strong>ACTC<\/strong>\u00a0trabaja intensamente para federalizar el espect\u00e1culo. Seg\u00fan pudo saber este medio, se analizan\u00a0<strong>5 salidas al interior del pa\u00eds<\/strong>\u00a0a lo largo del a\u00f1o.<\/p>\n<h3 class=\"wp-block-heading\"><strong>Las plazas que analiza la ACTC<\/strong><\/h3>\n<p>A la sede de la calle Bogot\u00e1, en el barrio de Caballito, han llegado diversos pedidos para recibir a las camionetas en este 2026. Entre las opciones que se barajan con mayores posibilidades aparecen escenarios cl\u00e1sicos y algunos regresos esperados.<\/p>\n<p><strong>Los aut\u00f3dromos en carpeta son:<\/strong><\/p>\n<ul class=\"wp-block-list\">\n<li><strong>Balcarce<\/strong>: En octubre de 2025 giraron 4 camionetas para evaluar las obras y la seguridad.<\/li>\n<li><strong>San Mart\u00edn<\/strong>\u00a0(Mendoza): Ser\u00eda la primera vez de la categor\u00eda ah\u00ed.<\/li>\n<li><strong>Oscar Cabal\u00e9n<\/strong>\u00a0de Alta Gracia (C\u00f3rdoba).<\/li>\n<li><strong>R\u00edo Cuarto<\/strong>\u00a0(C\u00f3rdoba): estuvo en el calendario 2025.<\/li>\n<li><strong>Rosario<\/strong>: La dirigencia afirm\u00f3 que est\u00e1 confirmado.<\/li>\n<\/ul>\n<p>De concretarse estas negociaciones, el\u00a0<strong>TC Pick Up<\/strong>\u00a0incrementar\u00eda sus viajes respecto a la temporada anterior, donde visit\u00f3\u00a0<strong>San Nicol\u00e1s<\/strong>,\u00a0<strong>Paran\u00e1<\/strong>\u00a0y\u00a0<strong>R\u00edo Cuarto, <\/strong>expres\u00f3 el sitio <strong>Solo TC<\/strong> en su web.<\/p>\n<h2 class=\"wp-block-heading\"><strong>El inicio y el cierre<\/strong><\/h2>\n<p>El apertura ser\u00e1 en el circuito platense, escenario que tambi\u00e9n cuenta con grandes chances de albergar la \u00faltima fecha del a\u00f1o. Sin embargo, desde la entidad tece\u00edsta no descartan que surja alguna otra posibilidad para el cierre del certamen.<\/p>\n<figure class=\"wp-block-image size-full\"><img loading=\"lazy\" decoding=\"async\" class=\"wp-image-113369 lazyloaded\" src=\"https:\/\/www.solotc.com.ar\/wp-content\/uploads\/2025\/10\/balcarce-camionetas-actc.webp\" sizes=\"auto, (max-width: 750px) 100vw, 750px\" srcset=\"https:\/\/www.solotc.com.ar\/wp-content\/uploads\/2025\/10\/balcarce-camionetas-actc.webp 750w, https:\/\/www.solotc.com.ar\/wp-content\/uploads\/2025\/10\/balcarce-camionetas-actc-300x182.webp 300w\" alt=\"\" width=\"750\" height=\"456\" data-src=\"https:\/\/www.solotc.com.ar\/wp-content\/uploads\/2025\/10\/balcarce-camionetas-actc.webp\" data-srcset=\"https:\/\/www.solotc.com.ar\/wp-content\/uploads\/2025\/10\/balcarce-camionetas-actc.webp 750w, https:\/\/www.solotc.com.ar\/wp-content\/uploads\/2025\/10\/balcarce-camionetas-actc-300x182.webp 300w\" data-sizes=\"(max-width: 750px) 100vw, 750px\" \/><figcaption class=\"wp-element-caption\">La ACTC ya dijo presente en Balcarce con el TC Pick Up y hay expectativas de una fecha en la primera parte del torneo. (ACTC)<\/figcaption><\/figure>\n<h3 class=\"wp-block-heading\"><strong>Calendario TC Pick Up 2026<\/strong><\/h3>\n<p>A continuaci\u00f3n, las fechas confirmadas para la temporada:<\/p>\n<ul class=\"wp-block-list\">\n<li><strong>1\u00aa Fecha:<\/strong>\u00a022 de febrero (La Plata)<\/li>\n<li><strong>2\u00aa Fecha:<\/strong>\u00a022 de marzo<\/li>\n<li><strong>3\u00aa Fecha:<\/strong>\u00a026 de abril<\/li>\n<li><strong>4\u00aa Fecha:<\/strong>\u00a017 de mayo<\/li>\n<li><strong>5\u00aa Fecha:<\/strong>\u00a028 de junio<\/li>\n<li><strong>6\u00aa Fecha:<\/strong>\u00a026 de julio<\/li>\n<li><strong>7\u00aa Fecha:<\/strong>\u00a016 de agosto<\/li>\n<li><strong>8\u00aa Fecha:<\/strong>\u00a027 de septiembre<\/li>\n<li><strong>9\u00aa Fecha:<\/strong>\u00a018 de octubre<\/li>\n<li><strong>10\u00aa Fecha:<\/strong>\u00a08 de noviembre<\/li>\n<li><strong>11\u00aa Fecha:<\/strong>\u00a013 de diciembre<\/li>\n<\/ul>\n<h3 class=\"wp-block-heading\"><strong>Historial federal de las camionetas<\/strong><\/h3>\n<p>Desde su creaci\u00f3n, la divisional de camionetas ha buscado expandir sus fronteras m\u00e1s all\u00e1 de\u00a0<strong>La Plata<\/strong>. Estos son los circuitos que ya han recibido a la categor\u00eda:<\/p>\n<ul class=\"wp-block-list\">\n<li>San Nicol\u00e1s<\/li>\n<li>Viedma (R\u00edo Negro)<\/li>\n<li>Centenario (Neuqu\u00e9n)<\/li>\n<li>Posadas (Misiones)<\/li>\n<li>Comodoro Rivadavia (Chubut)<\/li>\n<li>San Juan-Villicum<\/li>\n<li>R\u00edo Cuarto (C\u00f3rdoba)<\/li>\n<li>Alta Gracia (C\u00f3rdoba)<\/li>\n<li>Paran\u00e1 (Entre R\u00edos)<\/li>\n<\/ul>\n<p><img loading=\"lazy\" decoding=\"async\" class=\"aligncenter size-full wp-image-46255\" src=\"https:\/\/curva1.com.ar\/wp-content\/uploads\/2026\/01\/77488_big.jpg\" alt=\"\" width=\"1200\" height=\"797\" srcset=\"https:\/\/curva1.com.ar\/wp-content\/uploads\/2026\/01\/77488_big.jpg 1200w, https:\/\/curva1.com.ar\/wp-content\/uploads\/2026\/01\/77488_big-813x540.jpg 813w, https:\/\/curva1.com.ar\/wp-content\/uploads\/2026\/01\/77488_big-768x510.jpg 768w, https:\/\/curva1.com.ar\/wp-content\/uploads\/2026\/01\/77488_big-1024x680.jpg 1024w\" sizes=\"auto, (max-width: 1200px) 100vw, 1200px\" \/> <img loading=\"lazy\" decoding=\"async\" class=\"aligncenter size-full wp-image-46256\" src=\"https:\/\/curva1.com.ar\/wp-content\/uploads\/2026\/01\/77495_big.jpg\" alt=\"\" width=\"1200\" height=\"800\" srcset=\"https:\/\/curva1.com.ar\/wp-content\/uploads\/2026\/01\/77495_big.jpg 1200w, https:\/\/curva1.com.ar\/wp-content\/uploads\/2026\/01\/77495_big-810x540.jpg 810w, https:\/\/curva1.com.ar\/wp-content\/uploads\/2026\/01\/77495_big-768x512.jpg 768w, https:\/\/curva1.com.ar\/wp-content\/uploads\/2026\/01\/77495_big-1024x683.jpg 1024w\" sizes=\"auto, (max-width: 1200px) 100vw, 1200px\" \/> <img loading=\"lazy\" decoding=\"async\" class=\"aligncenter size-full wp-image-46257\" src=\"https:\/\/curva1.com.ar\/wp-content\/uploads\/2026\/01\/77496_big.jpg\" alt=\"\" width=\"1200\" height=\"800\" srcset=\"https:\/\/curva1.com.ar\/wp-content\/uploads\/2026\/01\/77496_big.jpg 1200w, https:\/\/curva1.com.ar\/wp-content\/uploads\/2026\/01\/77496_big-810x540.jpg 810w, https:\/\/curva1.com.ar\/wp-content\/uploads\/2026\/01\/77496_big-768x512.jpg 768w, https:\/\/curva1.com.ar\/wp-content\/uploads\/2026\/01\/77496_big-1024x683.jpg 1024w\" sizes=\"auto, (max-width: 1200px) 100vw, 1200px\" \/> <img loading=\"lazy\" decoding=\"async\" class=\"aligncenter size-full wp-image-46258\" src=\"https:\/\/curva1.com.ar\/wp-content\/uploads\/2026\/01\/77502_big.jpg\" alt=\"\" width=\"1200\" height=\"800\" srcset=\"https:\/\/curva1.com.ar\/wp-content\/uploads\/2026\/01\/77502_big.jpg 1200w, https:\/\/curva1.com.ar\/wp-content\/uploads\/2026\/01\/77502_big-810x540.jpg 810w, https:\/\/curva1.com.ar\/wp-content\/uploads\/2026\/01\/77502_big-768x512.jpg 768w, https:\/\/curva1.com.ar\/wp-content\/uploads\/2026\/01\/77502_big-1024x683.jpg 1024w\" sizes=\"auto, (max-width: 1200px) 100vw, 1200px\" \/> <img loading=\"lazy\" decoding=\"async\" class=\"aligncenter size-full wp-image-46259\" src=\"https:\/\/curva1.com.ar\/wp-content\/uploads\/2026\/01\/77503_big.jpg\" alt=\"\" width=\"1200\" height=\"800\" srcset=\"https:\/\/curva1.com.ar\/wp-content\/uploads\/2026\/01\/77503_big.jpg 1200w, https:\/\/curva1.com.ar\/wp-content\/uploads\/2026\/01\/77503_big-810x540.jpg 810w, https:\/\/curva1.com.ar\/wp-content\/uploads\/2026\/01\/77503_big-768x512.jpg 768w, https:\/\/curva1.com.ar\/wp-content\/uploads\/2026\/01\/77503_big-1024x683.jpg 1024w\" sizes=\"auto, (max-width: 1200px) 100vw, 1200px\" \/> <img loading=\"lazy\" decoding=\"async\" class=\"aligncenter size-full wp-image-46260\" src=\"https:\/\/curva1.com.ar\/wp-content\/uploads\/2026\/01\/77505_big.jpg\" alt=\"\" width=\"1200\" height=\"800\" srcset=\"https:\/\/curva1.com.ar\/wp-content\/uploads\/2026\/01\/77505_big.jpg 1200w, https:\/\/curva1.com.ar\/wp-content\/uploads\/2026\/01\/77505_big-810x540.jpg 810w, https:\/\/curva1.com.ar\/wp-content\/uploads\/2026\/01\/77505_big-768x512.jpg 768w, https:\/\/curva1.com.ar\/wp-content\/uploads\/2026\/01\/77505_big-1024x683.jpg 1024w\" sizes=\"auto, (max-width: 1200px) 100vw, 1200px\" \/> <img loading=\"lazy\" decoding=\"async\" class=\"aligncenter size-full wp-image-46261\" src=\"https:\/\/curva1.com.ar\/wp-content\/uploads\/2026\/01\/77634_big.jpg\" alt=\"\" width=\"1200\" height=\"800\" srcset=\"https:\/\/curva1.com.ar\/wp-content\/uploads\/2026\/01\/77634_big.jpg 1200w, https:\/\/curva1.com.ar\/wp-content\/uploads\/2026\/01\/77634_big-810x540.jpg 810w, https:\/\/curva1.com.ar\/wp-content\/uploads\/2026\/01\/77634_big-768x512.jpg 768w, https:\/\/curva1.com.ar\/wp-content\/uploads\/2026\/01\/77634_big-1024x683.jpg 1024w\" sizes=\"auto, (max-width: 1200px) 100vw, 1200px\" \/><\/p>\n","protected":false},"excerpt":{"rendered":"<p>La ACTC analiza un calendario m\u00e1s federal para las camionetas con posibles visitas a distintos<\/p>\n","protected":false},"author":1,"featured_media":46252,"comment_status":"closed","ping_status":"closed","sticky":false,"template":"","format":"standard","meta":{"footnotes":""},"categories":[6],"tags":[],"class_list":["post-46251","post","type-post","status-publish","format-standard","has-post-thumbnail","hentry","category-nacionales"],"featured_image_urls":{"full":["https:\/\/curva1.com.ar\/wp-content\/uploads\/2026\/01\/tc-pick-up-actc-2026.webp",1200,756,false],"thumbnail":["https:\/\/curva1.com.ar\/wp-content\/uploads\/2026\/01\/tc-pick-up-actc-2026-300x169.webp",300,169,true],"medium":["https:\/\/curva1.com.ar\/wp-content\/uploads\/2026\/01\/tc-pick-up-actc-2026-857x540.webp",857,540,true],"medium_large":["https:\/\/curva1.com.ar\/wp-content\/uploads\/2026\/01\/tc-pick-up-actc-2026-768x484.webp",640,403,true],"large":["https:\/\/curva1.com.ar\/wp-content\/uploads\/2026\/01\/tc-pick-up-actc-2026-857x540.webp",640,403,true],"1536x1536":["https:\/\/curva1.com.ar\/wp-content\/uploads\/2026\/01\/tc-pick-up-actc-2026.webp",1200,756,false],"2048x2048":["https:\/\/curva1.com.ar\/wp-content\/uploads\/2026\/01\/tc-pick-up-actc-2026.webp",1200,756,false],"chromenews-featured":["https:\/\/curva1.com.ar\/wp-content\/uploads\/2026\/01\/tc-pick-up-actc-2026-1024x645.webp",1024,645,true],"chromenews-large":["https:\/\/curva1.com.ar\/wp-content\/uploads\/2026\/01\/tc-pick-up-actc-2026-825x575.webp",825,575,true],"chromenews-medium":["https:\/\/curva1.com.ar\/wp-content\/uploads\/2026\/01\/tc-pick-up-actc-2026-590x410.webp",590,410,true]},"author_info":{"display_name":"Jos\u00e9 Bravo","author_link":"https:\/\/curva1.com.ar\/?author=1"},"category_info":"<a href=\"https:\/\/curva1.com.ar\/?cat=6\" rel=\"category\">Nacionales<\/a>","tag_info":"Nacionales","comment_count":"0","yoast_head":"<!-- This site is optimized with the Yoast SEO Premium plugin v14.7 - https:\/\/yoast.com\/wordpress\/plugins\/seo\/ -->\n<title>TC Pick Up con planes de visitar Mendoza por primera vez - Curva 1<\/title>\n<meta name=\"robots\" content=\"index, follow\" \/>\n<meta name=\"googlebot\" content=\"index, follow, max-snippet:-1, max-image-preview:large, max-video-preview:-1\" \/>\n<meta name=\"bingbot\" content=\"index, follow, max-snippet:-1, max-image-preview:large, max-video-preview:-1\" \/>\n<link rel=\"canonical\" href=\"https:\/\/curva1.com.ar\/?p=46251\" \/>\n<meta property=\"og:locale\" content=\"en_US\" \/>\n<meta property=\"og:type\" content=\"article\" \/>\n<meta property=\"og:title\" content=\"TC Pick Up con planes de visitar Mendoza por primera vez - Curva 1\" \/>\n<meta property=\"og:description\" content=\"La ACTC analiza un calendario m\u00e1s federal para las camionetas con posibles visitas a distintos\" \/>\n<meta property=\"og:url\" content=\"https:\/\/curva1.com.ar\/?p=46251\" \/>\n<meta property=\"og:site_name\" content=\"Curva 1\" \/>\n<meta property=\"article:publisher\" content=\"https:\/\/www.facebook.com\/revistacurva1\/\" \/>\n<meta property=\"article:published_time\" content=\"2026-01-25T22:45:15+00:00\" \/>\n<meta property=\"article:modified_time\" content=\"2026-01-25T23:02:58+00:00\" \/>\n<meta property=\"fb:app_id\" content=\"1593067817533208\" \/>\n<meta name=\"twitter:card\" content=\"summary_large_image\" \/>\n<meta name=\"twitter:image\" content=\"https:\/\/curva1.com.ar\/wp-content\/uploads\/2026\/01\/tc-pick-up-actc-2026.webp\" \/>\n<meta name=\"twitter:creator\" content=\"@curva1mendoza\" \/>\n<meta name=\"twitter:site\" content=\"@curva1mendoza\" \/>\n<script type=\"application\/ld+json\" class=\"yoast-schema-graph\">{\"@context\":\"https:\/\/schema.org\",\"@graph\":[{\"@type\":\"WebSite\",\"@id\":\"https:\/\/curva1.com.ar\/#website\",\"url\":\"https:\/\/curva1.com.ar\/\",\"name\":\"Curva 1\",\"description\":\"Automovilismo de Mendoza\",\"potentialAction\":[{\"@type\":\"SearchAction\",\"target\":\"https:\/\/curva1.com.ar\/?s={search_term_string}\",\"query-input\":\"required name=search_term_string\"}],\"inLanguage\":\"en-US\"},{\"@type\":\"ImageObject\",\"@id\":\"https:\/\/curva1.com.ar\/?p=46251#primaryimage\",\"inLanguage\":\"en-US\",\"url\":\"https:\/\/curva1.com.ar\/wp-content\/uploads\/2026\/01\/tc-pick-up-actc-2026.webp\",\"width\":1200,\"height\":756},{\"@type\":\"WebPage\",\"@id\":\"https:\/\/curva1.com.ar\/?p=46251#webpage\",\"url\":\"https:\/\/curva1.com.ar\/?p=46251\",\"name\":\"TC Pick Up con planes de visitar Mendoza por primera vez - Curva 1\",\"isPartOf\":{\"@id\":\"https:\/\/curva1.com.ar\/#website\"},\"primaryImageOfPage\":{\"@id\":\"https:\/\/curva1.com.ar\/?p=46251#primaryimage\"},\"datePublished\":\"2026-01-25T22:45:15+00:00\",\"dateModified\":\"2026-01-25T23:02:58+00:00\",\"author\":{\"@id\":\"https:\/\/curva1.com.ar\/#\/schema\/person\/f5fd12984d70df7314fbd9ab42f31033\"},\"inLanguage\":\"en-US\",\"potentialAction\":[{\"@type\":\"ReadAction\",\"target\":[\"https:\/\/curva1.com.ar\/?p=46251\"]}]},{\"@type\":[\"Person\"],\"@id\":\"https:\/\/curva1.com.ar\/#\/schema\/person\/f5fd12984d70df7314fbd9ab42f31033\",\"name\":\"Jos\\u00e9 Bravo\",\"image\":{\"@type\":\"ImageObject\",\"@id\":\"https:\/\/curva1.com.ar\/#personlogo\",\"inLanguage\":\"en-US\",\"url\":\"https:\/\/secure.gravatar.com\/avatar\/3ae0b1fdc6ddeb723a6e6c23609ed39de1d40a94b8112fd2c0c2032e2dabf28b?s=96&d=identicon&r=g\",\"caption\":\"Jos\\u00e9 Bravo\"}}]}<\/script>\n<!-- \/ Yoast SEO Premium plugin. -->","_links":{"self":[{"href":"https:\/\/curva1.com.ar\/index.php?rest_route=\/wp\/v2\/posts\/46251","targetHints":{"allow":["GET"]}}],"collection":[{"href":"https:\/\/curva1.com.ar\/index.php?rest_route=\/wp\/v2\/posts"}],"about":[{"href":"https:\/\/curva1.com.ar\/index.php?rest_route=\/wp\/v2\/types\/post"}],"author":[{"embeddable":true,"href":"https:\/\/curva1.com.ar\/index.php?rest_route=\/wp\/v2\/users\/1"}],"replies":[{"embeddable":true,"href":"https:\/\/curva1.com.ar\/index.php?rest_route=%2Fwp%2Fv2%2Fcomments&post=46251"}],"version-history":[{"count":3,"href":"https:\/\/curva1.com.ar\/index.php?rest_route=\/wp\/v2\/posts\/46251\/revisions"}],"predecessor-version":[{"id":46263,"href":"https:\/\/curva1.com.ar\/index.php?rest_route=\/wp\/v2\/posts\/46251\/revisions\/46263"}],"wp:featuredmedia":[{"embeddable":true,"href":"https:\/\/curva1.com.ar\/index.php?rest_route=\/wp\/v2\/media\/46252"}],"wp:attachment":[{"href":"https:\/\/curva1.com.ar\/index.php?rest_route=%2Fwp%2Fv2%2Fmedia&parent=46251"}],"wp:term":[{"taxonomy":"category","embeddable":true,"href":"https:\/\/curva1.com.ar\/index.php?rest_route=%2Fwp%2Fv2%2Fcategories&post=46251"},{"taxonomy":"post_tag","embeddable":true,"href":"https:\/\/curva1.com.ar\/index.php?rest_route=%2Fwp%2Fv2%2Ftags&post=46251"}],"curies":[{"name":"wp","href":"https:\/\/api.w.org\/{rel}","templated":true}]}}