{"id":46497,"date":"2026-03-04T13:11:14","date_gmt":"2026-03-04T16:11:14","guid":{"rendered":"https:\/\/curva1.com.ar\/?p=46497"},"modified":"2026-03-04T13:11:14","modified_gmt":"2026-03-04T16:11:14","slug":"podio-del-maggini-motorsport-en-la-fecha-apertura-del-procar-4000","status":"publish","type":"post","link":"https:\/\/curva1.com.ar\/?p=46497","title":{"rendered":"Podio del Maggini Motorsport en la fecha apertura del Procar 4000"},"content":{"rendered":"<p><img loading=\"lazy\" decoding=\"async\" class=\"aligncenter size-full wp-image-46498\" src=\"https:\/\/curva1.com.ar\/wp-content\/uploads\/2026\/03\/unnamed-7-scaled.jpg\" alt=\"\" width=\"2560\" height=\"1437\" srcset=\"https:\/\/curva1.com.ar\/wp-content\/uploads\/2026\/03\/unnamed-7-scaled.jpg 2560w, https:\/\/curva1.com.ar\/wp-content\/uploads\/2026\/03\/unnamed-7-960x540.jpg 960w, https:\/\/curva1.com.ar\/wp-content\/uploads\/2026\/03\/unnamed-7-300x169.jpg 300w, https:\/\/curva1.com.ar\/wp-content\/uploads\/2026\/03\/unnamed-7-768x431.jpg 768w, https:\/\/curva1.com.ar\/wp-content\/uploads\/2026\/03\/unnamed-7-1536x862.jpg 1536w, https:\/\/curva1.com.ar\/wp-content\/uploads\/2026\/03\/unnamed-7-2048x1150.jpg 2048w, https:\/\/curva1.com.ar\/wp-content\/uploads\/2026\/03\/unnamed-7-1024x575.jpg 1024w\" sizes=\"auto, (max-width: 2560px) 100vw, 2560px\" \/><\/p>\n<p>El campeonato<strong> Procar 4000<\/strong>\u00a0puso en marcha su temporada en el aut\u00f3dromo de La Plata, donde el\u00a0<strong>Maggini Motorsport\u00a0<\/strong>pudo a cuatro autos en pista con actuaciones muy buenas.<\/p>\n<p>La nota destacada fue el\u00a0<strong>segundo puesto<\/strong>\u00a0de\u00a0<strong>Lucas Granja<\/strong>, quien finaliz\u00f3 como\u00a0 escolta de Emmanuel P\u00e9rez Bravo en la primera competencia del a\u00f1o.<\/p>\n<p>Por su parte,\u00a0<strong>Luisito Maggini<\/strong>\u00a0complet\u00f3 un fin de semana de menor a mayor y termin\u00f3 en la\u00a0<strong>sexta colocaci\u00f3n<\/strong>, mientras que<strong>\u00a0Fabi\u00e1n Maggini<\/strong>\u00a0fue\u00a0<strong>und\u00e9cimo<\/strong>. En tanto,\u00a0<strong>Luis Maggini,\u00a0<\/strong>que hab\u00eda sido el m\u00e1s r\u00e1pido en los entrenamientos del viernes.\u00a0debi\u00f3 abandonar por un inconveniente mec\u00e1nico cuando se encontraba en ritmo para finalizar dentro del top diez.<\/p>\n<p>La segunda fecha del campeonato se disputar\u00e1 el\u00a0<strong>29 de marzo<\/strong>, nuevamente en el aut\u00f3dromo de\u00a0<strong>La Plata<\/strong>.<\/p>\n<p><img loading=\"lazy\" decoding=\"async\" class=\"aligncenter size-full wp-image-46499\" src=\"https:\/\/curva1.com.ar\/wp-content\/uploads\/2026\/03\/unnamed-5-scaled.jpg\" alt=\"\" width=\"2560\" height=\"1437\" srcset=\"https:\/\/curva1.com.ar\/wp-content\/uploads\/2026\/03\/unnamed-5-scaled.jpg 2560w, https:\/\/curva1.com.ar\/wp-content\/uploads\/2026\/03\/unnamed-5-960x540.jpg 960w, https:\/\/curva1.com.ar\/wp-content\/uploads\/2026\/03\/unnamed-5-300x169.jpg 300w, https:\/\/curva1.com.ar\/wp-content\/uploads\/2026\/03\/unnamed-5-768x431.jpg 768w, https:\/\/curva1.com.ar\/wp-content\/uploads\/2026\/03\/unnamed-5-1536x862.jpg 1536w, https:\/\/curva1.com.ar\/wp-content\/uploads\/2026\/03\/unnamed-5-2048x1150.jpg 2048w, https:\/\/curva1.com.ar\/wp-content\/uploads\/2026\/03\/unnamed-5-1024x575.jpg 1024w\" sizes=\"auto, (max-width: 2560px) 100vw, 2560px\" \/> <img loading=\"lazy\" decoding=\"async\" class=\"aligncenter size-full wp-image-46500\" src=\"https:\/\/curva1.com.ar\/wp-content\/uploads\/2026\/03\/unnamed-4-scaled.jpg\" alt=\"\" width=\"2560\" height=\"1437\" srcset=\"https:\/\/curva1.com.ar\/wp-content\/uploads\/2026\/03\/unnamed-4-scaled.jpg 2560w, https:\/\/curva1.com.ar\/wp-content\/uploads\/2026\/03\/unnamed-4-960x540.jpg 960w, https:\/\/curva1.com.ar\/wp-content\/uploads\/2026\/03\/unnamed-4-300x169.jpg 300w, https:\/\/curva1.com.ar\/wp-content\/uploads\/2026\/03\/unnamed-4-768x431.jpg 768w, https:\/\/curva1.com.ar\/wp-content\/uploads\/2026\/03\/unnamed-4-1536x862.jpg 1536w, https:\/\/curva1.com.ar\/wp-content\/uploads\/2026\/03\/unnamed-4-2048x1149.jpg 2048w, https:\/\/curva1.com.ar\/wp-content\/uploads\/2026\/03\/unnamed-4-1024x575.jpg 1024w\" sizes=\"auto, (max-width: 2560px) 100vw, 2560px\" \/><\/p>\n","protected":false},"excerpt":{"rendered":"<p>El campeonato Procar 4000\u00a0puso en marcha su temporada en el aut\u00f3dromo de La Plata, donde<\/p>\n","protected":false},"author":1,"featured_media":46498,"comment_status":"closed","ping_status":"closed","sticky":false,"template":"","format":"standard","meta":{"footnotes":""},"categories":[6],"tags":[],"class_list":["post-46497","post","type-post","status-publish","format-standard","has-post-thumbnail","hentry","category-nacionales"],"featured_image_urls":{"full":["https:\/\/curva1.com.ar\/wp-content\/uploads\/2026\/03\/unnamed-7-scaled.jpg",2560,1437,false],"thumbnail":["https:\/\/curva1.com.ar\/wp-content\/uploads\/2026\/03\/unnamed-7-300x169.jpg",300,169,true],"medium":["https:\/\/curva1.com.ar\/wp-content\/uploads\/2026\/03\/unnamed-7-960x540.jpg",960,540,true],"medium_large":["https:\/\/curva1.com.ar\/wp-content\/uploads\/2026\/03\/unnamed-7-768x431.jpg",640,359,true],"large":["https:\/\/curva1.com.ar\/wp-content\/uploads\/2026\/03\/unnamed-7-960x540.jpg",640,360,true],"1536x1536":["https:\/\/curva1.com.ar\/wp-content\/uploads\/2026\/03\/unnamed-7-1536x862.jpg",1536,862,true],"2048x2048":["https:\/\/curva1.com.ar\/wp-content\/uploads\/2026\/03\/unnamed-7-2048x1150.jpg",2048,1150,true],"chromenews-featured":["https:\/\/curva1.com.ar\/wp-content\/uploads\/2026\/03\/unnamed-7-1024x575.jpg",1024,575,true],"chromenews-large":["https:\/\/curva1.com.ar\/wp-content\/uploads\/2026\/03\/unnamed-7-825x575.jpg",825,575,true],"chromenews-medium":["https:\/\/curva1.com.ar\/wp-content\/uploads\/2026\/03\/unnamed-7-590x410.jpg",590,410,true]},"author_info":{"display_name":"Jos\u00e9 Bravo","author_link":"https:\/\/curva1.com.ar\/?author=1"},"category_info":"<a href=\"https:\/\/curva1.com.ar\/?cat=6\" rel=\"category\">Nacionales<\/a>","tag_info":"Nacionales","comment_count":"0","_links":{"self":[{"href":"https:\/\/curva1.com.ar\/index.php?rest_route=\/wp\/v2\/posts\/46497","targetHints":{"allow":["GET"]}}],"collection":[{"href":"https:\/\/curva1.com.ar\/index.php?rest_route=\/wp\/v2\/posts"}],"about":[{"href":"https:\/\/curva1.com.ar\/index.php?rest_route=\/wp\/v2\/types\/post"}],"author":[{"embeddable":true,"href":"https:\/\/curva1.com.ar\/index.php?rest_route=\/wp\/v2\/users\/1"}],"replies":[{"embeddable":true,"href":"https:\/\/curva1.com.ar\/index.php?rest_route=%2Fwp%2Fv2%2Fcomments&post=46497"}],"version-history":[{"count":1,"href":"https:\/\/curva1.com.ar\/index.php?rest_route=\/wp\/v2\/posts\/46497\/revisions"}],"predecessor-version":[{"id":46501,"href":"https:\/\/curva1.com.ar\/index.php?rest_route=\/wp\/v2\/posts\/46497\/revisions\/46501"}],"wp:featuredmedia":[{"embeddable":true,"href":"https:\/\/curva1.com.ar\/index.php?rest_route=\/wp\/v2\/media\/46498"}],"wp:attachment":[{"href":"https:\/\/curva1.com.ar\/index.php?rest_route=%2Fwp%2Fv2%2Fmedia&parent=46497"}],"wp:term":[{"taxonomy":"category","embeddable":true,"href":"https:\/\/curva1.com.ar\/index.php?rest_route=%2Fwp%2Fv2%2Fcategories&post=46497"},{"taxonomy":"post_tag","embeddable":true,"href":"https:\/\/curva1.com.ar\/index.php?rest_route=%2Fwp%2Fv2%2Ftags&post=46497"}],"curies":[{"name":"wp","href":"https:\/\/api.w.org\/{rel}","templated":true}]}}