{"id":4650,"date":"2013-03-12T17:39:07","date_gmt":"2013-03-12T20:39:07","guid":{"rendered":"http:\/\/www.curva1.com.ar\/?p=4650"},"modified":"2013-03-19T01:20:22","modified_gmt":"2013-03-19T04:20:22","slug":"san-martin-con-un-pie-afuera-del-calendario-del-turismo-carretera","status":"publish","type":"post","link":"https:\/\/curva1.com.ar\/?p=4650","title":{"rendered":"San Martin con un pie afuera del calendario del Turismo Carretera"},"content":{"rendered":"<p><img loading=\"lazy\" decoding=\"async\" class=\"aligncenter size-full wp-image-4651\" style=\"width: 569px; height: 304px;\" alt=\"catfafs\" src=\"http:\/\/www.curva1.com.ar\/wp-content\/uploads\/2013\/03\/catfafs.jpg\" width=\"586\" height=\"321\" \/><\/p>\n<p>Una vez mas la info sali\u00f3 al aire. San Mart\u00edn es casi un hecho que no recibir\u00e1 al TC en el aut\u00f3dromo de San Mart\u00edn, en Mendoza.<\/p>\n<p>La noticia sali\u00f3 por Largaron Radio, donde otra vez expresaron la deuda que existe de la organizaci\u00f3n mendocina a la ACTC, independientemente de la visita que hizo Argento al circuito. Motivo por el cual, la fecha en el Jorge Angel Pena se realizar\u00eda en Paran\u00e1.<\/p>\n<p>Falta la confirmaci\u00f3n oficial, pero en menos de una semana fueron dos las veces que hablaron del tema en Largaron, el programa que conduce Eduardo Ru\u00edz.<\/p>\n<p>DEUDA CON TOP RACE<\/p>\n<p>Curva 1 dialog\u00f3 el fin de semana con un integrante de la comisi\u00f3n de pilotos del Top Race, quien manifest\u00f3 su descontento por una deuda pendiente de la fecha que la categor\u00eda realiz\u00f3 en octubre pasado en San Mart\u00edn.<\/p>\n","protected":false},"excerpt":{"rendered":"<p>Una vez mas la info sali\u00f3 al aire. San Mart\u00edn es casi un hecho que<\/p>\n","protected":false},"author":1,"featured_media":4651,"comment_status":"open","ping_status":"closed","sticky":false,"template":"","format":"standard","meta":{"footnotes":""},"categories":[6],"tags":[],"class_list":["post-4650","post","type-post","status-publish","format-standard","has-post-thumbnail","hentry","category-nacionales"],"featured_image_urls":{"full":["https:\/\/curva1.com.ar\/wp-content\/uploads\/2013\/03\/catfafs.jpg",762,429,false],"thumbnail":["https:\/\/curva1.com.ar\/wp-content\/uploads\/2013\/03\/catfafs-300x169.jpg",300,169,true],"medium":["https:\/\/curva1.com.ar\/wp-content\/uploads\/2013\/03\/catfafs-600x337.jpg",600,337,true],"medium_large":["https:\/\/curva1.com.ar\/wp-content\/uploads\/2013\/03\/catfafs.jpg",640,360,false],"large":["https:\/\/curva1.com.ar\/wp-content\/uploads\/2013\/03\/catfafs.jpg",640,360,false],"1536x1536":["https:\/\/curva1.com.ar\/wp-content\/uploads\/2013\/03\/catfafs.jpg",762,429,false],"2048x2048":["https:\/\/curva1.com.ar\/wp-content\/uploads\/2013\/03\/catfafs.jpg",762,429,false],"chromenews-featured":["https:\/\/curva1.com.ar\/wp-content\/uploads\/2013\/03\/catfafs.jpg",762,429,false],"chromenews-large":["https:\/\/curva1.com.ar\/wp-content\/uploads\/2013\/03\/catfafs.jpg",762,429,false],"chromenews-medium":["https:\/\/curva1.com.ar\/wp-content\/uploads\/2013\/03\/catfafs.jpg",590,332,false]},"author_info":{"display_name":"Jos\u00e9 Bravo","author_link":"https:\/\/curva1.com.ar\/?author=1"},"category_info":"<a href=\"https:\/\/curva1.com.ar\/?cat=6\" rel=\"category\">Nacionales<\/a>","tag_info":"Nacionales","comment_count":"0","_links":{"self":[{"href":"https:\/\/curva1.com.ar\/index.php?rest_route=\/wp\/v2\/posts\/4650","targetHints":{"allow":["GET"]}}],"collection":[{"href":"https:\/\/curva1.com.ar\/index.php?rest_route=\/wp\/v2\/posts"}],"about":[{"href":"https:\/\/curva1.com.ar\/index.php?rest_route=\/wp\/v2\/types\/post"}],"author":[{"embeddable":true,"href":"https:\/\/curva1.com.ar\/index.php?rest_route=\/wp\/v2\/users\/1"}],"replies":[{"embeddable":true,"href":"https:\/\/curva1.com.ar\/index.php?rest_route=%2Fwp%2Fv2%2Fcomments&post=4650"}],"version-history":[{"count":6,"href":"https:\/\/curva1.com.ar\/index.php?rest_route=\/wp\/v2\/posts\/4650\/revisions"}],"predecessor-version":[{"id":4942,"href":"https:\/\/curva1.com.ar\/index.php?rest_route=\/wp\/v2\/posts\/4650\/revisions\/4942"}],"wp:featuredmedia":[{"embeddable":true,"href":"https:\/\/curva1.com.ar\/index.php?rest_route=\/wp\/v2\/media\/4651"}],"wp:attachment":[{"href":"https:\/\/curva1.com.ar\/index.php?rest_route=%2Fwp%2Fv2%2Fmedia&parent=4650"}],"wp:term":[{"taxonomy":"category","embeddable":true,"href":"https:\/\/curva1.com.ar\/index.php?rest_route=%2Fwp%2Fv2%2Fcategories&post=4650"},{"taxonomy":"post_tag","embeddable":true,"href":"https:\/\/curva1.com.ar\/index.php?rest_route=%2Fwp%2Fv2%2Ftags&post=4650"}],"curies":[{"name":"wp","href":"https:\/\/api.w.org\/{rel}","templated":true}]}}