{"id":4663,"date":"2013-03-13T01:33:17","date_gmt":"2013-03-13T04:33:17","guid":{"rendered":"http:\/\/www.curva1.com.ar\/?p=4663"},"modified":"2013-03-13T01:33:17","modified_gmt":"2013-03-13T04:33:17","slug":"triunfos-mendocinos-en-el-inicio-del-argentino-de-motocross","status":"publish","type":"post","link":"https:\/\/curva1.com.ar\/?p=4663","title":{"rendered":"Triunfos mendocinos en el inicio del Argentino de Motocross"},"content":{"rendered":"<p><img loading=\"lazy\" decoding=\"async\" class=\"aligncenter size-full wp-image-4664\" alt=\"gal-517607\" src=\"http:\/\/www.curva1.com.ar\/wp-content\/uploads\/2013\/03\/gal-517607.jpg\" width=\"500\" height=\"281\" srcset=\"https:\/\/curva1.com.ar\/wp-content\/uploads\/2013\/03\/gal-517607.jpg 500w, https:\/\/curva1.com.ar\/wp-content\/uploads\/2013\/03\/gal-517607-300x169.jpg 300w\" sizes=\"auto, (max-width: 500px) 100vw, 500px\" \/><\/p>\n<p>Dalila Hidalgo, Estefan\u00eda Torres y Julio Quiroga se lucieron en Trenque Lauquen.<\/p>\n<p>Tres de los diez trofeos a los mejores quedaron en manos de mendocinos. En el arranque del campeonato Argentino de motocross, desarrollado en el circuito bonaerense de Trenque Lauquen, tres pilotos de nuestra provincia se adjudicaron la clasificaci\u00f3n general.<\/p>\n<p>Dalila Hidalgo, que fue la principal gestora de la categor\u00eda FMX, se impuso en ambas mangas. Tambi\u00e9n cant\u00f3 victoria Estefan\u00eda Torres, pero dentro de la divisi\u00f3n B superando a sus comprovincianas Brenda Righi y Florencia Torres.<\/p>\n<p>Por su parte, Julio Quiroga venci\u00f3 en la categor\u00eda para los MX3 B.<\/p>\n<p>Otro destacados resultaron ser los tunuyaninos Juan Mart\u00edn Fern\u00e1ndez y Franco Galigniana, quienes arribaron segundo y tercero respectivamente entre los MX2 B.<\/p>\n<p>En Laguna Roja, los restantes vencedores fueron: los cordobeses Jos\u00e9 Felipe (MX1) y Augusto Freytes (MX 3), el pig\u00fcense Pablo Dutto (MX1 B), el rionegrino Juan Pablo Luzzardi (MX2), el santafesino Leonardo Wohlmuth (MX2 B), el rafaelino Franco Appo (85 cc A) y el chileno Hardy Mu\u00f1oz (85 cc B).<\/p>\n<p>El pr\u00f3ximo cap\u00edtulo ser\u00e1 entre los d\u00edas 6 y 7 de abril, en Bariloche.<\/p>\n<p>Los Andes.<\/p>\n","protected":false},"excerpt":{"rendered":"<p>Dalila Hidalgo, Estefan\u00eda Torres y Julio Quiroga se lucieron en Trenque Lauquen. Tres de los<\/p>\n","protected":false},"author":1,"featured_media":4664,"comment_status":"open","ping_status":"closed","sticky":false,"template":"","format":"standard","meta":{"footnotes":""},"categories":[10],"tags":[],"class_list":["post-4663","post","type-post","status-publish","format-standard","has-post-thumbnail","hentry","category-motos"],"featured_image_urls":{"full":["https:\/\/curva1.com.ar\/wp-content\/uploads\/2013\/03\/gal-517607.jpg",500,281,false],"thumbnail":["https:\/\/curva1.com.ar\/wp-content\/uploads\/2013\/03\/gal-517607-300x169.jpg",300,169,true],"medium":["https:\/\/curva1.com.ar\/wp-content\/uploads\/2013\/03\/gal-517607.jpg",500,281,false],"medium_large":["https:\/\/curva1.com.ar\/wp-content\/uploads\/2013\/03\/gal-517607.jpg",500,281,false],"large":["https:\/\/curva1.com.ar\/wp-content\/uploads\/2013\/03\/gal-517607.jpg",500,281,false],"1536x1536":["https:\/\/curva1.com.ar\/wp-content\/uploads\/2013\/03\/gal-517607.jpg",500,281,false],"2048x2048":["https:\/\/curva1.com.ar\/wp-content\/uploads\/2013\/03\/gal-517607.jpg",500,281,false],"chromenews-featured":["https:\/\/curva1.com.ar\/wp-content\/uploads\/2013\/03\/gal-517607.jpg",500,281,false],"chromenews-large":["https:\/\/curva1.com.ar\/wp-content\/uploads\/2013\/03\/gal-517607.jpg",500,281,false],"chromenews-medium":["https:\/\/curva1.com.ar\/wp-content\/uploads\/2013\/03\/gal-517607.jpg",500,281,false]},"author_info":{"display_name":"Jos\u00e9 Bravo","author_link":"https:\/\/curva1.com.ar\/?author=1"},"category_info":"<a href=\"https:\/\/curva1.com.ar\/?cat=10\" rel=\"category\">Motos<\/a>","tag_info":"Motos","comment_count":"0","_links":{"self":[{"href":"https:\/\/curva1.com.ar\/index.php?rest_route=\/wp\/v2\/posts\/4663","targetHints":{"allow":["GET"]}}],"collection":[{"href":"https:\/\/curva1.com.ar\/index.php?rest_route=\/wp\/v2\/posts"}],"about":[{"href":"https:\/\/curva1.com.ar\/index.php?rest_route=\/wp\/v2\/types\/post"}],"author":[{"embeddable":true,"href":"https:\/\/curva1.com.ar\/index.php?rest_route=\/wp\/v2\/users\/1"}],"replies":[{"embeddable":true,"href":"https:\/\/curva1.com.ar\/index.php?rest_route=%2Fwp%2Fv2%2Fcomments&post=4663"}],"version-history":[{"count":1,"href":"https:\/\/curva1.com.ar\/index.php?rest_route=\/wp\/v2\/posts\/4663\/revisions"}],"predecessor-version":[{"id":4665,"href":"https:\/\/curva1.com.ar\/index.php?rest_route=\/wp\/v2\/posts\/4663\/revisions\/4665"}],"wp:featuredmedia":[{"embeddable":true,"href":"https:\/\/curva1.com.ar\/index.php?rest_route=\/wp\/v2\/media\/4664"}],"wp:attachment":[{"href":"https:\/\/curva1.com.ar\/index.php?rest_route=%2Fwp%2Fv2%2Fmedia&parent=4663"}],"wp:term":[{"taxonomy":"category","embeddable":true,"href":"https:\/\/curva1.com.ar\/index.php?rest_route=%2Fwp%2Fv2%2Fcategories&post=4663"},{"taxonomy":"post_tag","embeddable":true,"href":"https:\/\/curva1.com.ar\/index.php?rest_route=%2Fwp%2Fv2%2Ftags&post=4663"}],"curies":[{"name":"wp","href":"https:\/\/api.w.org\/{rel}","templated":true}]}}