{"id":4688,"date":"2013-03-14T11:17:57","date_gmt":"2013-03-14T14:17:57","guid":{"rendered":"http:\/\/www.curva1.com.ar\/?p=4688"},"modified":"2013-03-14T11:30:29","modified_gmt":"2013-03-14T14:30:29","slug":"santero-y-quique-giorgis-arrancan-desde-la-primera-en-la-1100","status":"publish","type":"post","link":"https:\/\/curva1.com.ar\/?p=4688","title":{"rendered":"Santero y Quique Giorgis arrancan desde la primera en el TP 1100"},"content":{"rendered":"<p><img loading=\"lazy\" decoding=\"async\" class=\"aligncenter size-full wp-image-4690\" alt=\"581239_3786017781540_1061861020_n\" src=\"http:\/\/www.curva1.com.ar\/wp-content\/uploads\/2013\/03\/581239_3786017781540_1061861020_n.jpg\" width=\"500\" height=\"392\" srcset=\"https:\/\/curva1.com.ar\/wp-content\/uploads\/2013\/03\/581239_3786017781540_1061861020_n.jpg 500w, https:\/\/curva1.com.ar\/wp-content\/uploads\/2013\/03\/581239_3786017781540_1061861020_n-429x337.jpg 429w\" sizes=\"auto, (max-width: 500px) 100vw, 500px\" \/><\/p>\n<p>Ignacio Santero dialog\u00f3 hoy con Curva 1 y dijo que <strong>&#8220;estamos terminando los ultimos trabajos en el auto, que est\u00e1 en San Mart\u00edn en Baroni Competici\u00f3n. Vamos a comenzar desde el inicio y estaremos probando el viernes en las comunitarias&#8221;.<\/strong><\/p>\n<p>Por su parte, Quique Giorgis est\u00e1 trabajando en su Fiat 128 que nuevamente ir\u00e1 de color blanco. <strong>&#8220;Lo estamos terminando de armar y esperamos llegar para el finde&#8221;<\/strong> explic\u00f3 a Curva 1.<\/p>\n<figure id=\"attachment_4689\" aria-describedby=\"caption-attachment-4689\" style=\"width: 500px\" class=\"wp-caption aligncenter\"><img loading=\"lazy\" decoding=\"async\" class=\"size-full wp-image-4689\" alt=\"El Fiat 128 de Quique Giorgis\" src=\"http:\/\/www.curva1.com.ar\/wp-content\/uploads\/2013\/03\/66429_549996215021461_387665612_n.jpg\" width=\"500\" height=\"281\" srcset=\"https:\/\/curva1.com.ar\/wp-content\/uploads\/2013\/03\/66429_549996215021461_387665612_n.jpg 500w, https:\/\/curva1.com.ar\/wp-content\/uploads\/2013\/03\/66429_549996215021461_387665612_n-300x169.jpg 300w\" sizes=\"auto, (max-width: 500px) 100vw, 500px\" \/><figcaption id=\"caption-attachment-4689\" class=\"wp-caption-text\">El Fiat 128 de Quique Giorgis<\/figcaption><\/figure>\n","protected":false},"excerpt":{"rendered":"<p>Ignacio Santero dialog\u00f3 hoy con Curva 1 y dijo que &#8220;estamos terminando los ultimos trabajos<\/p>\n","protected":false},"author":1,"featured_media":4689,"comment_status":"open","ping_status":"closed","sticky":false,"template":"","format":"standard","meta":{"footnotes":""},"categories":[1],"tags":[],"class_list":["post-4688","post","type-post","status-publish","format-standard","has-post-thumbnail","hentry","category-zonal-cuyano"],"featured_image_urls":{"full":["https:\/\/curva1.com.ar\/wp-content\/uploads\/2013\/03\/66429_549996215021461_387665612_n.jpg",500,281,false],"thumbnail":["https:\/\/curva1.com.ar\/wp-content\/uploads\/2013\/03\/66429_549996215021461_387665612_n-300x169.jpg",300,169,true],"medium":["https:\/\/curva1.com.ar\/wp-content\/uploads\/2013\/03\/66429_549996215021461_387665612_n.jpg",500,281,false],"medium_large":["https:\/\/curva1.com.ar\/wp-content\/uploads\/2013\/03\/66429_549996215021461_387665612_n.jpg",500,281,false],"large":["https:\/\/curva1.com.ar\/wp-content\/uploads\/2013\/03\/66429_549996215021461_387665612_n.jpg",500,281,false],"1536x1536":["https:\/\/curva1.com.ar\/wp-content\/uploads\/2013\/03\/66429_549996215021461_387665612_n.jpg",500,281,false],"2048x2048":["https:\/\/curva1.com.ar\/wp-content\/uploads\/2013\/03\/66429_549996215021461_387665612_n.jpg",500,281,false],"chromenews-featured":["https:\/\/curva1.com.ar\/wp-content\/uploads\/2013\/03\/66429_549996215021461_387665612_n.jpg",500,281,false],"chromenews-large":["https:\/\/curva1.com.ar\/wp-content\/uploads\/2013\/03\/66429_549996215021461_387665612_n.jpg",500,281,false],"chromenews-medium":["https:\/\/curva1.com.ar\/wp-content\/uploads\/2013\/03\/66429_549996215021461_387665612_n.jpg",500,281,false]},"author_info":{"display_name":"Jos\u00e9 Bravo","author_link":"https:\/\/curva1.com.ar\/?author=1"},"category_info":"<a href=\"https:\/\/curva1.com.ar\/?cat=1\" rel=\"category\">Zonal Cuyano<\/a>","tag_info":"Zonal Cuyano","comment_count":"0","_links":{"self":[{"href":"https:\/\/curva1.com.ar\/index.php?rest_route=\/wp\/v2\/posts\/4688","targetHints":{"allow":["GET"]}}],"collection":[{"href":"https:\/\/curva1.com.ar\/index.php?rest_route=\/wp\/v2\/posts"}],"about":[{"href":"https:\/\/curva1.com.ar\/index.php?rest_route=\/wp\/v2\/types\/post"}],"author":[{"embeddable":true,"href":"https:\/\/curva1.com.ar\/index.php?rest_route=\/wp\/v2\/users\/1"}],"replies":[{"embeddable":true,"href":"https:\/\/curva1.com.ar\/index.php?rest_route=%2Fwp%2Fv2%2Fcomments&post=4688"}],"version-history":[{"count":3,"href":"https:\/\/curva1.com.ar\/index.php?rest_route=\/wp\/v2\/posts\/4688\/revisions"}],"predecessor-version":[{"id":4692,"href":"https:\/\/curva1.com.ar\/index.php?rest_route=\/wp\/v2\/posts\/4688\/revisions\/4692"}],"wp:featuredmedia":[{"embeddable":true,"href":"https:\/\/curva1.com.ar\/index.php?rest_route=\/wp\/v2\/media\/4689"}],"wp:attachment":[{"href":"https:\/\/curva1.com.ar\/index.php?rest_route=%2Fwp%2Fv2%2Fmedia&parent=4688"}],"wp:term":[{"taxonomy":"category","embeddable":true,"href":"https:\/\/curva1.com.ar\/index.php?rest_route=%2Fwp%2Fv2%2Fcategories&post=4688"},{"taxonomy":"post_tag","embeddable":true,"href":"https:\/\/curva1.com.ar\/index.php?rest_route=%2Fwp%2Fv2%2Ftags&post=4688"}],"curies":[{"name":"wp","href":"https:\/\/api.w.org\/{rel}","templated":true}]}}