{"id":4694,"date":"2013-03-14T11:25:59","date_gmt":"2013-03-14T14:25:59","guid":{"rendered":"http:\/\/www.curva1.com.ar\/?p=4694"},"modified":"2013-03-14T11:29:07","modified_gmt":"2013-03-14T14:29:07","slug":"se-anuncian-lluvias-y-tormentas-para-el-zonal-cuyano-en-san-martin","status":"publish","type":"post","link":"https:\/\/curva1.com.ar\/?p=4694","title":{"rendered":"Se anuncian lluvias y tormentas para el Zonal Cuyano en San Mart\u00edn"},"content":{"rendered":"<p><img loading=\"lazy\" decoding=\"async\" class=\"aligncenter size-full wp-image-4695\" alt=\"afafaf\" src=\"http:\/\/www.curva1.com.ar\/wp-content\/uploads\/2013\/03\/afafaf.jpg\" width=\"500\" height=\"147\" \/><\/p>\n<p>A preparar los neum\u00e1ticos ancorizados y poner en funcionamiento los limpiaparabrisas.<\/p>\n<p>El pron\u00f3stico indica lluvias y tormentas para viernes, s\u00e1bado y domingo donde el Zonal Cuyano de Pista abrir\u00e1 la temporada en el aut\u00f3dromo de San Mart\u00edn.<\/p>\n<p>Durante la tarde de ayer y hasta la madrugada estuvo lloviendo copiosamente, amaneciendo hoy jueves muy frio, pero y con lloviznas intermitentes.<\/p>\n","protected":false},"excerpt":{"rendered":"<p>A preparar los neum\u00e1ticos ancorizados y poner en funcionamiento los limpiaparabrisas. El pron\u00f3stico indica lluvias<\/p>\n","protected":false},"author":1,"featured_media":4696,"comment_status":"open","ping_status":"closed","sticky":false,"template":"","format":"standard","meta":{"footnotes":""},"categories":[1],"tags":[],"class_list":["post-4694","post","type-post","status-publish","format-standard","has-post-thumbnail","hentry","category-zonal-cuyano"],"featured_image_urls":{"full":["https:\/\/curva1.com.ar\/wp-content\/uploads\/2013\/03\/catsfa2.jpg",286,161,false],"thumbnail":["https:\/\/curva1.com.ar\/wp-content\/uploads\/2013\/03\/catsfa2.jpg",286,161,false],"medium":["https:\/\/curva1.com.ar\/wp-content\/uploads\/2013\/03\/catsfa2.jpg",286,161,false],"medium_large":["https:\/\/curva1.com.ar\/wp-content\/uploads\/2013\/03\/catsfa2.jpg",286,161,false],"large":["https:\/\/curva1.com.ar\/wp-content\/uploads\/2013\/03\/catsfa2.jpg",286,161,false],"1536x1536":["https:\/\/curva1.com.ar\/wp-content\/uploads\/2013\/03\/catsfa2.jpg",286,161,false],"2048x2048":["https:\/\/curva1.com.ar\/wp-content\/uploads\/2013\/03\/catsfa2.jpg",286,161,false],"chromenews-featured":["https:\/\/curva1.com.ar\/wp-content\/uploads\/2013\/03\/catsfa2.jpg",286,161,false],"chromenews-large":["https:\/\/curva1.com.ar\/wp-content\/uploads\/2013\/03\/catsfa2.jpg",286,161,false],"chromenews-medium":["https:\/\/curva1.com.ar\/wp-content\/uploads\/2013\/03\/catsfa2.jpg",286,161,false]},"author_info":{"display_name":"Jos\u00e9 Bravo","author_link":"https:\/\/curva1.com.ar\/?author=1"},"category_info":"<a href=\"https:\/\/curva1.com.ar\/?cat=1\" rel=\"category\">Zonal Cuyano<\/a>","tag_info":"Zonal Cuyano","comment_count":"0","_links":{"self":[{"href":"https:\/\/curva1.com.ar\/index.php?rest_route=\/wp\/v2\/posts\/4694","targetHints":{"allow":["GET"]}}],"collection":[{"href":"https:\/\/curva1.com.ar\/index.php?rest_route=\/wp\/v2\/posts"}],"about":[{"href":"https:\/\/curva1.com.ar\/index.php?rest_route=\/wp\/v2\/types\/post"}],"author":[{"embeddable":true,"href":"https:\/\/curva1.com.ar\/index.php?rest_route=\/wp\/v2\/users\/1"}],"replies":[{"embeddable":true,"href":"https:\/\/curva1.com.ar\/index.php?rest_route=%2Fwp%2Fv2%2Fcomments&post=4694"}],"version-history":[{"count":3,"href":"https:\/\/curva1.com.ar\/index.php?rest_route=\/wp\/v2\/posts\/4694\/revisions"}],"predecessor-version":[{"id":4698,"href":"https:\/\/curva1.com.ar\/index.php?rest_route=\/wp\/v2\/posts\/4694\/revisions\/4698"}],"wp:featuredmedia":[{"embeddable":true,"href":"https:\/\/curva1.com.ar\/index.php?rest_route=\/wp\/v2\/media\/4696"}],"wp:attachment":[{"href":"https:\/\/curva1.com.ar\/index.php?rest_route=%2Fwp%2Fv2%2Fmedia&parent=4694"}],"wp:term":[{"taxonomy":"category","embeddable":true,"href":"https:\/\/curva1.com.ar\/index.php?rest_route=%2Fwp%2Fv2%2Fcategories&post=4694"},{"taxonomy":"post_tag","embeddable":true,"href":"https:\/\/curva1.com.ar\/index.php?rest_route=%2Fwp%2Fv2%2Ftags&post=4694"}],"curies":[{"name":"wp","href":"https:\/\/api.w.org\/{rel}","templated":true}]}}