{"id":4723,"date":"2013-03-14T16:56:45","date_gmt":"2013-03-14T19:56:45","guid":{"rendered":"http:\/\/www.curva1.com.ar\/?p=4723"},"modified":"2013-03-14T16:59:47","modified_gmt":"2013-03-14T19:59:47","slug":"rene-zanatta-vuelve-al-automovilismo-en-la-provincia-de-san-luis","status":"publish","type":"post","link":"https:\/\/curva1.com.ar\/?p=4723","title":{"rendered":"El hist\u00f3rico Ren\u00e9 Zanatta vuelve al automovilismo en San Lu\u00eds"},"content":{"rendered":"<p><img loading=\"lazy\" decoding=\"async\" class=\"size-full wp-image-4724 alignleft\" alt=\"contenidos_Zanatta130314\" src=\"http:\/\/www.curva1.com.ar\/wp-content\/uploads\/2013\/03\/contenidos_Zanatta130314.jpg\" width=\"244\" height=\"137\" \/>El rafaelino correr\u00e1 en el Rally Argentino con un Mitsubishi de la Clase 3. El debut ser\u00e1 el fin de semana del 24 de marzo en San Luis.<\/p>\n<p>Ren\u00e9 Zanatta, un apellido hist\u00f3rico de nuestro automovilismo, volver\u00e1 a manejar un auto de competici\u00f3n. Ser\u00e1 en el Rally Argentino, donde estar\u00e1 corriendo sobre un Mitsubishi de la Clase 3.<\/p>\n<p><strong>&#8220;Es un proyecto que arranca junto a Gerardo Scicolone. Ya estuvimos probando y ahora esperamos por la carrera de San Luis&#8221;,<\/strong> manifest\u00f3 el piloto de Rafaela en Campeones por Radio Rivadavia.<\/p>\n<p>Zanatta cuenta con una basta trayectoria en el automovilismo, donde fue protagonista y campe\u00f3n del Turismo Nacional, fue una de las figuras del TC2000 en la d\u00e9cada del 90, y tambi\u00e9n en Turismo Carretera, adem\u00e1s de su pasi\u00f3n siempre vigente por el motociclismo.<\/p>\n<p><img loading=\"lazy\" decoding=\"async\" class=\"aligncenter size-full wp-image-4725\" alt=\"rene zanatta tc2000 ats\" src=\"http:\/\/www.curva1.com.ar\/wp-content\/uploads\/2013\/03\/rene-zanatta-tc2000-ats.jpg\" width=\"500\" height=\"281\" srcset=\"https:\/\/curva1.com.ar\/wp-content\/uploads\/2013\/03\/rene-zanatta-tc2000-ats.jpg 500w, https:\/\/curva1.com.ar\/wp-content\/uploads\/2013\/03\/rene-zanatta-tc2000-ats-300x169.jpg 300w\" sizes=\"auto, (max-width: 500px) 100vw, 500px\" \/><\/p>\n<p>Campeones.<\/p>\n","protected":false},"excerpt":{"rendered":"<p>El rafaelino correr\u00e1 en el Rally Argentino con un Mitsubishi de la Clase 3. El<\/p>\n","protected":false},"author":1,"featured_media":4725,"comment_status":"open","ping_status":"closed","sticky":false,"template":"","format":"standard","meta":{"footnotes":""},"categories":[6],"tags":[],"class_list":["post-4723","post","type-post","status-publish","format-standard","has-post-thumbnail","hentry","category-nacionales"],"featured_image_urls":{"full":["https:\/\/curva1.com.ar\/wp-content\/uploads\/2013\/03\/rene-zanatta-tc2000-ats.jpg",500,281,false],"thumbnail":["https:\/\/curva1.com.ar\/wp-content\/uploads\/2013\/03\/rene-zanatta-tc2000-ats-300x169.jpg",300,169,true],"medium":["https:\/\/curva1.com.ar\/wp-content\/uploads\/2013\/03\/rene-zanatta-tc2000-ats.jpg",500,281,false],"medium_large":["https:\/\/curva1.com.ar\/wp-content\/uploads\/2013\/03\/rene-zanatta-tc2000-ats.jpg",500,281,false],"large":["https:\/\/curva1.com.ar\/wp-content\/uploads\/2013\/03\/rene-zanatta-tc2000-ats.jpg",500,281,false],"1536x1536":["https:\/\/curva1.com.ar\/wp-content\/uploads\/2013\/03\/rene-zanatta-tc2000-ats.jpg",500,281,false],"2048x2048":["https:\/\/curva1.com.ar\/wp-content\/uploads\/2013\/03\/rene-zanatta-tc2000-ats.jpg",500,281,false],"chromenews-featured":["https:\/\/curva1.com.ar\/wp-content\/uploads\/2013\/03\/rene-zanatta-tc2000-ats.jpg",500,281,false],"chromenews-large":["https:\/\/curva1.com.ar\/wp-content\/uploads\/2013\/03\/rene-zanatta-tc2000-ats.jpg",500,281,false],"chromenews-medium":["https:\/\/curva1.com.ar\/wp-content\/uploads\/2013\/03\/rene-zanatta-tc2000-ats.jpg",500,281,false]},"author_info":{"display_name":"Jos\u00e9 Bravo","author_link":"https:\/\/curva1.com.ar\/?author=1"},"category_info":"<a href=\"https:\/\/curva1.com.ar\/?cat=6\" rel=\"category\">Nacionales<\/a>","tag_info":"Nacionales","comment_count":"0","_links":{"self":[{"href":"https:\/\/curva1.com.ar\/index.php?rest_route=\/wp\/v2\/posts\/4723","targetHints":{"allow":["GET"]}}],"collection":[{"href":"https:\/\/curva1.com.ar\/index.php?rest_route=\/wp\/v2\/posts"}],"about":[{"href":"https:\/\/curva1.com.ar\/index.php?rest_route=\/wp\/v2\/types\/post"}],"author":[{"embeddable":true,"href":"https:\/\/curva1.com.ar\/index.php?rest_route=\/wp\/v2\/users\/1"}],"replies":[{"embeddable":true,"href":"https:\/\/curva1.com.ar\/index.php?rest_route=%2Fwp%2Fv2%2Fcomments&post=4723"}],"version-history":[{"count":3,"href":"https:\/\/curva1.com.ar\/index.php?rest_route=\/wp\/v2\/posts\/4723\/revisions"}],"predecessor-version":[{"id":4727,"href":"https:\/\/curva1.com.ar\/index.php?rest_route=\/wp\/v2\/posts\/4723\/revisions\/4727"}],"wp:featuredmedia":[{"embeddable":true,"href":"https:\/\/curva1.com.ar\/index.php?rest_route=\/wp\/v2\/media\/4725"}],"wp:attachment":[{"href":"https:\/\/curva1.com.ar\/index.php?rest_route=%2Fwp%2Fv2%2Fmedia&parent=4723"}],"wp:term":[{"taxonomy":"category","embeddable":true,"href":"https:\/\/curva1.com.ar\/index.php?rest_route=%2Fwp%2Fv2%2Fcategories&post=4723"},{"taxonomy":"post_tag","embeddable":true,"href":"https:\/\/curva1.com.ar\/index.php?rest_route=%2Fwp%2Fv2%2Ftags&post=4723"}],"curies":[{"name":"wp","href":"https:\/\/api.w.org\/{rel}","templated":true}]}}