{"id":4735,"date":"2013-03-15T14:30:36","date_gmt":"2013-03-15T17:30:36","guid":{"rendered":"http:\/\/www.curva1.com.ar\/?p=4735"},"modified":"2013-03-15T14:42:08","modified_gmt":"2013-03-15T17:42:08","slug":"martin-saladino-le-apuesta-a-la-promocional-1-4-del-zonal-cuyano","status":"publish","type":"post","link":"https:\/\/curva1.com.ar\/?p=4735","title":{"rendered":"Mart\u00edn Saladino le apuesta a la Promocional 1.4 del zonal cuyano"},"content":{"rendered":"<p><img loading=\"lazy\" decoding=\"async\" class=\"alignnone\" alt=\"\" src=\"http:\/\/www.curva1.com.ar\/wp-content\/uploads\/2013\/01\/p1459618043_n.jpg\" width=\"600\" height=\"338\" \/><\/p>\n<p>El piloto de San Mart\u00edn adquiri\u00f3 un motor 1.4 para la nueva categor\u00eda del zonal y se sumar\u00e1 en las pr\u00f3ximas competencias del a\u00f1o.<\/p>\n<p>Luego de que desapareci\u00f3 el TC Junior, donde Saladino corr\u00eda, todo se apunt\u00f3 a la 1.4 con el Fiat 128 que compr\u00f3 la temporada pasada.<\/p>\n<p>El auto va a estar a cargo de Baroni Competici\u00f3n.<\/p>\n","protected":false},"excerpt":{"rendered":"<p>El piloto de San Mart\u00edn adquiri\u00f3 un motor 1.4 para la nueva categor\u00eda del zonal<\/p>\n","protected":false},"author":1,"featured_media":4737,"comment_status":"open","ping_status":"closed","sticky":false,"template":"","format":"standard","meta":{"footnotes":""},"categories":[1],"tags":[],"class_list":["post-4735","post","type-post","status-publish","format-standard","has-post-thumbnail","hentry","category-zonal-cuyano"],"featured_image_urls":{"full":["https:\/\/curva1.com.ar\/wp-content\/uploads\/2013\/03\/caafats.jpg",200,112,false],"thumbnail":["https:\/\/curva1.com.ar\/wp-content\/uploads\/2013\/03\/caafats.jpg",200,112,false],"medium":["https:\/\/curva1.com.ar\/wp-content\/uploads\/2013\/03\/caafats.jpg",200,112,false],"medium_large":["https:\/\/curva1.com.ar\/wp-content\/uploads\/2013\/03\/caafats.jpg",200,112,false],"large":["https:\/\/curva1.com.ar\/wp-content\/uploads\/2013\/03\/caafats.jpg",200,112,false],"1536x1536":["https:\/\/curva1.com.ar\/wp-content\/uploads\/2013\/03\/caafats.jpg",200,112,false],"2048x2048":["https:\/\/curva1.com.ar\/wp-content\/uploads\/2013\/03\/caafats.jpg",200,112,false],"chromenews-featured":["https:\/\/curva1.com.ar\/wp-content\/uploads\/2013\/03\/caafats.jpg",200,112,false],"chromenews-large":["https:\/\/curva1.com.ar\/wp-content\/uploads\/2013\/03\/caafats.jpg",200,112,false],"chromenews-medium":["https:\/\/curva1.com.ar\/wp-content\/uploads\/2013\/03\/caafats.jpg",200,112,false]},"author_info":{"display_name":"Jos\u00e9 Bravo","author_link":"https:\/\/curva1.com.ar\/?author=1"},"category_info":"<a href=\"https:\/\/curva1.com.ar\/?cat=1\" rel=\"category\">Zonal Cuyano<\/a>","tag_info":"Zonal Cuyano","comment_count":"0","_links":{"self":[{"href":"https:\/\/curva1.com.ar\/index.php?rest_route=\/wp\/v2\/posts\/4735","targetHints":{"allow":["GET"]}}],"collection":[{"href":"https:\/\/curva1.com.ar\/index.php?rest_route=\/wp\/v2\/posts"}],"about":[{"href":"https:\/\/curva1.com.ar\/index.php?rest_route=\/wp\/v2\/types\/post"}],"author":[{"embeddable":true,"href":"https:\/\/curva1.com.ar\/index.php?rest_route=\/wp\/v2\/users\/1"}],"replies":[{"embeddable":true,"href":"https:\/\/curva1.com.ar\/index.php?rest_route=%2Fwp%2Fv2%2Fcomments&post=4735"}],"version-history":[{"count":4,"href":"https:\/\/curva1.com.ar\/index.php?rest_route=\/wp\/v2\/posts\/4735\/revisions"}],"predecessor-version":[{"id":4740,"href":"https:\/\/curva1.com.ar\/index.php?rest_route=\/wp\/v2\/posts\/4735\/revisions\/4740"}],"wp:featuredmedia":[{"embeddable":true,"href":"https:\/\/curva1.com.ar\/index.php?rest_route=\/wp\/v2\/media\/4737"}],"wp:attachment":[{"href":"https:\/\/curva1.com.ar\/index.php?rest_route=%2Fwp%2Fv2%2Fmedia&parent=4735"}],"wp:term":[{"taxonomy":"category","embeddable":true,"href":"https:\/\/curva1.com.ar\/index.php?rest_route=%2Fwp%2Fv2%2Fcategories&post=4735"},{"taxonomy":"post_tag","embeddable":true,"href":"https:\/\/curva1.com.ar\/index.php?rest_route=%2Fwp%2Fv2%2Ftags&post=4735"}],"curies":[{"name":"wp","href":"https:\/\/api.w.org\/{rel}","templated":true}]}}