{"id":4809,"date":"2013-03-16T23:49:03","date_gmt":"2013-03-17T02:49:03","guid":{"rendered":"http:\/\/www.curva1.com.ar\/?p=4809"},"modified":"2013-03-17T02:41:48","modified_gmt":"2013-03-17T05:41:48","slug":"los-rumores-sobre-la-segunda-fecha-del-zonal-cuyano","status":"publish","type":"post","link":"https:\/\/curva1.com.ar\/?p=4809","title":{"rendered":"Los rumores sobre la segunda fecha del zonal cuyano"},"content":{"rendered":"<p><img loading=\"lazy\" decoding=\"async\" class=\"aligncenter size-full wp-image-4810\" alt=\"IMGa_8284\" src=\"http:\/\/www.curva1.com.ar\/wp-content\/uploads\/2013\/03\/IMGa_8284.jpg\" width=\"500\" height=\"281\" srcset=\"https:\/\/curva1.com.ar\/wp-content\/uploads\/2013\/03\/IMGa_8284.jpg 500w, https:\/\/curva1.com.ar\/wp-content\/uploads\/2013\/03\/IMGa_8284-300x169.jpg 300w\" sizes=\"auto, (max-width: 500px) 100vw, 500px\" \/><\/p>\n<p>En boxes se rumore\u00f3 que la 2\u00ba cita del Zonal Cuyano tendr\u00eda destino fuera de Mendoza.<\/p>\n<p>M\u00e1s precisamente se realizar\u00eda en el Rosendo Hern\u00e1ndez de San Lu\u00eds, aunque no hay nada confirmado oficialmente.<\/p>\n<p>Tambi\u00e9n, existe la intenci\u00f3n de usar en el futuro pr\u00f3ximo otro circuito en San Mart\u00edn, diferente al de la 1\u00ba fecha. Ser\u00eda por la antigua curva tres y no haciendo la recta este del circuito, para luego hacer la famosa cuatro y las &#8220;s&#8221; de detr\u00e1s de boxes.<\/p>\n","protected":false},"excerpt":{"rendered":"<p>En boxes se rumore\u00f3 que la 2\u00ba cita del Zonal Cuyano tendr\u00eda destino fuera de<\/p>\n","protected":false},"author":1,"featured_media":4810,"comment_status":"open","ping_status":"closed","sticky":false,"template":"","format":"standard","meta":{"footnotes":""},"categories":[1],"tags":[],"class_list":["post-4809","post","type-post","status-publish","format-standard","has-post-thumbnail","hentry","category-zonal-cuyano"],"featured_image_urls":{"full":["https:\/\/curva1.com.ar\/wp-content\/uploads\/2013\/03\/IMGa_8284.jpg",500,281,false],"thumbnail":["https:\/\/curva1.com.ar\/wp-content\/uploads\/2013\/03\/IMGa_8284-300x169.jpg",300,169,true],"medium":["https:\/\/curva1.com.ar\/wp-content\/uploads\/2013\/03\/IMGa_8284.jpg",500,281,false],"medium_large":["https:\/\/curva1.com.ar\/wp-content\/uploads\/2013\/03\/IMGa_8284.jpg",500,281,false],"large":["https:\/\/curva1.com.ar\/wp-content\/uploads\/2013\/03\/IMGa_8284.jpg",500,281,false],"1536x1536":["https:\/\/curva1.com.ar\/wp-content\/uploads\/2013\/03\/IMGa_8284.jpg",500,281,false],"2048x2048":["https:\/\/curva1.com.ar\/wp-content\/uploads\/2013\/03\/IMGa_8284.jpg",500,281,false],"chromenews-featured":["https:\/\/curva1.com.ar\/wp-content\/uploads\/2013\/03\/IMGa_8284.jpg",500,281,false],"chromenews-large":["https:\/\/curva1.com.ar\/wp-content\/uploads\/2013\/03\/IMGa_8284.jpg",500,281,false],"chromenews-medium":["https:\/\/curva1.com.ar\/wp-content\/uploads\/2013\/03\/IMGa_8284.jpg",500,281,false]},"author_info":{"display_name":"Jos\u00e9 Bravo","author_link":"https:\/\/curva1.com.ar\/?author=1"},"category_info":"<a href=\"https:\/\/curva1.com.ar\/?cat=1\" rel=\"category\">Zonal Cuyano<\/a>","tag_info":"Zonal Cuyano","comment_count":"0","_links":{"self":[{"href":"https:\/\/curva1.com.ar\/index.php?rest_route=\/wp\/v2\/posts\/4809","targetHints":{"allow":["GET"]}}],"collection":[{"href":"https:\/\/curva1.com.ar\/index.php?rest_route=\/wp\/v2\/posts"}],"about":[{"href":"https:\/\/curva1.com.ar\/index.php?rest_route=\/wp\/v2\/types\/post"}],"author":[{"embeddable":true,"href":"https:\/\/curva1.com.ar\/index.php?rest_route=\/wp\/v2\/users\/1"}],"replies":[{"embeddable":true,"href":"https:\/\/curva1.com.ar\/index.php?rest_route=%2Fwp%2Fv2%2Fcomments&post=4809"}],"version-history":[{"count":3,"href":"https:\/\/curva1.com.ar\/index.php?rest_route=\/wp\/v2\/posts\/4809\/revisions"}],"predecessor-version":[{"id":4812,"href":"https:\/\/curva1.com.ar\/index.php?rest_route=\/wp\/v2\/posts\/4809\/revisions\/4812"}],"wp:featuredmedia":[{"embeddable":true,"href":"https:\/\/curva1.com.ar\/index.php?rest_route=\/wp\/v2\/media\/4810"}],"wp:attachment":[{"href":"https:\/\/curva1.com.ar\/index.php?rest_route=%2Fwp%2Fv2%2Fmedia&parent=4809"}],"wp:term":[{"taxonomy":"category","embeddable":true,"href":"https:\/\/curva1.com.ar\/index.php?rest_route=%2Fwp%2Fv2%2Fcategories&post=4809"},{"taxonomy":"post_tag","embeddable":true,"href":"https:\/\/curva1.com.ar\/index.php?rest_route=%2Fwp%2Fv2%2Ftags&post=4809"}],"curies":[{"name":"wp","href":"https:\/\/api.w.org\/{rel}","templated":true}]}}