{"id":4880,"date":"2013-03-18T12:05:51","date_gmt":"2013-03-18T15:05:51","guid":{"rendered":"http:\/\/www.curva1.com.ar\/?p=4880"},"modified":"2013-03-18T12:06:20","modified_gmt":"2013-03-18T15:06:20","slug":"el-autodromo-de-san-rafael-se-prepara-para-las-tradicionales","status":"publish","type":"post","link":"https:\/\/curva1.com.ar\/?p=4880","title":{"rendered":"El aut\u00f3dromo de San Rafael se prepara para las Tradicionales"},"content":{"rendered":"<p><img loading=\"lazy\" decoding=\"async\" class=\"aligncenter size-full wp-image-4881\" alt=\"IMG_3568\" src=\"http:\/\/www.curva1.com.ar\/wp-content\/uploads\/2013\/03\/IMG_3568.jpg\" width=\"500\" height=\"281\" srcset=\"https:\/\/curva1.com.ar\/wp-content\/uploads\/2013\/03\/IMG_3568.jpg 500w, https:\/\/curva1.com.ar\/wp-content\/uploads\/2013\/03\/IMG_3568-300x169.jpg 300w\" sizes=\"auto, (max-width: 500px) 100vw, 500px\" \/><\/p>\n<p>Alberto Flores, de la Asociaci\u00f3n Sanrafaelina de Automovilismo, dialog\u00f3 con Curva 1 y coment\u00f3 que siguen trabajando en el circuito para Tradicionales.<\/p>\n<p><strong>&#8220;Estamos realizando trabajos y el aut\u00f3dromo de tierra est\u00e1 quedando b\u00e1rbaro. Tiene un piso muy firme y compacto y estimamos que en poco m\u00e1s de 2 meses estar\u00e1 listo para recibir una fecha de Categor\u00edas Tradicionales&#8221;<\/strong> expres\u00f3 Flores, quien adem\u00e1s es piloto de la F\u00f3rmula 1100.<\/p>\n","protected":false},"excerpt":{"rendered":"<p>Alberto Flores, de la Asociaci\u00f3n Sanrafaelina de Automovilismo, dialog\u00f3 con Curva 1 y coment\u00f3 que<\/p>\n","protected":false},"author":1,"featured_media":4881,"comment_status":"open","ping_status":"closed","sticky":false,"template":"","format":"standard","meta":{"footnotes":""},"categories":[3],"tags":[],"class_list":["post-4880","post","type-post","status-publish","format-standard","has-post-thumbnail","hentry","category-tradicionales"],"featured_image_urls":{"full":["https:\/\/curva1.com.ar\/wp-content\/uploads\/2013\/03\/IMG_3568.jpg",500,281,false],"thumbnail":["https:\/\/curva1.com.ar\/wp-content\/uploads\/2013\/03\/IMG_3568-300x169.jpg",300,169,true],"medium":["https:\/\/curva1.com.ar\/wp-content\/uploads\/2013\/03\/IMG_3568.jpg",500,281,false],"medium_large":["https:\/\/curva1.com.ar\/wp-content\/uploads\/2013\/03\/IMG_3568.jpg",500,281,false],"large":["https:\/\/curva1.com.ar\/wp-content\/uploads\/2013\/03\/IMG_3568.jpg",500,281,false],"1536x1536":["https:\/\/curva1.com.ar\/wp-content\/uploads\/2013\/03\/IMG_3568.jpg",500,281,false],"2048x2048":["https:\/\/curva1.com.ar\/wp-content\/uploads\/2013\/03\/IMG_3568.jpg",500,281,false],"chromenews-featured":["https:\/\/curva1.com.ar\/wp-content\/uploads\/2013\/03\/IMG_3568.jpg",500,281,false],"chromenews-large":["https:\/\/curva1.com.ar\/wp-content\/uploads\/2013\/03\/IMG_3568.jpg",500,281,false],"chromenews-medium":["https:\/\/curva1.com.ar\/wp-content\/uploads\/2013\/03\/IMG_3568.jpg",500,281,false]},"author_info":{"display_name":"Jos\u00e9 Bravo","author_link":"https:\/\/curva1.com.ar\/?author=1"},"category_info":"<a href=\"https:\/\/curva1.com.ar\/?cat=3\" rel=\"category\">Tradicionales<\/a>","tag_info":"Tradicionales","comment_count":"0","_links":{"self":[{"href":"https:\/\/curva1.com.ar\/index.php?rest_route=\/wp\/v2\/posts\/4880","targetHints":{"allow":["GET"]}}],"collection":[{"href":"https:\/\/curva1.com.ar\/index.php?rest_route=\/wp\/v2\/posts"}],"about":[{"href":"https:\/\/curva1.com.ar\/index.php?rest_route=\/wp\/v2\/types\/post"}],"author":[{"embeddable":true,"href":"https:\/\/curva1.com.ar\/index.php?rest_route=\/wp\/v2\/users\/1"}],"replies":[{"embeddable":true,"href":"https:\/\/curva1.com.ar\/index.php?rest_route=%2Fwp%2Fv2%2Fcomments&post=4880"}],"version-history":[{"count":2,"href":"https:\/\/curva1.com.ar\/index.php?rest_route=\/wp\/v2\/posts\/4880\/revisions"}],"predecessor-version":[{"id":4883,"href":"https:\/\/curva1.com.ar\/index.php?rest_route=\/wp\/v2\/posts\/4880\/revisions\/4883"}],"wp:featuredmedia":[{"embeddable":true,"href":"https:\/\/curva1.com.ar\/index.php?rest_route=\/wp\/v2\/media\/4881"}],"wp:attachment":[{"href":"https:\/\/curva1.com.ar\/index.php?rest_route=%2Fwp%2Fv2%2Fmedia&parent=4880"}],"wp:term":[{"taxonomy":"category","embeddable":true,"href":"https:\/\/curva1.com.ar\/index.php?rest_route=%2Fwp%2Fv2%2Fcategories&post=4880"},{"taxonomy":"post_tag","embeddable":true,"href":"https:\/\/curva1.com.ar\/index.php?rest_route=%2Fwp%2Fv2%2Ftags&post=4880"}],"curies":[{"name":"wp","href":"https:\/\/api.w.org\/{rel}","templated":true}]}}