{"id":4886,"date":"2013-03-18T12:44:01","date_gmt":"2013-03-18T15:44:01","guid":{"rendered":"http:\/\/www.curva1.com.ar\/?p=4886"},"modified":"2013-03-18T13:42:16","modified_gmt":"2013-03-18T16:42:16","slug":"el-duelo-entre-los-clase-2-16-valvulas-de-santibanez-y-gasque","status":"publish","type":"post","link":"https:\/\/curva1.com.ar\/?p=4886","title":{"rendered":"El duelo entre los autos 16 v\u00e1lvulas de Santib\u00e1\u00f1ez y Gasque"},"content":{"rendered":"<p>La primera fecha de la Clase 2 tuvo un fuerte duelo entre los \u00fanicos dos autos con 16 v\u00e1lvulas, el Clio de Leo Gasque y el 207 de Gustavo Santib\u00e1\u00f1ez.<\/p>\n<p>Gasque comenz\u00f3 a liderar, pero luego el &#8220;Pelado&#8221; se acerc\u00f3, intent\u00f3 un sobrepaso y entr\u00f3 en despiste de costado y sac\u00f3 el auto en forma admirable. Nuevamente fue en busca del Clio y pas\u00f3 a la punta.<\/p>\n<p>Gasque no se dio por vencido y en la curva cuatro, con dos ruedas por el pasto, se tir\u00f3 afirm\u00e1ndose en el Peugeot y saliendo perjudicado porque su rueda trasera derecha se da\u00f1\u00f3. Gasque tuvo que entrar a boxes y dej\u00f3 servida la victoria para el piloto de San Mart\u00edn.<\/p>\n<p>Amigos en los boxes y rivales en la pista. Dieron espect\u00e1culo y se llevaron la admiraci\u00f3n del p\u00fablico.<\/p>\n<p><img loading=\"lazy\" decoding=\"async\" class=\"aligncenter size-full wp-image-4892\" alt=\"IMG_8681\" src=\"http:\/\/www.curva1.com.ar\/wp-content\/uploads\/2013\/03\/IMG_8681.jpg\" width=\"500\" height=\"281\" srcset=\"https:\/\/curva1.com.ar\/wp-content\/uploads\/2013\/03\/IMG_8681.jpg 500w, https:\/\/curva1.com.ar\/wp-content\/uploads\/2013\/03\/IMG_8681-300x169.jpg 300w\" sizes=\"auto, (max-width: 500px) 100vw, 500px\" \/><\/p>\n<p><img loading=\"lazy\" decoding=\"async\" class=\"aligncenter size-full wp-image-4888\" alt=\"IMG_8685\" src=\"http:\/\/www.curva1.com.ar\/wp-content\/uploads\/2013\/03\/IMG_8685.jpg\" width=\"500\" height=\"281\" srcset=\"https:\/\/curva1.com.ar\/wp-content\/uploads\/2013\/03\/IMG_8685.jpg 500w, https:\/\/curva1.com.ar\/wp-content\/uploads\/2013\/03\/IMG_8685-300x169.jpg 300w\" sizes=\"auto, (max-width: 500px) 100vw, 500px\" \/><img loading=\"lazy\" decoding=\"async\" class=\"aligncenter size-full wp-image-4889\" alt=\"IMG_8687\" src=\"http:\/\/www.curva1.com.ar\/wp-content\/uploads\/2013\/03\/IMG_8687.jpg\" width=\"500\" height=\"281\" srcset=\"https:\/\/curva1.com.ar\/wp-content\/uploads\/2013\/03\/IMG_8687.jpg 500w, https:\/\/curva1.com.ar\/wp-content\/uploads\/2013\/03\/IMG_8687-300x169.jpg 300w\" sizes=\"auto, (max-width: 500px) 100vw, 500px\" \/><img loading=\"lazy\" decoding=\"async\" class=\"aligncenter size-full wp-image-4890\" alt=\"IMG_8689\" src=\"http:\/\/www.curva1.com.ar\/wp-content\/uploads\/2013\/03\/IMG_8689.jpg\" width=\"500\" height=\"281\" srcset=\"https:\/\/curva1.com.ar\/wp-content\/uploads\/2013\/03\/IMG_8689.jpg 500w, https:\/\/curva1.com.ar\/wp-content\/uploads\/2013\/03\/IMG_8689-300x169.jpg 300w\" sizes=\"auto, (max-width: 500px) 100vw, 500px\" \/><\/p>\n<p><img loading=\"lazy\" decoding=\"async\" class=\"aligncenter size-full wp-image-4891\" alt=\"IMG_8724\" src=\"http:\/\/www.curva1.com.ar\/wp-content\/uploads\/2013\/03\/IMG_8724.jpg\" width=\"500\" height=\"281\" srcset=\"https:\/\/curva1.com.ar\/wp-content\/uploads\/2013\/03\/IMG_8724.jpg 500w, https:\/\/curva1.com.ar\/wp-content\/uploads\/2013\/03\/IMG_8724-300x169.jpg 300w\" sizes=\"auto, (max-width: 500px) 100vw, 500px\" \/><\/p>\n<figure id=\"attachment_4887\" aria-describedby=\"caption-attachment-4887\" style=\"width: 500px\" class=\"wp-caption aligncenter\"><img loading=\"lazy\" decoding=\"async\" class=\"size-full wp-image-4887\" alt=\"cfafaats\" src=\"http:\/\/www.curva1.com.ar\/wp-content\/uploads\/2013\/03\/cfafaats1.jpg\" width=\"500\" height=\"281\" srcset=\"https:\/\/curva1.com.ar\/wp-content\/uploads\/2013\/03\/cfafaats1.jpg 500w, https:\/\/curva1.com.ar\/wp-content\/uploads\/2013\/03\/cfafaats1-300x169.jpg 300w\" sizes=\"auto, (max-width: 500px) 100vw, 500px\" \/><figcaption id=\"caption-attachment-4887\" class=\"wp-caption-text\">Foto Nicol\u00e1s Bord\u00f3n &#8211; Diario UNO<\/figcaption><\/figure>\n<blockquote><p>La foto del roce entre los dos autos fue tomada por Nicol\u00e1s Bord\u00f3n, fot\u00f3grafo de Diario Uno para el suplemente Ovaci\u00f3n.<\/p>\n<p>Las restantes fotos fueron tomas por Jos\u00e9 Bravo, de Curva 1.<\/p><\/blockquote>\n","protected":false},"excerpt":{"rendered":"<p>La primera fecha de la Clase 2 tuvo un fuerte duelo entre los \u00fanicos dos<\/p>\n","protected":false},"author":1,"featured_media":4887,"comment_status":"open","ping_status":"closed","sticky":false,"template":"","format":"standard","meta":{"footnotes":""},"categories":[1],"tags":[],"class_list":["post-4886","post","type-post","status-publish","format-standard","has-post-thumbnail","hentry","category-zonal-cuyano"],"featured_image_urls":{"full":["https:\/\/curva1.com.ar\/wp-content\/uploads\/2013\/03\/cfafaats1.jpg",500,281,false],"thumbnail":["https:\/\/curva1.com.ar\/wp-content\/uploads\/2013\/03\/cfafaats1-300x169.jpg",300,169,true],"medium":["https:\/\/curva1.com.ar\/wp-content\/uploads\/2013\/03\/cfafaats1.jpg",500,281,false],"medium_large":["https:\/\/curva1.com.ar\/wp-content\/uploads\/2013\/03\/cfafaats1.jpg",500,281,false],"large":["https:\/\/curva1.com.ar\/wp-content\/uploads\/2013\/03\/cfafaats1.jpg",500,281,false],"1536x1536":["https:\/\/curva1.com.ar\/wp-content\/uploads\/2013\/03\/cfafaats1.jpg",500,281,false],"2048x2048":["https:\/\/curva1.com.ar\/wp-content\/uploads\/2013\/03\/cfafaats1.jpg",500,281,false],"chromenews-featured":["https:\/\/curva1.com.ar\/wp-content\/uploads\/2013\/03\/cfafaats1.jpg",500,281,false],"chromenews-large":["https:\/\/curva1.com.ar\/wp-content\/uploads\/2013\/03\/cfafaats1.jpg",500,281,false],"chromenews-medium":["https:\/\/curva1.com.ar\/wp-content\/uploads\/2013\/03\/cfafaats1.jpg",500,281,false]},"author_info":{"display_name":"Jos\u00e9 Bravo","author_link":"https:\/\/curva1.com.ar\/?author=1"},"category_info":"<a href=\"https:\/\/curva1.com.ar\/?cat=1\" rel=\"category\">Zonal Cuyano<\/a>","tag_info":"Zonal Cuyano","comment_count":"0","_links":{"self":[{"href":"https:\/\/curva1.com.ar\/index.php?rest_route=\/wp\/v2\/posts\/4886","targetHints":{"allow":["GET"]}}],"collection":[{"href":"https:\/\/curva1.com.ar\/index.php?rest_route=\/wp\/v2\/posts"}],"about":[{"href":"https:\/\/curva1.com.ar\/index.php?rest_route=\/wp\/v2\/types\/post"}],"author":[{"embeddable":true,"href":"https:\/\/curva1.com.ar\/index.php?rest_route=\/wp\/v2\/users\/1"}],"replies":[{"embeddable":true,"href":"https:\/\/curva1.com.ar\/index.php?rest_route=%2Fwp%2Fv2%2Fcomments&post=4886"}],"version-history":[{"count":6,"href":"https:\/\/curva1.com.ar\/index.php?rest_route=\/wp\/v2\/posts\/4886\/revisions"}],"predecessor-version":[{"id":4898,"href":"https:\/\/curva1.com.ar\/index.php?rest_route=\/wp\/v2\/posts\/4886\/revisions\/4898"}],"wp:featuredmedia":[{"embeddable":true,"href":"https:\/\/curva1.com.ar\/index.php?rest_route=\/wp\/v2\/media\/4887"}],"wp:attachment":[{"href":"https:\/\/curva1.com.ar\/index.php?rest_route=%2Fwp%2Fv2%2Fmedia&parent=4886"}],"wp:term":[{"taxonomy":"category","embeddable":true,"href":"https:\/\/curva1.com.ar\/index.php?rest_route=%2Fwp%2Fv2%2Fcategories&post=4886"},{"taxonomy":"post_tag","embeddable":true,"href":"https:\/\/curva1.com.ar\/index.php?rest_route=%2Fwp%2Fv2%2Ftags&post=4886"}],"curies":[{"name":"wp","href":"https:\/\/api.w.org\/{rel}","templated":true}]}}