{"id":4900,"date":"2013-03-18T16:24:57","date_gmt":"2013-03-18T19:24:57","guid":{"rendered":"http:\/\/www.curva1.com.ar\/?p=4900"},"modified":"2013-03-18T16:59:00","modified_gmt":"2013-03-18T19:59:00","slug":"el-maipucino-german-martinez-se-lucio-en-santa-fe","status":"publish","type":"post","link":"https:\/\/curva1.com.ar\/?p=4900","title":{"rendered":"El maipucino Germ\u00e1n Mart\u00ednez se luci\u00f3 haciendo podio en Santa Fe"},"content":{"rendered":"<p><img loading=\"lazy\" decoding=\"async\" class=\"aligncenter size-full wp-image-4901\" alt=\"german martinez karting G_4416\" src=\"http:\/\/www.curva1.com.ar\/wp-content\/uploads\/2013\/03\/german-martinez-karting-G_4416.jpg\" width=\"499\" height=\"280\" srcset=\"https:\/\/curva1.com.ar\/wp-content\/uploads\/2013\/03\/german-martinez-karting-G_4416.jpg 600w, https:\/\/curva1.com.ar\/wp-content\/uploads\/2013\/03\/german-martinez-karting-G_4416-300x169.jpg 300w\" sizes=\"auto, (max-width: 499px) 100vw, 499px\" \/><\/p>\n<p>El piloto de Coquimbito estuvo compitiendo el fin de semana en la 1\u00ba fecha de la Copa Rotax Max Litoral, que corre junto al Campeonato de Karting Santafesino.<\/p>\n<p>Mart\u00ednez fue parte de la categor\u00eda Mini Max de Rotax, donde tuvo una destacada actuaci\u00f3n, entre 13 pilotos en pistas.<\/p>\n<p>Germ\u00e1n fue muy veloz en los entrenamientos y marc\u00f3 la pole position, para luego terminar 2\u00ba, 7\u00ba y 3\u00ba en las mangas clasificatorias. En la final march\u00f3 segundo buena parte de la carrera, disputando su posici\u00f3n donde finalmente ocup\u00f3 el tercer lugar del podio.<\/p>\n<p>La competencia se realiz\u00f3 en el kart\u00f3dromo de Santa Fe y Germ\u00e1n Mart\u00ednez fue asistido en pista por el tambi\u00e9n mendocino Nicol\u00e1s Par\u00eds, ex bicampe\u00f3n de la S\u00faper 4 Tiempos del karting cuyano.<\/p>\n<p>&nbsp;<\/p>\n","protected":false},"excerpt":{"rendered":"<p>El piloto de Coquimbito estuvo compitiendo el fin de semana en la 1\u00ba fecha de<\/p>\n","protected":false},"author":1,"featured_media":4901,"comment_status":"open","ping_status":"closed","sticky":false,"template":"","format":"standard","meta":{"footnotes":""},"categories":[4],"tags":[],"class_list":["post-4900","post","type-post","status-publish","format-standard","has-post-thumbnail","hentry","category-karting"],"featured_image_urls":{"full":["https:\/\/curva1.com.ar\/wp-content\/uploads\/2013\/03\/german-martinez-karting-G_4416.jpg",600,337,false],"thumbnail":["https:\/\/curva1.com.ar\/wp-content\/uploads\/2013\/03\/german-martinez-karting-G_4416-300x169.jpg",300,169,true],"medium":["https:\/\/curva1.com.ar\/wp-content\/uploads\/2013\/03\/german-martinez-karting-G_4416.jpg",600,337,false],"medium_large":["https:\/\/curva1.com.ar\/wp-content\/uploads\/2013\/03\/german-martinez-karting-G_4416.jpg",600,337,false],"large":["https:\/\/curva1.com.ar\/wp-content\/uploads\/2013\/03\/german-martinez-karting-G_4416.jpg",600,337,false],"1536x1536":["https:\/\/curva1.com.ar\/wp-content\/uploads\/2013\/03\/german-martinez-karting-G_4416.jpg",600,337,false],"2048x2048":["https:\/\/curva1.com.ar\/wp-content\/uploads\/2013\/03\/german-martinez-karting-G_4416.jpg",600,337,false],"chromenews-featured":["https:\/\/curva1.com.ar\/wp-content\/uploads\/2013\/03\/german-martinez-karting-G_4416.jpg",600,337,false],"chromenews-large":["https:\/\/curva1.com.ar\/wp-content\/uploads\/2013\/03\/german-martinez-karting-G_4416.jpg",600,337,false],"chromenews-medium":["https:\/\/curva1.com.ar\/wp-content\/uploads\/2013\/03\/german-martinez-karting-G_4416.jpg",590,331,false]},"author_info":{"display_name":"Jos\u00e9 Bravo","author_link":"https:\/\/curva1.com.ar\/?author=1"},"category_info":"<a href=\"https:\/\/curva1.com.ar\/?cat=4\" rel=\"category\">Karting Asfalto<\/a>","tag_info":"Karting Asfalto","comment_count":"0","_links":{"self":[{"href":"https:\/\/curva1.com.ar\/index.php?rest_route=\/wp\/v2\/posts\/4900","targetHints":{"allow":["GET"]}}],"collection":[{"href":"https:\/\/curva1.com.ar\/index.php?rest_route=\/wp\/v2\/posts"}],"about":[{"href":"https:\/\/curva1.com.ar\/index.php?rest_route=\/wp\/v2\/types\/post"}],"author":[{"embeddable":true,"href":"https:\/\/curva1.com.ar\/index.php?rest_route=\/wp\/v2\/users\/1"}],"replies":[{"embeddable":true,"href":"https:\/\/curva1.com.ar\/index.php?rest_route=%2Fwp%2Fv2%2Fcomments&post=4900"}],"version-history":[{"count":5,"href":"https:\/\/curva1.com.ar\/index.php?rest_route=\/wp\/v2\/posts\/4900\/revisions"}],"predecessor-version":[{"id":4903,"href":"https:\/\/curva1.com.ar\/index.php?rest_route=\/wp\/v2\/posts\/4900\/revisions\/4903"}],"wp:featuredmedia":[{"embeddable":true,"href":"https:\/\/curva1.com.ar\/index.php?rest_route=\/wp\/v2\/media\/4901"}],"wp:attachment":[{"href":"https:\/\/curva1.com.ar\/index.php?rest_route=%2Fwp%2Fv2%2Fmedia&parent=4900"}],"wp:term":[{"taxonomy":"category","embeddable":true,"href":"https:\/\/curva1.com.ar\/index.php?rest_route=%2Fwp%2Fv2%2Fcategories&post=4900"},{"taxonomy":"post_tag","embeddable":true,"href":"https:\/\/curva1.com.ar\/index.php?rest_route=%2Fwp%2Fv2%2Ftags&post=4900"}],"curies":[{"name":"wp","href":"https:\/\/api.w.org\/{rel}","templated":true}]}}