{"id":4949,"date":"2013-03-19T13:16:47","date_gmt":"2013-03-19T16:16:47","guid":{"rendered":"http:\/\/www.curva1.com.ar\/?p=4949"},"modified":"2013-03-19T13:18:22","modified_gmt":"2013-03-19T16:18:22","slug":"fallecio-antonio-meritello-reconocido-dirigente-sanjuanino-de-la-asv","status":"publish","type":"post","link":"https:\/\/curva1.com.ar\/?p=4949","title":{"rendered":"Falleci\u00f3 Antonio Meritello, reconocido dirigente sanjuanino"},"content":{"rendered":"<p><span style=\"color: #000000;\"><img loading=\"lazy\" decoding=\"async\" class=\"alignleft size-full wp-image-4950\" alt=\"MeritelloA_Cara\" src=\"http:\/\/www.curva1.com.ar\/wp-content\/uploads\/2013\/03\/MeritelloA_Cara.jpg\" width=\"300\" height=\"169\" \/>A primeras horas de la ma\u00f1ana de hoy falleci\u00f3 Don Antonio Meritello Lampazona v\u00edctima de una corta internaci\u00f3n producto de un ACV (accidente cerebro vascular). <\/span><\/p>\n<p><span style=\"color: #000000;\">El automovilismo provincial y nacional est\u00e1 de luto con la desaparici\u00f3n f\u00edsica de este activo dirigente, cara visible por a\u00f1os de la Asociaci\u00f3n Sanjuanina de Volantes, club que lo tuvo como uno de los fundadores en 1961, instituci\u00f3n que lo tuvo trabajando hasta sus \u00faltimos d\u00edas, aunque hab\u00eda dejado la presidencia en manos de su hijo Ricardo.<\/span><\/p>\n<p><span style=\"color: #000000;\">Nuestro sentido p\u00e9same y cristiana resignaci\u00f3n a sus familiares y seres queridos.<\/span><\/p>\n<p>Gentileza C\u00f3digo Tuerca.<\/p>\n","protected":false},"excerpt":{"rendered":"<p>A primeras horas de la ma\u00f1ana de hoy falleci\u00f3 Don Antonio Meritello Lampazona v\u00edctima de<\/p>\n","protected":false},"author":1,"featured_media":4950,"comment_status":"open","ping_status":"closed","sticky":false,"template":"","format":"standard","meta":{"footnotes":""},"categories":[1],"tags":[],"class_list":["post-4949","post","type-post","status-publish","format-standard","has-post-thumbnail","hentry","category-zonal-cuyano"],"featured_image_urls":{"full":["https:\/\/curva1.com.ar\/wp-content\/uploads\/2013\/03\/MeritelloA_Cara.jpg",300,169,false],"thumbnail":["https:\/\/curva1.com.ar\/wp-content\/uploads\/2013\/03\/MeritelloA_Cara.jpg",300,169,false],"medium":["https:\/\/curva1.com.ar\/wp-content\/uploads\/2013\/03\/MeritelloA_Cara.jpg",300,169,false],"medium_large":["https:\/\/curva1.com.ar\/wp-content\/uploads\/2013\/03\/MeritelloA_Cara.jpg",300,169,false],"large":["https:\/\/curva1.com.ar\/wp-content\/uploads\/2013\/03\/MeritelloA_Cara.jpg",300,169,false],"1536x1536":["https:\/\/curva1.com.ar\/wp-content\/uploads\/2013\/03\/MeritelloA_Cara.jpg",300,169,false],"2048x2048":["https:\/\/curva1.com.ar\/wp-content\/uploads\/2013\/03\/MeritelloA_Cara.jpg",300,169,false],"chromenews-featured":["https:\/\/curva1.com.ar\/wp-content\/uploads\/2013\/03\/MeritelloA_Cara.jpg",300,169,false],"chromenews-large":["https:\/\/curva1.com.ar\/wp-content\/uploads\/2013\/03\/MeritelloA_Cara.jpg",300,169,false],"chromenews-medium":["https:\/\/curva1.com.ar\/wp-content\/uploads\/2013\/03\/MeritelloA_Cara.jpg",300,169,false]},"author_info":{"display_name":"Jos\u00e9 Bravo","author_link":"https:\/\/curva1.com.ar\/?author=1"},"category_info":"<a href=\"https:\/\/curva1.com.ar\/?cat=1\" rel=\"category\">Zonal Cuyano<\/a>","tag_info":"Zonal Cuyano","comment_count":"0","_links":{"self":[{"href":"https:\/\/curva1.com.ar\/index.php?rest_route=\/wp\/v2\/posts\/4949","targetHints":{"allow":["GET"]}}],"collection":[{"href":"https:\/\/curva1.com.ar\/index.php?rest_route=\/wp\/v2\/posts"}],"about":[{"href":"https:\/\/curva1.com.ar\/index.php?rest_route=\/wp\/v2\/types\/post"}],"author":[{"embeddable":true,"href":"https:\/\/curva1.com.ar\/index.php?rest_route=\/wp\/v2\/users\/1"}],"replies":[{"embeddable":true,"href":"https:\/\/curva1.com.ar\/index.php?rest_route=%2Fwp%2Fv2%2Fcomments&post=4949"}],"version-history":[{"count":5,"href":"https:\/\/curva1.com.ar\/index.php?rest_route=\/wp\/v2\/posts\/4949\/revisions"}],"predecessor-version":[{"id":4955,"href":"https:\/\/curva1.com.ar\/index.php?rest_route=\/wp\/v2\/posts\/4949\/revisions\/4955"}],"wp:featuredmedia":[{"embeddable":true,"href":"https:\/\/curva1.com.ar\/index.php?rest_route=\/wp\/v2\/media\/4950"}],"wp:attachment":[{"href":"https:\/\/curva1.com.ar\/index.php?rest_route=%2Fwp%2Fv2%2Fmedia&parent=4949"}],"wp:term":[{"taxonomy":"category","embeddable":true,"href":"https:\/\/curva1.com.ar\/index.php?rest_route=%2Fwp%2Fv2%2Fcategories&post=4949"},{"taxonomy":"post_tag","embeddable":true,"href":"https:\/\/curva1.com.ar\/index.php?rest_route=%2Fwp%2Fv2%2Ftags&post=4949"}],"curies":[{"name":"wp","href":"https:\/\/api.w.org\/{rel}","templated":true}]}}