{"id":5019,"date":"2013-03-25T07:37:30","date_gmt":"2013-03-25T10:37:30","guid":{"rendered":"http:\/\/www.curva1.com.ar\/?p=5019"},"modified":"2013-03-25T07:37:30","modified_gmt":"2013-03-25T10:37:30","slug":"aventin-hace-anos-que-no-bajaba-a-la-fosa-pero-me-acuerdo-bien-como-se-hace","status":"publish","type":"post","link":"https:\/\/curva1.com.ar\/?p=5019","title":{"rendered":"Avent\u00edn &#8220;Hace a\u00f1os que no bajaba a la fosa, pero me acuerdo bien como se hace&#8221;"},"content":{"rendered":"<p><img loading=\"lazy\" decoding=\"async\" class=\"aligncenter size-medium wp-image-5020\" alt=\"OSCAR_AVENTIN__PRESIDENTE_DE_LA_ACTC\" src=\"http:\/\/www.curva1.com.ar\/wp-content\/uploads\/2013\/03\/OSCAR_AVENTIN__PRESIDENTE_DE_LA_ACTC-503x337.jpg\" width=\"503\" height=\"337\" srcset=\"https:\/\/curva1.com.ar\/wp-content\/uploads\/2013\/03\/OSCAR_AVENTIN__PRESIDENTE_DE_LA_ACTC-503x337.jpg 503w, https:\/\/curva1.com.ar\/wp-content\/uploads\/2013\/03\/OSCAR_AVENTIN__PRESIDENTE_DE_LA_ACTC.jpg 800w\" sizes=\"auto, (max-width: 503px) 100vw, 503px\" \/><\/p>\n<p>El presidente de la ACTC habl\u00f3 en la transmisi\u00f3n de LARGARON desde Jun\u00edn sobre el cambio t\u00e9cnico-reglamentario que se viene con la quita de las cargas aerodin\u00e1micas.<\/p>\n<p>&nbsp;<\/p>\n<p>Oscar Avent\u00edn visit\u00f3 la zona de la t\u00e9cnica luego de disputadas las series y baj\u00f3 a la fosa donde se hace la correspondiente revisi\u00f3n de cada veh\u00edculo y dijo en referencia a la anunciada decisi\u00f3n de quitar el labio inferior de las trompas y el aler\u00f3n trasero:\u00a0<em><strong>&#8220;Estoy mirando un poquito lo que me dicen los t\u00e9cnicos y compartiendo ideas a trav\u00e9s de los a\u00f1os que hemos visto el funcionamiento de los autos&#8221;.<\/strong><\/em><\/p>\n<p><em><strong>&#8220;Hace a\u00f1os que no bajaba a la fosa&#8221;<\/strong><\/em>, dijo el presidente de la ACTC y agreg\u00f3:\u00a0<strong><em>&#8220;pero me acuerdo de c\u00f3mo se baja y se sube&#8221;.<\/em><\/strong><\/p>\n<p>Con respecto a la medida que habr\u00e1 de implementarse en la 5ta. fecha del campeonato a disputarse en Olavarr\u00eda el\u00a028 de abril, \u00a0Avent\u00edn afirm\u00f3:\u00a0<strong><em>&#8220;Est\u00e1 tomada la decisi\u00f3n y el Ingeniero Solga, por supuesto, tiene que producir los cambios y me est\u00e1 mostrando cu\u00e1l es el camino que va a seguir&#8221;.<\/em><\/strong><\/p>\n<p>Consultado sobre si dependiendo del resultado de la prueba se contin\u00faa, el &#8220;Puma&#8221; contest\u00f3:\u00a0<strong><em>&#8220;Veremos qu\u00e9 pasa, los caballos van adelante del carro, nunca el carro adelante de los caballos&#8221;.<\/em><\/strong><\/p>\n<p>Largaron.<\/p>\n","protected":false},"excerpt":{"rendered":"<p>El presidente de la ACTC habl\u00f3 en la transmisi\u00f3n de LARGARON desde Jun\u00edn sobre el<\/p>\n","protected":false},"author":1,"featured_media":5020,"comment_status":"open","ping_status":"closed","sticky":false,"template":"","format":"standard","meta":{"footnotes":""},"categories":[6],"tags":[],"class_list":["post-5019","post","type-post","status-publish","format-standard","has-post-thumbnail","hentry","category-nacionales"],"featured_image_urls":{"full":["https:\/\/curva1.com.ar\/wp-content\/uploads\/2013\/03\/OSCAR_AVENTIN__PRESIDENTE_DE_LA_ACTC.jpg",800,535,false],"thumbnail":["https:\/\/curva1.com.ar\/wp-content\/uploads\/2013\/03\/OSCAR_AVENTIN__PRESIDENTE_DE_LA_ACTC-300x169.jpg",300,169,true],"medium":["https:\/\/curva1.com.ar\/wp-content\/uploads\/2013\/03\/OSCAR_AVENTIN__PRESIDENTE_DE_LA_ACTC-503x337.jpg",503,337,true],"medium_large":["https:\/\/curva1.com.ar\/wp-content\/uploads\/2013\/03\/OSCAR_AVENTIN__PRESIDENTE_DE_LA_ACTC.jpg",640,428,false],"large":["https:\/\/curva1.com.ar\/wp-content\/uploads\/2013\/03\/OSCAR_AVENTIN__PRESIDENTE_DE_LA_ACTC.jpg",640,428,false],"1536x1536":["https:\/\/curva1.com.ar\/wp-content\/uploads\/2013\/03\/OSCAR_AVENTIN__PRESIDENTE_DE_LA_ACTC.jpg",800,535,false],"2048x2048":["https:\/\/curva1.com.ar\/wp-content\/uploads\/2013\/03\/OSCAR_AVENTIN__PRESIDENTE_DE_LA_ACTC.jpg",800,535,false],"chromenews-featured":["https:\/\/curva1.com.ar\/wp-content\/uploads\/2013\/03\/OSCAR_AVENTIN__PRESIDENTE_DE_LA_ACTC.jpg",800,535,false],"chromenews-large":["https:\/\/curva1.com.ar\/wp-content\/uploads\/2013\/03\/OSCAR_AVENTIN__PRESIDENTE_DE_LA_ACTC.jpg",800,535,false],"chromenews-medium":["https:\/\/curva1.com.ar\/wp-content\/uploads\/2013\/03\/OSCAR_AVENTIN__PRESIDENTE_DE_LA_ACTC.jpg",590,395,false]},"author_info":{"display_name":"Jos\u00e9 Bravo","author_link":"https:\/\/curva1.com.ar\/?author=1"},"category_info":"<a href=\"https:\/\/curva1.com.ar\/?cat=6\" rel=\"category\">Nacionales<\/a>","tag_info":"Nacionales","comment_count":"0","_links":{"self":[{"href":"https:\/\/curva1.com.ar\/index.php?rest_route=\/wp\/v2\/posts\/5019","targetHints":{"allow":["GET"]}}],"collection":[{"href":"https:\/\/curva1.com.ar\/index.php?rest_route=\/wp\/v2\/posts"}],"about":[{"href":"https:\/\/curva1.com.ar\/index.php?rest_route=\/wp\/v2\/types\/post"}],"author":[{"embeddable":true,"href":"https:\/\/curva1.com.ar\/index.php?rest_route=\/wp\/v2\/users\/1"}],"replies":[{"embeddable":true,"href":"https:\/\/curva1.com.ar\/index.php?rest_route=%2Fwp%2Fv2%2Fcomments&post=5019"}],"version-history":[{"count":1,"href":"https:\/\/curva1.com.ar\/index.php?rest_route=\/wp\/v2\/posts\/5019\/revisions"}],"predecessor-version":[{"id":5021,"href":"https:\/\/curva1.com.ar\/index.php?rest_route=\/wp\/v2\/posts\/5019\/revisions\/5021"}],"wp:featuredmedia":[{"embeddable":true,"href":"https:\/\/curva1.com.ar\/index.php?rest_route=\/wp\/v2\/media\/5020"}],"wp:attachment":[{"href":"https:\/\/curva1.com.ar\/index.php?rest_route=%2Fwp%2Fv2%2Fmedia&parent=5019"}],"wp:term":[{"taxonomy":"category","embeddable":true,"href":"https:\/\/curva1.com.ar\/index.php?rest_route=%2Fwp%2Fv2%2Fcategories&post=5019"},{"taxonomy":"post_tag","embeddable":true,"href":"https:\/\/curva1.com.ar\/index.php?rest_route=%2Fwp%2Fv2%2Ftags&post=5019"}],"curies":[{"name":"wp","href":"https:\/\/api.w.org\/{rel}","templated":true}]}}