{"id":5022,"date":"2013-03-25T07:42:41","date_gmt":"2013-03-25T10:42:41","guid":{"rendered":"http:\/\/www.curva1.com.ar\/?p=5022"},"modified":"2013-03-25T07:42:41","modified_gmt":"2013-03-25T10:42:41","slug":"todos-vamos-a-pagar-la-entrada-para-que-el-tc-sea-autosustentable","status":"publish","type":"post","link":"https:\/\/curva1.com.ar\/?p=5022","title":{"rendered":"&#8220;Todos vamos a pagar la entrada&#8221; para que el TC sea autosustentable"},"content":{"rendered":"<p><img loading=\"lazy\" decoding=\"async\" class=\"aligncenter size-medium wp-image-5024\" alt=\"8253_contenido_home_big\" src=\"http:\/\/www.curva1.com.ar\/wp-content\/uploads\/2013\/03\/8253_contenido_home_big-506x337.jpg\" width=\"506\" height=\"337\" srcset=\"https:\/\/curva1.com.ar\/wp-content\/uploads\/2013\/03\/8253_contenido_home_big-506x337.jpg 506w, https:\/\/curva1.com.ar\/wp-content\/uploads\/2013\/03\/8253_contenido_home_big.jpg 640w\" sizes=\"auto, (max-width: 506px) 100vw, 506px\" \/><\/p>\n<p>El intendente de San Mart\u00edn comunic\u00f3 que desde el &#8220;gobernador hasta el \u00faltimo espectador&#8221; deber\u00e1n abonar sus entradas para que esta clase de espect\u00e1culos &#8220;sean autosustentables&#8221;.<\/p>\n<p>&nbsp;<\/p>\n<p>Luego de la incertidumbre, y tras un esfuerzo mancomunado del Gobierno de Mendoza, la Municipalidad de General San Mart\u00edn y la Asociaci\u00f3n Volantes del Este, el Turismo Carretera llegar\u00e1 a la provincia para hacer vibrar el aut\u00f3dromo Ciudad de San Mart\u00edn los d\u00edas 12, 13 y 14 de abril.<\/p>\n<p>Respecto de la situaci\u00f3n vivida semanas anteriores, el intendente de San Mart\u00edn, Jorge Omar Gim\u00e9nez, explic\u00f3: &#8220;Est\u00e1 todo confirmado; y podemos hacerlo gracias a la gesti\u00f3n del gobernador Francisco P\u00e9rez. En esto tambi\u00e9n participamos desde el Municipio junto, adem\u00e1s, con la AVE&#8221;.<\/p>\n<p>Y agreg\u00f3: &#8220;Por suerte tendremos al TC en Mendoza. Esto es algo que todos quer\u00edamos. Igualmente quedan muchas cosas por ver. Una de ellas es que mujeres y ni\u00f1os no pagar\u00e1n entradas. Con esto queremos lograr que vaya toda la familia&#8221;.<\/p>\n<p>&#8220;Otra de las cosas que vamos a implementar es que todos vamos a pagar la entrada; desde el gobernador hasta el \u00faltimo de los espectadores. Porque siempre pasa que hay entradas de protocolo que van a personas que s\u00ed las pueden pagar y no lo hace; lo que lleva despu\u00e9s a que se tengan que subir los precios y se vuelva casi inaccesible&#8221;, destac\u00f3 Gim\u00e9nez.<\/p>\n<p>Por otro lado, coment\u00f3: &#8220;Queremos que Mendoza sea un cl\u00e1sico dentro del calendario anual&#8221;.<\/p>\n<p>&#8220;Esto es un beneficio para todo Mendoza, ya que la llegada de esta clase de espect\u00e1culos no s\u00f3lo beneficia desde lo deportivo, sino tambi\u00e9n desde lo social y lo econ\u00f3mico. Tenemos que tratar de que sea un espect\u00e1culo autosustentable porque no todas las veces podemos hacer el esfuerzo\u201d, agreg\u00f3.<\/p>\n<p>\u201cEl precio de la entrada va a rondar entre los 140 y 150 pesos, una suma accesible porque es el abono para los tres d\u00edas. Todav\u00eda nos resta definir los puntos de venta\u201d, finaliz\u00f3.<\/p>\n<p><strong>Fuente:<\/strong>\u00a0Prensa Deportes San Mart\u00edn.<\/p>\n","protected":false},"excerpt":{"rendered":"<p>El intendente de San Mart\u00edn comunic\u00f3 que desde el &#8220;gobernador hasta el \u00faltimo espectador&#8221; deber\u00e1n<\/p>\n","protected":false},"author":1,"featured_media":5024,"comment_status":"open","ping_status":"closed","sticky":false,"template":"","format":"standard","meta":{"footnotes":""},"categories":[1],"tags":[],"class_list":["post-5022","post","type-post","status-publish","format-standard","has-post-thumbnail","hentry","category-zonal-cuyano"],"featured_image_urls":{"full":["https:\/\/curva1.com.ar\/wp-content\/uploads\/2013\/03\/8253_contenido_home_big.jpg",640,426,false],"thumbnail":["https:\/\/curva1.com.ar\/wp-content\/uploads\/2013\/03\/8253_contenido_home_big-300x169.jpg",300,169,true],"medium":["https:\/\/curva1.com.ar\/wp-content\/uploads\/2013\/03\/8253_contenido_home_big-506x337.jpg",506,337,true],"medium_large":["https:\/\/curva1.com.ar\/wp-content\/uploads\/2013\/03\/8253_contenido_home_big.jpg",640,426,false],"large":["https:\/\/curva1.com.ar\/wp-content\/uploads\/2013\/03\/8253_contenido_home_big.jpg",640,426,false],"1536x1536":["https:\/\/curva1.com.ar\/wp-content\/uploads\/2013\/03\/8253_contenido_home_big.jpg",640,426,false],"2048x2048":["https:\/\/curva1.com.ar\/wp-content\/uploads\/2013\/03\/8253_contenido_home_big.jpg",640,426,false],"chromenews-featured":["https:\/\/curva1.com.ar\/wp-content\/uploads\/2013\/03\/8253_contenido_home_big.jpg",640,426,false],"chromenews-large":["https:\/\/curva1.com.ar\/wp-content\/uploads\/2013\/03\/8253_contenido_home_big.jpg",640,426,false],"chromenews-medium":["https:\/\/curva1.com.ar\/wp-content\/uploads\/2013\/03\/8253_contenido_home_big.jpg",590,393,false]},"author_info":{"display_name":"Jos\u00e9 Bravo","author_link":"https:\/\/curva1.com.ar\/?author=1"},"category_info":"<a href=\"https:\/\/curva1.com.ar\/?cat=1\" rel=\"category\">Zonal Cuyano<\/a>","tag_info":"Zonal Cuyano","comment_count":"0","_links":{"self":[{"href":"https:\/\/curva1.com.ar\/index.php?rest_route=\/wp\/v2\/posts\/5022","targetHints":{"allow":["GET"]}}],"collection":[{"href":"https:\/\/curva1.com.ar\/index.php?rest_route=\/wp\/v2\/posts"}],"about":[{"href":"https:\/\/curva1.com.ar\/index.php?rest_route=\/wp\/v2\/types\/post"}],"author":[{"embeddable":true,"href":"https:\/\/curva1.com.ar\/index.php?rest_route=\/wp\/v2\/users\/1"}],"replies":[{"embeddable":true,"href":"https:\/\/curva1.com.ar\/index.php?rest_route=%2Fwp%2Fv2%2Fcomments&post=5022"}],"version-history":[{"count":1,"href":"https:\/\/curva1.com.ar\/index.php?rest_route=\/wp\/v2\/posts\/5022\/revisions"}],"predecessor-version":[{"id":5025,"href":"https:\/\/curva1.com.ar\/index.php?rest_route=\/wp\/v2\/posts\/5022\/revisions\/5025"}],"wp:featuredmedia":[{"embeddable":true,"href":"https:\/\/curva1.com.ar\/index.php?rest_route=\/wp\/v2\/media\/5024"}],"wp:attachment":[{"href":"https:\/\/curva1.com.ar\/index.php?rest_route=%2Fwp%2Fv2%2Fmedia&parent=5022"}],"wp:term":[{"taxonomy":"category","embeddable":true,"href":"https:\/\/curva1.com.ar\/index.php?rest_route=%2Fwp%2Fv2%2Fcategories&post=5022"},{"taxonomy":"post_tag","embeddable":true,"href":"https:\/\/curva1.com.ar\/index.php?rest_route=%2Fwp%2Fv2%2Ftags&post=5022"}],"curies":[{"name":"wp","href":"https:\/\/api.w.org\/{rel}","templated":true}]}}