{"id":5031,"date":"2013-03-29T03:09:03","date_gmt":"2013-03-29T06:09:03","guid":{"rendered":"http:\/\/www.curva1.com.ar\/?p=5031"},"modified":"2013-03-29T03:09:03","modified_gmt":"2013-03-29T06:09:03","slug":"comienza-el-karting-de-asfalto-en-mendoza-con-muchas-visitas","status":"publish","type":"post","link":"https:\/\/curva1.com.ar\/?p=5031","title":{"rendered":"Comienza el Karting de asfalto en Mendoza con muchas visitas"},"content":{"rendered":"<p><img loading=\"lazy\" decoding=\"async\" class=\"aligncenter size-full wp-image-5032\" alt=\"IMG_4f714\" src=\"http:\/\/www.curva1.com.ar\/wp-content\/uploads\/2013\/03\/IMG_4f714.jpg\" width=\"500\" height=\"281\" srcset=\"https:\/\/curva1.com.ar\/wp-content\/uploads\/2013\/03\/IMG_4f714.jpg 500w, https:\/\/curva1.com.ar\/wp-content\/uploads\/2013\/03\/IMG_4f714-300x169.jpg 300w\" sizes=\"auto, (max-width: 500px) 100vw, 500px\" \/><\/p>\n<p>La Asociaci\u00f3n Cuyana de Karting (ACK) trabaja ultimando detalles para el pr\u00f3ximo fin de semana, cuando de inicio al Campeonato Cuyano de Karting 2013, o m\u00e1s conocido como \u201cMZ Kart\u201d.<\/p>\n<p>Para esta competencia se espera la presencia de pilotos de distintas localidades de Mendoza, San Juan, San Lu\u00eds y C\u00f3rdoba, como as\u00ed tambi\u00e9n la presencia de importantes prepadores del karting nacional.<\/p>\n<p>Ya confirmaron presencia los equipos de Cristian Tejera (C\u00f3rdoba), Vicente Competici\u00f3n (C\u00f3rdoba), Sergio Mart\u00edn (San Juan), Abraham (Buenos Aires) y SMS Racing Kart (C\u00f3rdoba), m\u00e1s el equipo oficial Birel Motorsport, con base en Mendoza.<\/p>\n<p>Los preparadores locales dicen presente y tambi\u00e9n apuesta al MZ Kart, por eso ya confirmaron presencia las siguientes escuadras: Par\u00eds Kart Team, Baroni Competici\u00f3n, Choique Team, Goro Kart, Gualerzi Power Team, Farina Competici\u00f3n, C\u00f3ndor Racing, entre otros equipos particulares.<\/p>\n<p>De los campeones del 2012, solamente dos de ellos lucir\u00e1n el &#8220;1&#8221; en sus karts. Ser\u00e1n Tomy Martin en Promocional IAME 60 y Manuel Soler en Senior Pro. El cordob\u00e9s Valentino Chiacchera que se coron\u00f3 en Promocional Stihl subir\u00e1 de categor\u00eda a la IAME 60, mientras que Augusto Hern\u00e1ndez que fue campe\u00f3n en S\u00faper 4 Tiempos deja la divisional para sumarse a la categor\u00eda m\u00e1s veloz, la 125 cc Senior Pro. Javier N\u00fa\u00f1ez, campe\u00f3n en Pre J\u00fanior, ascender\u00e1 a la 125 cc J\u00fanior, categor\u00eda que se incorpora al MZ Kart.<\/p>\n<p>La actividad oficial comenzar\u00e1 el s\u00e1bado 30 de marzo, con entrenamientos oficiales a partir de las 12 hs. El domingo a las 10:30 hs se llevar\u00e1n a cabo las clasificaciones y luego a las 13 hs ser\u00e1 el turno de las dos competencias para cada divisonal.<\/p>\n<p>Los chicos comienzan la escuela. Los futuros pilotos del automovilismo nacional ponen primera en San Mart\u00edn y quieren ser protagonistas en la temporada 2013.<\/p>\n<p><img loading=\"lazy\" decoding=\"async\" class=\"aligncenter size-full wp-image-5033\" alt=\"ffge5\" src=\"http:\/\/www.curva1.com.ar\/wp-content\/uploads\/2013\/03\/ffge5.jpg\" width=\"500\" height=\"281\" srcset=\"https:\/\/curva1.com.ar\/wp-content\/uploads\/2013\/03\/ffge5.jpg 500w, https:\/\/curva1.com.ar\/wp-content\/uploads\/2013\/03\/ffge5-300x169.jpg 300w\" sizes=\"auto, (max-width: 500px) 100vw, 500px\" \/><\/p>\n","protected":false},"excerpt":{"rendered":"<p>La Asociaci\u00f3n Cuyana de Karting (ACK) trabaja ultimando detalles para el pr\u00f3ximo fin de semana,<\/p>\n","protected":false},"author":1,"featured_media":5032,"comment_status":"open","ping_status":"closed","sticky":false,"template":"","format":"standard","meta":{"footnotes":""},"categories":[4],"tags":[],"class_list":["post-5031","post","type-post","status-publish","format-standard","has-post-thumbnail","hentry","category-karting"],"featured_image_urls":{"full":["https:\/\/curva1.com.ar\/wp-content\/uploads\/2013\/03\/IMG_4f714.jpg",500,281,false],"thumbnail":["https:\/\/curva1.com.ar\/wp-content\/uploads\/2013\/03\/IMG_4f714-300x169.jpg",300,169,true],"medium":["https:\/\/curva1.com.ar\/wp-content\/uploads\/2013\/03\/IMG_4f714.jpg",500,281,false],"medium_large":["https:\/\/curva1.com.ar\/wp-content\/uploads\/2013\/03\/IMG_4f714.jpg",500,281,false],"large":["https:\/\/curva1.com.ar\/wp-content\/uploads\/2013\/03\/IMG_4f714.jpg",500,281,false],"1536x1536":["https:\/\/curva1.com.ar\/wp-content\/uploads\/2013\/03\/IMG_4f714.jpg",500,281,false],"2048x2048":["https:\/\/curva1.com.ar\/wp-content\/uploads\/2013\/03\/IMG_4f714.jpg",500,281,false],"chromenews-featured":["https:\/\/curva1.com.ar\/wp-content\/uploads\/2013\/03\/IMG_4f714.jpg",500,281,false],"chromenews-large":["https:\/\/curva1.com.ar\/wp-content\/uploads\/2013\/03\/IMG_4f714.jpg",500,281,false],"chromenews-medium":["https:\/\/curva1.com.ar\/wp-content\/uploads\/2013\/03\/IMG_4f714.jpg",500,281,false]},"author_info":{"display_name":"Jos\u00e9 Bravo","author_link":"https:\/\/curva1.com.ar\/?author=1"},"category_info":"<a href=\"https:\/\/curva1.com.ar\/?cat=4\" rel=\"category\">Karting Asfalto<\/a>","tag_info":"Karting Asfalto","comment_count":"0","_links":{"self":[{"href":"https:\/\/curva1.com.ar\/index.php?rest_route=\/wp\/v2\/posts\/5031","targetHints":{"allow":["GET"]}}],"collection":[{"href":"https:\/\/curva1.com.ar\/index.php?rest_route=\/wp\/v2\/posts"}],"about":[{"href":"https:\/\/curva1.com.ar\/index.php?rest_route=\/wp\/v2\/types\/post"}],"author":[{"embeddable":true,"href":"https:\/\/curva1.com.ar\/index.php?rest_route=\/wp\/v2\/users\/1"}],"replies":[{"embeddable":true,"href":"https:\/\/curva1.com.ar\/index.php?rest_route=%2Fwp%2Fv2%2Fcomments&post=5031"}],"version-history":[{"count":2,"href":"https:\/\/curva1.com.ar\/index.php?rest_route=\/wp\/v2\/posts\/5031\/revisions"}],"predecessor-version":[{"id":5035,"href":"https:\/\/curva1.com.ar\/index.php?rest_route=\/wp\/v2\/posts\/5031\/revisions\/5035"}],"wp:featuredmedia":[{"embeddable":true,"href":"https:\/\/curva1.com.ar\/index.php?rest_route=\/wp\/v2\/media\/5032"}],"wp:attachment":[{"href":"https:\/\/curva1.com.ar\/index.php?rest_route=%2Fwp%2Fv2%2Fmedia&parent=5031"}],"wp:term":[{"taxonomy":"category","embeddable":true,"href":"https:\/\/curva1.com.ar\/index.php?rest_route=%2Fwp%2Fv2%2Fcategories&post=5031"},{"taxonomy":"post_tag","embeddable":true,"href":"https:\/\/curva1.com.ar\/index.php?rest_route=%2Fwp%2Fv2%2Ftags&post=5031"}],"curies":[{"name":"wp","href":"https:\/\/api.w.org\/{rel}","templated":true}]}}