{"id":5090,"date":"2013-03-29T15:49:09","date_gmt":"2013-03-29T18:49:09","guid":{"rendered":"http:\/\/www.curva1.com.ar\/?p=5090"},"modified":"2013-03-29T16:02:59","modified_gmt":"2013-03-29T19:02:59","slug":"figueroa-mole-y-franco-benedetti-son-lideres-en-el-zonal-cuyano","status":"publish","type":"post","link":"https:\/\/curva1.com.ar\/?p=5090","title":{"rendered":"Figueroa, Mol\u00e9 y Franco Benedetti son l\u00edderes en el Zonal Cuyano"},"content":{"rendered":"<p><img loading=\"lazy\" decoding=\"async\" class=\"aligncenter size-full wp-image-5092\" alt=\"IMG_8633\" src=\"http:\/\/www.curva1.com.ar\/wp-content\/uploads\/2013\/03\/IMG_8633.jpg\" width=\"500\" height=\"281\" srcset=\"https:\/\/curva1.com.ar\/wp-content\/uploads\/2013\/03\/IMG_8633.jpg 500w, https:\/\/curva1.com.ar\/wp-content\/uploads\/2013\/03\/IMG_8633-300x169.jpg 300w\" sizes=\"auto, (max-width: 500px) 100vw, 500px\" \/><\/p>\n<p>Luego de la fecha inicial, estos son los campeonatos oficiales de las tres categor\u00edas que se presentaron en San Mart\u00edn.<\/p>\n<p>La Clase 1 se ausent\u00f3 y estar\u00eda confirmada su participaci\u00f3n a partir de la segunda cita.<\/p>\n<blockquote><p><strong>El color <span style=\"color: #33cccc;\">celeste<\/span> indica los 5 puntos de la pole<\/strong><\/p><\/blockquote>\n<p><img loading=\"lazy\" decoding=\"async\" class=\"aligncenter size-full wp-image-5091\" alt=\"Gr\u00e1ea\" src=\"http:\/\/www.curva1.com.ar\/wp-content\/uploads\/2013\/03\/Gr\u00e1ea.jpg\" width=\"500\" height=\"1582\" \/><\/p>\n","protected":false},"excerpt":{"rendered":"<p>Luego de la fecha inicial, estos son los campeonatos oficiales de las tres categor\u00edas que<\/p>\n","protected":false},"author":1,"featured_media":5092,"comment_status":"open","ping_status":"closed","sticky":false,"template":"","format":"standard","meta":{"footnotes":""},"categories":[1],"tags":[],"class_list":["post-5090","post","type-post","status-publish","format-standard","has-post-thumbnail","hentry","category-zonal-cuyano"],"featured_image_urls":{"full":["https:\/\/curva1.com.ar\/wp-content\/uploads\/2013\/03\/IMG_8633.jpg",500,281,false],"thumbnail":["https:\/\/curva1.com.ar\/wp-content\/uploads\/2013\/03\/IMG_8633-300x169.jpg",300,169,true],"medium":["https:\/\/curva1.com.ar\/wp-content\/uploads\/2013\/03\/IMG_8633.jpg",500,281,false],"medium_large":["https:\/\/curva1.com.ar\/wp-content\/uploads\/2013\/03\/IMG_8633.jpg",500,281,false],"large":["https:\/\/curva1.com.ar\/wp-content\/uploads\/2013\/03\/IMG_8633.jpg",500,281,false],"1536x1536":["https:\/\/curva1.com.ar\/wp-content\/uploads\/2013\/03\/IMG_8633.jpg",500,281,false],"2048x2048":["https:\/\/curva1.com.ar\/wp-content\/uploads\/2013\/03\/IMG_8633.jpg",500,281,false],"chromenews-featured":["https:\/\/curva1.com.ar\/wp-content\/uploads\/2013\/03\/IMG_8633.jpg",500,281,false],"chromenews-large":["https:\/\/curva1.com.ar\/wp-content\/uploads\/2013\/03\/IMG_8633.jpg",500,281,false],"chromenews-medium":["https:\/\/curva1.com.ar\/wp-content\/uploads\/2013\/03\/IMG_8633.jpg",500,281,false]},"author_info":{"display_name":"Jos\u00e9 Bravo","author_link":"https:\/\/curva1.com.ar\/?author=1"},"category_info":"<a href=\"https:\/\/curva1.com.ar\/?cat=1\" rel=\"category\">Zonal Cuyano<\/a>","tag_info":"Zonal Cuyano","comment_count":"0","_links":{"self":[{"href":"https:\/\/curva1.com.ar\/index.php?rest_route=\/wp\/v2\/posts\/5090","targetHints":{"allow":["GET"]}}],"collection":[{"href":"https:\/\/curva1.com.ar\/index.php?rest_route=\/wp\/v2\/posts"}],"about":[{"href":"https:\/\/curva1.com.ar\/index.php?rest_route=\/wp\/v2\/types\/post"}],"author":[{"embeddable":true,"href":"https:\/\/curva1.com.ar\/index.php?rest_route=\/wp\/v2\/users\/1"}],"replies":[{"embeddable":true,"href":"https:\/\/curva1.com.ar\/index.php?rest_route=%2Fwp%2Fv2%2Fcomments&post=5090"}],"version-history":[{"count":3,"href":"https:\/\/curva1.com.ar\/index.php?rest_route=\/wp\/v2\/posts\/5090\/revisions"}],"predecessor-version":[{"id":5094,"href":"https:\/\/curva1.com.ar\/index.php?rest_route=\/wp\/v2\/posts\/5090\/revisions\/5094"}],"wp:featuredmedia":[{"embeddable":true,"href":"https:\/\/curva1.com.ar\/index.php?rest_route=\/wp\/v2\/media\/5092"}],"wp:attachment":[{"href":"https:\/\/curva1.com.ar\/index.php?rest_route=%2Fwp%2Fv2%2Fmedia&parent=5090"}],"wp:term":[{"taxonomy":"category","embeddable":true,"href":"https:\/\/curva1.com.ar\/index.php?rest_route=%2Fwp%2Fv2%2Fcategories&post=5090"},{"taxonomy":"post_tag","embeddable":true,"href":"https:\/\/curva1.com.ar\/index.php?rest_route=%2Fwp%2Fv2%2Ftags&post=5090"}],"curies":[{"name":"wp","href":"https:\/\/api.w.org\/{rel}","templated":true}]}}