{"id":5115,"date":"2013-04-01T20:21:09","date_gmt":"2013-04-01T23:21:09","guid":{"rendered":"http:\/\/www.curva1.com.ar\/?p=5115"},"modified":"2013-04-01T20:21:09","modified_gmt":"2013-04-01T23:21:09","slug":"comenzo-la-temporada-2013-del-mz-kart-de-punta-a-punta","status":"publish","type":"post","link":"https:\/\/curva1.com.ar\/?p=5115","title":{"rendered":"Comenz\u00f3 la temporada 2013 del MZ Kart de &#8220;punta a punta&#8221;"},"content":{"rendered":"<p><img loading=\"lazy\" decoding=\"async\" class=\"aligncenter size-full wp-image-5117\" alt=\"IMG_13k19\" src=\"http:\/\/www.curva1.com.ar\/wp-content\/uploads\/2013\/04\/IMG_13k19.jpg\" width=\"600\" height=\"337\" srcset=\"https:\/\/curva1.com.ar\/wp-content\/uploads\/2013\/04\/IMG_13k19.jpg 600w, https:\/\/curva1.com.ar\/wp-content\/uploads\/2013\/04\/IMG_13k19-300x169.jpg 300w\" sizes=\"auto, (max-width: 600px) 100vw, 600px\" \/><\/p>\n<p>El Campeonato Cuyano de Karting denominado \u201cMZ Kart\u201d tuvo su comienzo con pilotos de distintas provincias, que fueron desde Formosa hasta Tierra del Fuego.<\/p>\n<p>En total hubo 53 pilotos, en su mayor\u00eda de Mendoza, y con visitas de San Juan, San Lu\u00eds, C\u00f3rdoba, Foromosa, Santiago del Estero, Tierra del Fuego y de la Rep\u00fablica de Chile.<\/p>\n<p>El d\u00eda s\u00e1bado hubo entrenamientos y el domingo la actividad comenz\u00f3 con lluvia, algo inusual en Mendoza, pero que le dio un toque distintivo a las competencias realizadas en el Kart\u00f3dromo de San Mart\u00edn, que se comport\u00f3 en buena forma luego de las precipitaciones.<\/p>\n<p>La clasificaci\u00f3n y primeras pre finales se realizaron con piso h\u00famedo y algunas gotas volando, luego se calm\u00f3. Pero antes de largarse las finales, comenz\u00f3 a llover fuerte y la actividad se demor\u00f3 en forma correcta, ya que luego de unos minutos nuevamente dej\u00f3 de llover y se pudieron llevar a cabo todas las finales con piso h\u00famedo y semi h\u00famedo, en su mayor\u00eda.<\/p>\n<blockquote>\n<h2><a href=\"http:\/\/curva1kart.com.ar\/noticias\/?p=27419\" target=\"_blank\">VER NOTA COMPLETA AQUI<\/a><\/h2>\n<\/blockquote>\n","protected":false},"excerpt":{"rendered":"<p>El Campeonato Cuyano de Karting denominado \u201cMZ Kart\u201d tuvo su comienzo con pilotos de distintas<\/p>\n","protected":false},"author":1,"featured_media":5117,"comment_status":"open","ping_status":"closed","sticky":false,"template":"","format":"standard","meta":{"footnotes":""},"categories":[4],"tags":[],"class_list":["post-5115","post","type-post","status-publish","format-standard","has-post-thumbnail","hentry","category-karting"],"featured_image_urls":{"full":["https:\/\/curva1.com.ar\/wp-content\/uploads\/2013\/04\/IMG_13k19.jpg",600,337,false],"thumbnail":["https:\/\/curva1.com.ar\/wp-content\/uploads\/2013\/04\/IMG_13k19-300x169.jpg",300,169,true],"medium":["https:\/\/curva1.com.ar\/wp-content\/uploads\/2013\/04\/IMG_13k19.jpg",600,337,false],"medium_large":["https:\/\/curva1.com.ar\/wp-content\/uploads\/2013\/04\/IMG_13k19.jpg",600,337,false],"large":["https:\/\/curva1.com.ar\/wp-content\/uploads\/2013\/04\/IMG_13k19.jpg",600,337,false],"1536x1536":["https:\/\/curva1.com.ar\/wp-content\/uploads\/2013\/04\/IMG_13k19.jpg",600,337,false],"2048x2048":["https:\/\/curva1.com.ar\/wp-content\/uploads\/2013\/04\/IMG_13k19.jpg",600,337,false],"chromenews-featured":["https:\/\/curva1.com.ar\/wp-content\/uploads\/2013\/04\/IMG_13k19.jpg",600,337,false],"chromenews-large":["https:\/\/curva1.com.ar\/wp-content\/uploads\/2013\/04\/IMG_13k19.jpg",600,337,false],"chromenews-medium":["https:\/\/curva1.com.ar\/wp-content\/uploads\/2013\/04\/IMG_13k19.jpg",590,331,false]},"author_info":{"display_name":"Jos\u00e9 Bravo","author_link":"https:\/\/curva1.com.ar\/?author=1"},"category_info":"<a href=\"https:\/\/curva1.com.ar\/?cat=4\" rel=\"category\">Karting Asfalto<\/a>","tag_info":"Karting Asfalto","comment_count":"0","_links":{"self":[{"href":"https:\/\/curva1.com.ar\/index.php?rest_route=\/wp\/v2\/posts\/5115","targetHints":{"allow":["GET"]}}],"collection":[{"href":"https:\/\/curva1.com.ar\/index.php?rest_route=\/wp\/v2\/posts"}],"about":[{"href":"https:\/\/curva1.com.ar\/index.php?rest_route=\/wp\/v2\/types\/post"}],"author":[{"embeddable":true,"href":"https:\/\/curva1.com.ar\/index.php?rest_route=\/wp\/v2\/users\/1"}],"replies":[{"embeddable":true,"href":"https:\/\/curva1.com.ar\/index.php?rest_route=%2Fwp%2Fv2%2Fcomments&post=5115"}],"version-history":[{"count":2,"href":"https:\/\/curva1.com.ar\/index.php?rest_route=\/wp\/v2\/posts\/5115\/revisions"}],"predecessor-version":[{"id":5119,"href":"https:\/\/curva1.com.ar\/index.php?rest_route=\/wp\/v2\/posts\/5115\/revisions\/5119"}],"wp:featuredmedia":[{"embeddable":true,"href":"https:\/\/curva1.com.ar\/index.php?rest_route=\/wp\/v2\/media\/5117"}],"wp:attachment":[{"href":"https:\/\/curva1.com.ar\/index.php?rest_route=%2Fwp%2Fv2%2Fmedia&parent=5115"}],"wp:term":[{"taxonomy":"category","embeddable":true,"href":"https:\/\/curva1.com.ar\/index.php?rest_route=%2Fwp%2Fv2%2Fcategories&post=5115"},{"taxonomy":"post_tag","embeddable":true,"href":"https:\/\/curva1.com.ar\/index.php?rest_route=%2Fwp%2Fv2%2Ftags&post=5115"}],"curies":[{"name":"wp","href":"https:\/\/api.w.org\/{rel}","templated":true}]}}