{"id":5180,"date":"2013-04-04T13:23:01","date_gmt":"2013-04-04T16:23:01","guid":{"rendered":"http:\/\/www.curva1.com.ar\/?p=5180"},"modified":"2013-04-04T13:23:30","modified_gmt":"2013-04-04T16:23:30","slug":"se-cancelo-la-presentacion-del-gp-destino-mendoza-de-turismo-carretera","status":"publish","type":"post","link":"https:\/\/curva1.com.ar\/?p=5180","title":{"rendered":"Se cancel\u00f3 la presentaci\u00f3n del GP Destino Mendoza de Turismo Carretera"},"content":{"rendered":"<p><img loading=\"lazy\" decoding=\"async\" class=\"alignleft size-full wp-image-5181\" alt=\"8274_encabezado\" src=\"http:\/\/www.curva1.com.ar\/wp-content\/uploads\/2013\/04\/8274_encabezado.jpg\" width=\"357\" height=\"201\" srcset=\"https:\/\/curva1.com.ar\/wp-content\/uploads\/2013\/04\/8274_encabezado.jpg 357w, https:\/\/curva1.com.ar\/wp-content\/uploads\/2013\/04\/8274_encabezado-300x169.jpg 300w\" sizes=\"auto, (max-width: 357px) 100vw, 357px\" \/><\/p>\n<p>El Gobierno de la Provincia de Mendoza, decidi\u00f3 cancelar la presentaci\u00f3n del GP Destino Mendoza luego de haberse decretado 3 d\u00edas de duelo nacional por el Gobierno Nacional por la v\u00edctimas de las inundaciones en La Plata y Capital Federal.<\/p>\n<p>La Comisi\u00f3n Directiva de la ACTC, informa que en raz\u00f3n de haberse decretado por el\u00a0 Poder Ejecutivo Nacional Duelo Nacional\u00a0 por\u00a0 tres d\u00edas a ra\u00edz de las consecuencias del temporal que azot\u00f3 a la Ciudad de Buenos Aires, La Plata y varios sectores de la Provincia de Buenos Aires y habi\u00e9ndose adherido el Gobierno de la Provincia de Mendoza al mismo, este ente en conjunto con la Asociaci\u00f3n Volantes del Este, decidi\u00f3 no\u00a0 llevar\u00a0 a cabo la Conferencia de Prensa prevista para el d\u00eda de hoy a las 18 hs donde se iba a presentar la competencia a desarrollarse en el aut\u00f3dromo Jorge Angel Pena de la ciudad de San Mart\u00edn en la provincia cuyana, los d\u00edas 12, 13 y 14 del corriente mes.<\/p>\n<p>ACTC<\/p>\n","protected":false},"excerpt":{"rendered":"<p>El Gobierno de la Provincia de Mendoza, decidi\u00f3 cancelar la presentaci\u00f3n del GP Destino Mendoza<\/p>\n","protected":false},"author":1,"featured_media":5181,"comment_status":"open","ping_status":"closed","sticky":false,"template":"","format":"standard","meta":{"footnotes":""},"categories":[6],"tags":[],"class_list":["post-5180","post","type-post","status-publish","format-standard","has-post-thumbnail","hentry","category-nacionales"],"featured_image_urls":{"full":["https:\/\/curva1.com.ar\/wp-content\/uploads\/2013\/04\/8274_encabezado.jpg",357,201,false],"thumbnail":["https:\/\/curva1.com.ar\/wp-content\/uploads\/2013\/04\/8274_encabezado-300x169.jpg",300,169,true],"medium":["https:\/\/curva1.com.ar\/wp-content\/uploads\/2013\/04\/8274_encabezado.jpg",357,201,false],"medium_large":["https:\/\/curva1.com.ar\/wp-content\/uploads\/2013\/04\/8274_encabezado.jpg",357,201,false],"large":["https:\/\/curva1.com.ar\/wp-content\/uploads\/2013\/04\/8274_encabezado.jpg",357,201,false],"1536x1536":["https:\/\/curva1.com.ar\/wp-content\/uploads\/2013\/04\/8274_encabezado.jpg",357,201,false],"2048x2048":["https:\/\/curva1.com.ar\/wp-content\/uploads\/2013\/04\/8274_encabezado.jpg",357,201,false],"chromenews-featured":["https:\/\/curva1.com.ar\/wp-content\/uploads\/2013\/04\/8274_encabezado.jpg",357,201,false],"chromenews-large":["https:\/\/curva1.com.ar\/wp-content\/uploads\/2013\/04\/8274_encabezado.jpg",357,201,false],"chromenews-medium":["https:\/\/curva1.com.ar\/wp-content\/uploads\/2013\/04\/8274_encabezado.jpg",357,201,false]},"author_info":{"display_name":"Jos\u00e9 Bravo","author_link":"https:\/\/curva1.com.ar\/?author=1"},"category_info":"<a href=\"https:\/\/curva1.com.ar\/?cat=6\" rel=\"category\">Nacionales<\/a>","tag_info":"Nacionales","comment_count":"0","_links":{"self":[{"href":"https:\/\/curva1.com.ar\/index.php?rest_route=\/wp\/v2\/posts\/5180","targetHints":{"allow":["GET"]}}],"collection":[{"href":"https:\/\/curva1.com.ar\/index.php?rest_route=\/wp\/v2\/posts"}],"about":[{"href":"https:\/\/curva1.com.ar\/index.php?rest_route=\/wp\/v2\/types\/post"}],"author":[{"embeddable":true,"href":"https:\/\/curva1.com.ar\/index.php?rest_route=\/wp\/v2\/users\/1"}],"replies":[{"embeddable":true,"href":"https:\/\/curva1.com.ar\/index.php?rest_route=%2Fwp%2Fv2%2Fcomments&post=5180"}],"version-history":[{"count":2,"href":"https:\/\/curva1.com.ar\/index.php?rest_route=\/wp\/v2\/posts\/5180\/revisions"}],"predecessor-version":[{"id":5183,"href":"https:\/\/curva1.com.ar\/index.php?rest_route=\/wp\/v2\/posts\/5180\/revisions\/5183"}],"wp:featuredmedia":[{"embeddable":true,"href":"https:\/\/curva1.com.ar\/index.php?rest_route=\/wp\/v2\/media\/5181"}],"wp:attachment":[{"href":"https:\/\/curva1.com.ar\/index.php?rest_route=%2Fwp%2Fv2%2Fmedia&parent=5180"}],"wp:term":[{"taxonomy":"category","embeddable":true,"href":"https:\/\/curva1.com.ar\/index.php?rest_route=%2Fwp%2Fv2%2Fcategories&post=5180"},{"taxonomy":"post_tag","embeddable":true,"href":"https:\/\/curva1.com.ar\/index.php?rest_route=%2Fwp%2Fv2%2Ftags&post=5180"}],"curies":[{"name":"wp","href":"https:\/\/api.w.org\/{rel}","templated":true}]}}