{"id":5201,"date":"2013-04-05T14:15:47","date_gmt":"2013-04-05T17:15:47","guid":{"rendered":"http:\/\/www.curva1.com.ar\/?p=5201"},"modified":"2013-04-05T14:18:46","modified_gmt":"2013-04-05T17:18:46","slug":"mira-los-elementos-que-dejaran-de-usar-los-autos-de-turismo-carretera","status":"publish","type":"post","link":"https:\/\/curva1.com.ar\/?p=5201","title":{"rendered":"Los elementos que dejar\u00e1n de usar los autos de Turismo Carretera"},"content":{"rendered":"<p>Aqu\u00ed les dejamos una im\u00e1gen para aquellos que tengan dudas respecto de que elementos aerodin\u00e1micos se sacar\u00e1n y cuales se dejan para la carrera de TC en &#8220;Termas de R\u00edo Hondo&#8221;.<br \/>\nLos mismos ser\u00e1n quitados de igual forma para todas las marcas, en el caso del deflector del TECHO de Ford y Torino seran de uso opcional.<\/p>\n<blockquote>\n<h2><a href=\"http:\/\/www.facebook.com\/photo.php?fbid=10152731104145113&amp;set=a.10150182553345113.431429.338902660112&amp;type=1&amp;theater\" target=\"_blank\">MIRA EL CROQUI ACA<\/a><\/h2>\n<\/blockquote>\n<p>Ford Pasi\u00f3n.<\/p>\n","protected":false},"excerpt":{"rendered":"<p>Aqu\u00ed les dejamos una im\u00e1gen para aquellos que tengan dudas respecto de que elementos aerodin\u00e1micos<\/p>\n","protected":false},"author":1,"featured_media":5202,"comment_status":"open","ping_status":"closed","sticky":false,"template":"","format":"standard","meta":{"footnotes":""},"categories":[6],"tags":[],"class_list":["post-5201","post","type-post","status-publish","format-standard","has-post-thumbnail","hentry","category-nacionales"],"featured_image_urls":{"full":["https:\/\/curva1.com.ar\/wp-content\/uploads\/2013\/04\/f65863853_1157834192_n.jpg",200,112,false],"thumbnail":["https:\/\/curva1.com.ar\/wp-content\/uploads\/2013\/04\/f65863853_1157834192_n.jpg",200,112,false],"medium":["https:\/\/curva1.com.ar\/wp-content\/uploads\/2013\/04\/f65863853_1157834192_n.jpg",200,112,false],"medium_large":["https:\/\/curva1.com.ar\/wp-content\/uploads\/2013\/04\/f65863853_1157834192_n.jpg",200,112,false],"large":["https:\/\/curva1.com.ar\/wp-content\/uploads\/2013\/04\/f65863853_1157834192_n.jpg",200,112,false],"1536x1536":["https:\/\/curva1.com.ar\/wp-content\/uploads\/2013\/04\/f65863853_1157834192_n.jpg",200,112,false],"2048x2048":["https:\/\/curva1.com.ar\/wp-content\/uploads\/2013\/04\/f65863853_1157834192_n.jpg",200,112,false],"chromenews-featured":["https:\/\/curva1.com.ar\/wp-content\/uploads\/2013\/04\/f65863853_1157834192_n.jpg",200,112,false],"chromenews-large":["https:\/\/curva1.com.ar\/wp-content\/uploads\/2013\/04\/f65863853_1157834192_n.jpg",200,112,false],"chromenews-medium":["https:\/\/curva1.com.ar\/wp-content\/uploads\/2013\/04\/f65863853_1157834192_n.jpg",200,112,false]},"author_info":{"display_name":"Jos\u00e9 Bravo","author_link":"https:\/\/curva1.com.ar\/?author=1"},"category_info":"<a href=\"https:\/\/curva1.com.ar\/?cat=6\" rel=\"category\">Nacionales<\/a>","tag_info":"Nacionales","comment_count":"0","_links":{"self":[{"href":"https:\/\/curva1.com.ar\/index.php?rest_route=\/wp\/v2\/posts\/5201","targetHints":{"allow":["GET"]}}],"collection":[{"href":"https:\/\/curva1.com.ar\/index.php?rest_route=\/wp\/v2\/posts"}],"about":[{"href":"https:\/\/curva1.com.ar\/index.php?rest_route=\/wp\/v2\/types\/post"}],"author":[{"embeddable":true,"href":"https:\/\/curva1.com.ar\/index.php?rest_route=\/wp\/v2\/users\/1"}],"replies":[{"embeddable":true,"href":"https:\/\/curva1.com.ar\/index.php?rest_route=%2Fwp%2Fv2%2Fcomments&post=5201"}],"version-history":[{"count":4,"href":"https:\/\/curva1.com.ar\/index.php?rest_route=\/wp\/v2\/posts\/5201\/revisions"}],"predecessor-version":[{"id":5205,"href":"https:\/\/curva1.com.ar\/index.php?rest_route=\/wp\/v2\/posts\/5201\/revisions\/5205"}],"wp:featuredmedia":[{"embeddable":true,"href":"https:\/\/curva1.com.ar\/index.php?rest_route=\/wp\/v2\/media\/5202"}],"wp:attachment":[{"href":"https:\/\/curva1.com.ar\/index.php?rest_route=%2Fwp%2Fv2%2Fmedia&parent=5201"}],"wp:term":[{"taxonomy":"category","embeddable":true,"href":"https:\/\/curva1.com.ar\/index.php?rest_route=%2Fwp%2Fv2%2Fcategories&post=5201"},{"taxonomy":"post_tag","embeddable":true,"href":"https:\/\/curva1.com.ar\/index.php?rest_route=%2Fwp%2Fv2%2Ftags&post=5201"}],"curies":[{"name":"wp","href":"https:\/\/api.w.org\/{rel}","templated":true}]}}