{"id":5264,"date":"2013-04-07T20:00:57","date_gmt":"2013-04-07T23:00:57","guid":{"rendered":"http:\/\/www.curva1.com.ar\/?p=5264"},"modified":"2013-04-07T20:02:12","modified_gmt":"2013-04-07T23:02:12","slug":"los-showcar-de-turismo-carretera-pasaron-por-guaymallen-y-godoy-cruz","status":"publish","type":"post","link":"https:\/\/curva1.com.ar\/?p=5264","title":{"rendered":"Los Showcar de Turismo Carretera por Guaymall\u00e9n y Godoy Cruz"},"content":{"rendered":"<p><img loading=\"lazy\" decoding=\"async\" class=\"aligncenter size-full wp-image-5265\" alt=\"8312_encabezado\" src=\"http:\/\/www.curva1.com.ar\/wp-content\/uploads\/2013\/04\/8312_encabezado.jpg\" width=\"500\" height=\"281\" srcset=\"https:\/\/curva1.com.ar\/wp-content\/uploads\/2013\/04\/8312_encabezado.jpg 500w, https:\/\/curva1.com.ar\/wp-content\/uploads\/2013\/04\/8312_encabezado-300x169.jpg 300w\" sizes=\"auto, (max-width: 500px) 100vw, 500px\" \/><\/p>\n<p>Continua la promoci\u00f3n hacia la cuarta fecha del Turismo Carretera que se llevar\u00e1 a cabo el pr\u00f3ximo, 12, 13 y 14 de abril en el aut\u00f3dromo Jorge \u00c1ngel Pena de San Mart\u00edn, Mendoza.<\/p>\n<div>Como es costumbre para el departamento de Marketing de la ACTC, se puso en marcha la promoci\u00f3n de la m\u00e1xima junto a los Showcar, en esta ocasi\u00f3n palpitando lo que ser\u00e1 el Gran Premio Destino Mendoza.Tanto el Ford como el Chevrolet de la ACTC estuvieron presentes en el d\u00eda de hoy junto a Mat\u00edas Jalaf en la ciudad de Guaymallen en la YPF de Arist\u00f3bulo del Valle y Gobernador Videla, en tanto que pasadas las siete de la tarde, las unidades fueron trasladadas a la YPF de Godoy Cruz ubicada en Sarmiento y Cervantes, mientras que desde las 00:00 hs estar\u00e1n en Bai Ben Disco, Av. Lima, Ciudad de San Mart\u00edn.<\/p>\n<p>All\u00ed las personas disfrutaron del rugir de los seis cilindros en l\u00ednea y adem\u00e1s, el encuentro sirvi\u00f3 para recaudar alimentos no perecederos, frazadas y ropa para los damnificados por el temporal que azot\u00f3 a Buenos Aires, hecho que ser\u00e1 repetido en cada lugar donde sean ubicados los autos.<\/p>\n<p>Este 7 de abril ser\u00e1 el turno desde las 16:00 hs de la Rotonda Caballito de Marly, Parque General San Mart\u00edn, Ciudad de Mendoza y desde las 19:30, los autos ir\u00e1n a la YPF\u00a0 de Av.Boulogne Sur Mer y Juan B. Justo.<\/p>\n<\/div>\n<p><img loading=\"lazy\" decoding=\"async\" class=\"aligncenter size-full wp-image-5266\" alt=\"cfafats\" src=\"http:\/\/www.curva1.com.ar\/wp-content\/uploads\/2013\/04\/cfafats.jpg\" width=\"500\" height=\"281\" srcset=\"https:\/\/curva1.com.ar\/wp-content\/uploads\/2013\/04\/cfafats.jpg 500w, https:\/\/curva1.com.ar\/wp-content\/uploads\/2013\/04\/cfafats-300x169.jpg 300w\" sizes=\"auto, (max-width: 500px) 100vw, 500px\" \/><\/p>\n<table id=\"tableStaff\" border=\"0\" cellspacing=\"0\" cellpadding=\"0\">\n<tbody>\n<tr>\n<td scope=\"col\" align=\"left\" valign=\"middle\"><b>Prensa:\u00a0<\/b>ACTC.org.ar<br \/>\nACTC, Prensa<\/td>\n<\/tr>\n<\/tbody>\n<\/table>\n<p>&nbsp;<\/p>\n","protected":false},"excerpt":{"rendered":"<p>Continua la promoci\u00f3n hacia la cuarta fecha del Turismo Carretera que se llevar\u00e1 a cabo<\/p>\n","protected":false},"author":1,"featured_media":5265,"comment_status":"open","ping_status":"closed","sticky":false,"template":"","format":"standard","meta":{"footnotes":""},"categories":[6],"tags":[],"class_list":["post-5264","post","type-post","status-publish","format-standard","has-post-thumbnail","hentry","category-nacionales"],"featured_image_urls":{"full":["https:\/\/curva1.com.ar\/wp-content\/uploads\/2013\/04\/8312_encabezado.jpg",500,281,false],"thumbnail":["https:\/\/curva1.com.ar\/wp-content\/uploads\/2013\/04\/8312_encabezado-300x169.jpg",300,169,true],"medium":["https:\/\/curva1.com.ar\/wp-content\/uploads\/2013\/04\/8312_encabezado.jpg",500,281,false],"medium_large":["https:\/\/curva1.com.ar\/wp-content\/uploads\/2013\/04\/8312_encabezado.jpg",500,281,false],"large":["https:\/\/curva1.com.ar\/wp-content\/uploads\/2013\/04\/8312_encabezado.jpg",500,281,false],"1536x1536":["https:\/\/curva1.com.ar\/wp-content\/uploads\/2013\/04\/8312_encabezado.jpg",500,281,false],"2048x2048":["https:\/\/curva1.com.ar\/wp-content\/uploads\/2013\/04\/8312_encabezado.jpg",500,281,false],"chromenews-featured":["https:\/\/curva1.com.ar\/wp-content\/uploads\/2013\/04\/8312_encabezado.jpg",500,281,false],"chromenews-large":["https:\/\/curva1.com.ar\/wp-content\/uploads\/2013\/04\/8312_encabezado.jpg",500,281,false],"chromenews-medium":["https:\/\/curva1.com.ar\/wp-content\/uploads\/2013\/04\/8312_encabezado.jpg",500,281,false]},"author_info":{"display_name":"Jos\u00e9 Bravo","author_link":"https:\/\/curva1.com.ar\/?author=1"},"category_info":"<a href=\"https:\/\/curva1.com.ar\/?cat=6\" rel=\"category\">Nacionales<\/a>","tag_info":"Nacionales","comment_count":"0","_links":{"self":[{"href":"https:\/\/curva1.com.ar\/index.php?rest_route=\/wp\/v2\/posts\/5264","targetHints":{"allow":["GET"]}}],"collection":[{"href":"https:\/\/curva1.com.ar\/index.php?rest_route=\/wp\/v2\/posts"}],"about":[{"href":"https:\/\/curva1.com.ar\/index.php?rest_route=\/wp\/v2\/types\/post"}],"author":[{"embeddable":true,"href":"https:\/\/curva1.com.ar\/index.php?rest_route=\/wp\/v2\/users\/1"}],"replies":[{"embeddable":true,"href":"https:\/\/curva1.com.ar\/index.php?rest_route=%2Fwp%2Fv2%2Fcomments&post=5264"}],"version-history":[{"count":3,"href":"https:\/\/curva1.com.ar\/index.php?rest_route=\/wp\/v2\/posts\/5264\/revisions"}],"predecessor-version":[{"id":5268,"href":"https:\/\/curva1.com.ar\/index.php?rest_route=\/wp\/v2\/posts\/5264\/revisions\/5268"}],"wp:featuredmedia":[{"embeddable":true,"href":"https:\/\/curva1.com.ar\/index.php?rest_route=\/wp\/v2\/media\/5265"}],"wp:attachment":[{"href":"https:\/\/curva1.com.ar\/index.php?rest_route=%2Fwp%2Fv2%2Fmedia&parent=5264"}],"wp:term":[{"taxonomy":"category","embeddable":true,"href":"https:\/\/curva1.com.ar\/index.php?rest_route=%2Fwp%2Fv2%2Fcategories&post=5264"},{"taxonomy":"post_tag","embeddable":true,"href":"https:\/\/curva1.com.ar\/index.php?rest_route=%2Fwp%2Fv2%2Ftags&post=5264"}],"curies":[{"name":"wp","href":"https:\/\/api.w.org\/{rel}","templated":true}]}}