{"id":5306,"date":"2013-04-09T22:30:52","date_gmt":"2013-04-10T01:30:52","guid":{"rendered":"http:\/\/www.curva1.com.ar\/?p=5306"},"modified":"2013-04-09T22:30:52","modified_gmt":"2013-04-10T01:30:52","slug":"mira-el-trazado-del-nuevo-autodromo-para-tradicionales","status":"publish","type":"post","link":"https:\/\/curva1.com.ar\/?p=5306","title":{"rendered":"Mira el trazado del nuevo aut\u00f3dromo para Tradicionales"},"content":{"rendered":"<p>La Asociaci\u00f3n Sanrafaelina de Automovilismo dio a conocer como ser\u00e1 el circuito de tierra que est\u00e1n construyendo para las Categor\u00edas Tradicionales.<\/p>\n<p>El mismo est\u00e1 ubicando en el predio del aut\u00f3dromo de Las Paredes.<\/p>\n<p><img loading=\"lazy\" decoding=\"async\" class=\"aligncenter size-full wp-image-5307\" alt=\"383009_267268063409168_901821810_n\" src=\"http:\/\/www.curva1.com.ar\/wp-content\/uploads\/2013\/04\/383009_267268063409168_901821810_n.jpg\" width=\"500\" height=\"376\" srcset=\"https:\/\/curva1.com.ar\/wp-content\/uploads\/2013\/04\/383009_267268063409168_901821810_n.jpg 500w, https:\/\/curva1.com.ar\/wp-content\/uploads\/2013\/04\/383009_267268063409168_901821810_n-448x337.jpg 448w, https:\/\/curva1.com.ar\/wp-content\/uploads\/2013\/04\/383009_267268063409168_901821810_n-200x150.jpg 200w\" sizes=\"auto, (max-width: 500px) 100vw, 500px\" \/><\/p>\n","protected":false},"excerpt":{"rendered":"<p>La Asociaci\u00f3n Sanrafaelina de Automovilismo dio a conocer como ser\u00e1 el circuito de tierra que<\/p>\n","protected":false},"author":1,"featured_media":5308,"comment_status":"open","ping_status":"closed","sticky":false,"template":"","format":"standard","meta":{"footnotes":""},"categories":[3],"tags":[],"class_list":["post-5306","post","type-post","status-publish","format-standard","has-post-thumbnail","hentry","category-tradicionales"],"featured_image_urls":{"full":["https:\/\/curva1.com.ar\/wp-content\/uploads\/2013\/04\/IMG_3776.jpg",300,169,false],"thumbnail":["https:\/\/curva1.com.ar\/wp-content\/uploads\/2013\/04\/IMG_3776.jpg",300,169,false],"medium":["https:\/\/curva1.com.ar\/wp-content\/uploads\/2013\/04\/IMG_3776.jpg",300,169,false],"medium_large":["https:\/\/curva1.com.ar\/wp-content\/uploads\/2013\/04\/IMG_3776.jpg",300,169,false],"large":["https:\/\/curva1.com.ar\/wp-content\/uploads\/2013\/04\/IMG_3776.jpg",300,169,false],"1536x1536":["https:\/\/curva1.com.ar\/wp-content\/uploads\/2013\/04\/IMG_3776.jpg",300,169,false],"2048x2048":["https:\/\/curva1.com.ar\/wp-content\/uploads\/2013\/04\/IMG_3776.jpg",300,169,false],"chromenews-featured":["https:\/\/curva1.com.ar\/wp-content\/uploads\/2013\/04\/IMG_3776.jpg",300,169,false],"chromenews-large":["https:\/\/curva1.com.ar\/wp-content\/uploads\/2013\/04\/IMG_3776.jpg",300,169,false],"chromenews-medium":["https:\/\/curva1.com.ar\/wp-content\/uploads\/2013\/04\/IMG_3776.jpg",300,169,false]},"author_info":{"display_name":"Jos\u00e9 Bravo","author_link":"https:\/\/curva1.com.ar\/?author=1"},"category_info":"<a href=\"https:\/\/curva1.com.ar\/?cat=3\" rel=\"category\">Tradicionales<\/a>","tag_info":"Tradicionales","comment_count":"0","_links":{"self":[{"href":"https:\/\/curva1.com.ar\/index.php?rest_route=\/wp\/v2\/posts\/5306","targetHints":{"allow":["GET"]}}],"collection":[{"href":"https:\/\/curva1.com.ar\/index.php?rest_route=\/wp\/v2\/posts"}],"about":[{"href":"https:\/\/curva1.com.ar\/index.php?rest_route=\/wp\/v2\/types\/post"}],"author":[{"embeddable":true,"href":"https:\/\/curva1.com.ar\/index.php?rest_route=\/wp\/v2\/users\/1"}],"replies":[{"embeddable":true,"href":"https:\/\/curva1.com.ar\/index.php?rest_route=%2Fwp%2Fv2%2Fcomments&post=5306"}],"version-history":[{"count":2,"href":"https:\/\/curva1.com.ar\/index.php?rest_route=\/wp\/v2\/posts\/5306\/revisions"}],"predecessor-version":[{"id":5310,"href":"https:\/\/curva1.com.ar\/index.php?rest_route=\/wp\/v2\/posts\/5306\/revisions\/5310"}],"wp:featuredmedia":[{"embeddable":true,"href":"https:\/\/curva1.com.ar\/index.php?rest_route=\/wp\/v2\/media\/5308"}],"wp:attachment":[{"href":"https:\/\/curva1.com.ar\/index.php?rest_route=%2Fwp%2Fv2%2Fmedia&parent=5306"}],"wp:term":[{"taxonomy":"category","embeddable":true,"href":"https:\/\/curva1.com.ar\/index.php?rest_route=%2Fwp%2Fv2%2Fcategories&post=5306"},{"taxonomy":"post_tag","embeddable":true,"href":"https:\/\/curva1.com.ar\/index.php?rest_route=%2Fwp%2Fv2%2Ftags&post=5306"}],"curies":[{"name":"wp","href":"https:\/\/api.w.org\/{rel}","templated":true}]}}