{"id":5320,"date":"2013-04-10T11:49:35","date_gmt":"2013-04-10T14:49:35","guid":{"rendered":"http:\/\/www.curva1.com.ar\/?p=5320"},"modified":"2013-04-10T15:49:54","modified_gmt":"2013-04-10T18:49:54","slug":"ivo-perabo-dejo-el-top-race-y-se-sumara-a-la-clase-3-del-tn","status":"publish","type":"post","link":"https:\/\/curva1.com.ar\/?p=5320","title":{"rendered":"Ivo Perab\u00f3 dej\u00f3 el Top Race y se sumar\u00e1 a la Clase 3 del TN"},"content":{"rendered":"<p><img loading=\"lazy\" decoding=\"async\" class=\"aligncenter size-full wp-image-5321\" alt=\"cafafts\" src=\"http:\/\/www.curva1.com.ar\/wp-content\/uploads\/2013\/04\/cafafts.jpg\" width=\"500\" height=\"281\" srcset=\"https:\/\/curva1.com.ar\/wp-content\/uploads\/2013\/04\/cafafts.jpg 500w, https:\/\/curva1.com.ar\/wp-content\/uploads\/2013\/04\/cafafts-300x169.jpg 300w\" sizes=\"auto, (max-width: 500px) 100vw, 500px\" \/><\/p>\n<p>Lo reflej\u00f3 en su cuenta de Twitter despu\u00e9s de su abandono en la fecha de Nueve de Julio. \u201c<strong>Fue mi \u00faltima carrera en Top Race. Est\u00e1 complicado juntar el presupuesto. Muchas desprolijidades y pocos resultados\u201d<\/strong>, afirm\u00f3.<\/p>\n<p>M\u00e1s adelante, el tunuyanino Ivo Perab\u00f3 coment\u00f3 que \u201clos malos resultados obligan a irme. Decisi\u00f3n propia. Lo \u00fanico que voy a echar de menos es a Roberto Valle, que es una gran persona\u201d, en relaci\u00f3n al director del RV Sport Racing. \u00bfSu futuro? <strong>\u201cLa idea es correr en Clase 3 de Turismo Nacional con la marca Ford\u201d,<\/strong> dijo.<\/p>\n<p>Los Andes.<\/p>\n","protected":false},"excerpt":{"rendered":"<p>Lo reflej\u00f3 en su cuenta de Twitter despu\u00e9s de su abandono en la fecha de<\/p>\n","protected":false},"author":1,"featured_media":5321,"comment_status":"open","ping_status":"closed","sticky":false,"template":"","format":"standard","meta":{"footnotes":""},"categories":[6],"tags":[],"class_list":["post-5320","post","type-post","status-publish","format-standard","has-post-thumbnail","hentry","category-nacionales"],"featured_image_urls":{"full":["https:\/\/curva1.com.ar\/wp-content\/uploads\/2013\/04\/cafafts.jpg",500,281,false],"thumbnail":["https:\/\/curva1.com.ar\/wp-content\/uploads\/2013\/04\/cafafts-300x169.jpg",300,169,true],"medium":["https:\/\/curva1.com.ar\/wp-content\/uploads\/2013\/04\/cafafts.jpg",500,281,false],"medium_large":["https:\/\/curva1.com.ar\/wp-content\/uploads\/2013\/04\/cafafts.jpg",500,281,false],"large":["https:\/\/curva1.com.ar\/wp-content\/uploads\/2013\/04\/cafafts.jpg",500,281,false],"1536x1536":["https:\/\/curva1.com.ar\/wp-content\/uploads\/2013\/04\/cafafts.jpg",500,281,false],"2048x2048":["https:\/\/curva1.com.ar\/wp-content\/uploads\/2013\/04\/cafafts.jpg",500,281,false],"chromenews-featured":["https:\/\/curva1.com.ar\/wp-content\/uploads\/2013\/04\/cafafts.jpg",500,281,false],"chromenews-large":["https:\/\/curva1.com.ar\/wp-content\/uploads\/2013\/04\/cafafts.jpg",500,281,false],"chromenews-medium":["https:\/\/curva1.com.ar\/wp-content\/uploads\/2013\/04\/cafafts.jpg",500,281,false]},"author_info":{"display_name":"Jos\u00e9 Bravo","author_link":"https:\/\/curva1.com.ar\/?author=1"},"category_info":"<a href=\"https:\/\/curva1.com.ar\/?cat=6\" rel=\"category\">Nacionales<\/a>","tag_info":"Nacionales","comment_count":"0","_links":{"self":[{"href":"https:\/\/curva1.com.ar\/index.php?rest_route=\/wp\/v2\/posts\/5320","targetHints":{"allow":["GET"]}}],"collection":[{"href":"https:\/\/curva1.com.ar\/index.php?rest_route=\/wp\/v2\/posts"}],"about":[{"href":"https:\/\/curva1.com.ar\/index.php?rest_route=\/wp\/v2\/types\/post"}],"author":[{"embeddable":true,"href":"https:\/\/curva1.com.ar\/index.php?rest_route=\/wp\/v2\/users\/1"}],"replies":[{"embeddable":true,"href":"https:\/\/curva1.com.ar\/index.php?rest_route=%2Fwp%2Fv2%2Fcomments&post=5320"}],"version-history":[{"count":2,"href":"https:\/\/curva1.com.ar\/index.php?rest_route=\/wp\/v2\/posts\/5320\/revisions"}],"predecessor-version":[{"id":5323,"href":"https:\/\/curva1.com.ar\/index.php?rest_route=\/wp\/v2\/posts\/5320\/revisions\/5323"}],"wp:featuredmedia":[{"embeddable":true,"href":"https:\/\/curva1.com.ar\/index.php?rest_route=\/wp\/v2\/media\/5321"}],"wp:attachment":[{"href":"https:\/\/curva1.com.ar\/index.php?rest_route=%2Fwp%2Fv2%2Fmedia&parent=5320"}],"wp:term":[{"taxonomy":"category","embeddable":true,"href":"https:\/\/curva1.com.ar\/index.php?rest_route=%2Fwp%2Fv2%2Fcategories&post=5320"},{"taxonomy":"post_tag","embeddable":true,"href":"https:\/\/curva1.com.ar\/index.php?rest_route=%2Fwp%2Fv2%2Ftags&post=5320"}],"curies":[{"name":"wp","href":"https:\/\/api.w.org\/{rel}","templated":true}]}}