{"id":5696,"date":"2013-04-21T12:58:40","date_gmt":"2013-04-21T15:58:40","guid":{"rendered":"http:\/\/www.curva1.com.ar\/?p=5696"},"modified":"2013-04-22T14:51:49","modified_gmt":"2013-04-22T17:51:49","slug":"gasque-para-el-gp-vendimia-vamos-a-correr-con-el-8-valvulas","status":"publish","type":"post","link":"https:\/\/curva1.com.ar\/?p=5696","title":{"rendered":"Leo Gasque &#8220;Para el GP Vendimia vamos a correr con el 8 v\u00e1lvulas&#8221;"},"content":{"rendered":"<p><img loading=\"lazy\" decoding=\"async\" class=\"aligncenter size-full wp-image-5697\" alt=\"fafe66\" src=\"http:\/\/www.curva1.com.ar\/wp-content\/uploads\/2013\/04\/fafe66.jpg\" width=\"500\" height=\"281\" srcset=\"https:\/\/curva1.com.ar\/wp-content\/uploads\/2013\/04\/fafe66.jpg 500w, https:\/\/curva1.com.ar\/wp-content\/uploads\/2013\/04\/fafe66-300x169.jpg 300w\" sizes=\"auto, (max-width: 500px) 100vw, 500px\" \/><\/p>\n<p>El piloto que fue gran protagonista en la 1\u00ba fecha de la Clase 2, confirm\u00f3 a Curva 1 que luego del comunicado t\u00e9cnico que sac\u00f3 FEMAD donde se le deber\u00e1 colocar una brida al motor 16 v\u00e1lvulas del Clio, decidi\u00f3 volver a competir con &#8220;8 v\u00e1lvulas&#8221;.<\/p>\n<p><strong>&#8220;Cambiamos el motor por la brida que le debemos colocar, ya que la queremos probar bien antes de usarla&#8221;<\/strong> explic\u00f3 Gasque entre otros temas.<\/p>\n<blockquote><p><span style=\"color: #993300;\"><strong>ESCUCHA la nota completa<\/strong><\/span><\/p>\n<p><object width=\"173\" height=\"30\" classid=\"clsid:d27cdb6e-ae6d-11cf-96b8-444553540000\" codebase=\"http:\/\/download.macromedia.com\/pub\/shockwave\/cabs\/flash\/swflash.cab#version=6,0,40,0\"><param name=\"allowFullScreen\" value=\"true\" \/><param name=\"wmode\" value=\"transparent\" \/><param name=\"src\" value=\"http:\/\/www.ivoox.com\/playerivoox_ep_1969084_1.html\" \/><param name=\"allowfullscreen\" value=\"true\" \/><embed width=\"173\" height=\"30\" type=\"application\/x-shockwave-flash\" src=\"http:\/\/www.ivoox.com\/playerivoox_ep_1969084_1.html\" allowFullScreen=\"true\" wmode=\"transparent\" allowfullscreen=\"true\" \/><\/object><\/p><\/blockquote>\n","protected":false},"excerpt":{"rendered":"<p>El piloto que fue gran protagonista en la 1\u00ba fecha de la Clase 2, confirm\u00f3<\/p>\n","protected":false},"author":1,"featured_media":5697,"comment_status":"open","ping_status":"closed","sticky":false,"template":"","format":"standard","meta":{"footnotes":""},"categories":[1],"tags":[],"class_list":["post-5696","post","type-post","status-publish","format-standard","has-post-thumbnail","hentry","category-zonal-cuyano"],"featured_image_urls":{"full":["https:\/\/curva1.com.ar\/wp-content\/uploads\/2013\/04\/fafe66.jpg",500,281,false],"thumbnail":["https:\/\/curva1.com.ar\/wp-content\/uploads\/2013\/04\/fafe66-300x169.jpg",300,169,true],"medium":["https:\/\/curva1.com.ar\/wp-content\/uploads\/2013\/04\/fafe66.jpg",500,281,false],"medium_large":["https:\/\/curva1.com.ar\/wp-content\/uploads\/2013\/04\/fafe66.jpg",500,281,false],"large":["https:\/\/curva1.com.ar\/wp-content\/uploads\/2013\/04\/fafe66.jpg",500,281,false],"1536x1536":["https:\/\/curva1.com.ar\/wp-content\/uploads\/2013\/04\/fafe66.jpg",500,281,false],"2048x2048":["https:\/\/curva1.com.ar\/wp-content\/uploads\/2013\/04\/fafe66.jpg",500,281,false],"chromenews-featured":["https:\/\/curva1.com.ar\/wp-content\/uploads\/2013\/04\/fafe66.jpg",500,281,false],"chromenews-large":["https:\/\/curva1.com.ar\/wp-content\/uploads\/2013\/04\/fafe66.jpg",500,281,false],"chromenews-medium":["https:\/\/curva1.com.ar\/wp-content\/uploads\/2013\/04\/fafe66.jpg",500,281,false]},"author_info":{"display_name":"Jos\u00e9 Bravo","author_link":"https:\/\/curva1.com.ar\/?author=1"},"category_info":"<a href=\"https:\/\/curva1.com.ar\/?cat=1\" rel=\"category\">Zonal Cuyano<\/a>","tag_info":"Zonal Cuyano","comment_count":"0","_links":{"self":[{"href":"https:\/\/curva1.com.ar\/index.php?rest_route=\/wp\/v2\/posts\/5696","targetHints":{"allow":["GET"]}}],"collection":[{"href":"https:\/\/curva1.com.ar\/index.php?rest_route=\/wp\/v2\/posts"}],"about":[{"href":"https:\/\/curva1.com.ar\/index.php?rest_route=\/wp\/v2\/types\/post"}],"author":[{"embeddable":true,"href":"https:\/\/curva1.com.ar\/index.php?rest_route=\/wp\/v2\/users\/1"}],"replies":[{"embeddable":true,"href":"https:\/\/curva1.com.ar\/index.php?rest_route=%2Fwp%2Fv2%2Fcomments&post=5696"}],"version-history":[{"count":5,"href":"https:\/\/curva1.com.ar\/index.php?rest_route=\/wp\/v2\/posts\/5696\/revisions"}],"predecessor-version":[{"id":5701,"href":"https:\/\/curva1.com.ar\/index.php?rest_route=\/wp\/v2\/posts\/5696\/revisions\/5701"}],"wp:featuredmedia":[{"embeddable":true,"href":"https:\/\/curva1.com.ar\/index.php?rest_route=\/wp\/v2\/media\/5697"}],"wp:attachment":[{"href":"https:\/\/curva1.com.ar\/index.php?rest_route=%2Fwp%2Fv2%2Fmedia&parent=5696"}],"wp:term":[{"taxonomy":"category","embeddable":true,"href":"https:\/\/curva1.com.ar\/index.php?rest_route=%2Fwp%2Fv2%2Fcategories&post=5696"},{"taxonomy":"post_tag","embeddable":true,"href":"https:\/\/curva1.com.ar\/index.php?rest_route=%2Fwp%2Fv2%2Ftags&post=5696"}],"curies":[{"name":"wp","href":"https:\/\/api.w.org\/{rel}","templated":true}]}}