{"id":5731,"date":"2013-04-22T14:31:25","date_gmt":"2013-04-22T17:31:25","guid":{"rendered":"http:\/\/www.curva1.com.ar\/?p=5731"},"modified":"2013-04-22T14:48:14","modified_gmt":"2013-04-22T17:48:14","slug":"tradicionales-disputo-se-segunda-fecha-en-san-carlos","status":"publish","type":"post","link":"https:\/\/curva1.com.ar\/?p=5731","title":{"rendered":"Categor\u00edas Tradicionales disput\u00f3 se segunda fecha en San Carlos"},"content":{"rendered":"<p><img loading=\"lazy\" decoding=\"async\" class=\"aligncenter size-full wp-image-5734\" alt=\"TRfA02-50\" src=\"http:\/\/www.curva1.com.ar\/wp-content\/uploads\/2013\/04\/TRfA02-50.jpg\" width=\"500\" height=\"281\" srcset=\"https:\/\/curva1.com.ar\/wp-content\/uploads\/2013\/04\/TRfA02-50.jpg 500w, https:\/\/curva1.com.ar\/wp-content\/uploads\/2013\/04\/TRfA02-50-300x169.jpg 300w\" sizes=\"auto, (max-width: 500px) 100vw, 500px\" \/><\/p>\n<p>Con m\u00e1s de 70 autos en pista, el automovilismo tierrero llev\u00f3 a cabo la segunda cita del a\u00f1o en el Valle de Uco, como tambi\u00e9n as\u00ed la segunda carrera consecutiva en el aut\u00f3dromo municipal de San Carlos.<\/p>\n<p>Alfredo Buttini triunf\u00f3 en la 850 Grupo 1, categor\u00eda que present\u00f3 23 autos y fue la m\u00e1s numerosa de la jornada. Humberto Camiletti gan\u00f3 en F\u00f3rmula 1100, Pablo Catana en el TC Tradicional y Nazareno Alosi en el TC J\u00fanior. Alejandro Daniele se llev\u00f3 la victoria en el Sport 4.<\/p>\n<p>Ver estad\u00edsticas completas <a href=\"http:\/\/femadmza.com.ar\/2013\/Tradicionales\/Tradicional02.htm\" target=\"_blank\"><strong>ACA<\/strong><\/a><\/p>\n<p><img loading=\"lazy\" decoding=\"async\" class=\"aligncenter size-full wp-image-5732\" alt=\"tradd2\" src=\"http:\/\/www.curva1.com.ar\/wp-content\/uploads\/2013\/04\/tradd2.jpg\" width=\"480\" height=\"1423\" srcset=\"https:\/\/curva1.com.ar\/wp-content\/uploads\/2013\/04\/tradd2.jpg 480w, https:\/\/curva1.com.ar\/wp-content\/uploads\/2013\/04\/tradd2-345x1024.jpg 345w\" sizes=\"auto, (max-width: 480px) 100vw, 480px\" \/><\/p>\n","protected":false},"excerpt":{"rendered":"<p>Con m\u00e1s de 70 autos en pista, el automovilismo tierrero llev\u00f3 a cabo la segunda<\/p>\n","protected":false},"author":1,"featured_media":5734,"comment_status":"open","ping_status":"closed","sticky":false,"template":"","format":"standard","meta":{"footnotes":""},"categories":[3],"tags":[],"class_list":["post-5731","post","type-post","status-publish","format-standard","has-post-thumbnail","hentry","category-tradicionales"],"featured_image_urls":{"full":["https:\/\/curva1.com.ar\/wp-content\/uploads\/2013\/04\/TRfA02-50.jpg",500,281,false],"thumbnail":["https:\/\/curva1.com.ar\/wp-content\/uploads\/2013\/04\/TRfA02-50-300x169.jpg",300,169,true],"medium":["https:\/\/curva1.com.ar\/wp-content\/uploads\/2013\/04\/TRfA02-50.jpg",500,281,false],"medium_large":["https:\/\/curva1.com.ar\/wp-content\/uploads\/2013\/04\/TRfA02-50.jpg",500,281,false],"large":["https:\/\/curva1.com.ar\/wp-content\/uploads\/2013\/04\/TRfA02-50.jpg",500,281,false],"1536x1536":["https:\/\/curva1.com.ar\/wp-content\/uploads\/2013\/04\/TRfA02-50.jpg",500,281,false],"2048x2048":["https:\/\/curva1.com.ar\/wp-content\/uploads\/2013\/04\/TRfA02-50.jpg",500,281,false],"chromenews-featured":["https:\/\/curva1.com.ar\/wp-content\/uploads\/2013\/04\/TRfA02-50.jpg",500,281,false],"chromenews-large":["https:\/\/curva1.com.ar\/wp-content\/uploads\/2013\/04\/TRfA02-50.jpg",500,281,false],"chromenews-medium":["https:\/\/curva1.com.ar\/wp-content\/uploads\/2013\/04\/TRfA02-50.jpg",500,281,false]},"author_info":{"display_name":"Jos\u00e9 Bravo","author_link":"https:\/\/curva1.com.ar\/?author=1"},"category_info":"<a href=\"https:\/\/curva1.com.ar\/?cat=3\" rel=\"category\">Tradicionales<\/a>","tag_info":"Tradicionales","comment_count":"0","_links":{"self":[{"href":"https:\/\/curva1.com.ar\/index.php?rest_route=\/wp\/v2\/posts\/5731","targetHints":{"allow":["GET"]}}],"collection":[{"href":"https:\/\/curva1.com.ar\/index.php?rest_route=\/wp\/v2\/posts"}],"about":[{"href":"https:\/\/curva1.com.ar\/index.php?rest_route=\/wp\/v2\/types\/post"}],"author":[{"embeddable":true,"href":"https:\/\/curva1.com.ar\/index.php?rest_route=\/wp\/v2\/users\/1"}],"replies":[{"embeddable":true,"href":"https:\/\/curva1.com.ar\/index.php?rest_route=%2Fwp%2Fv2%2Fcomments&post=5731"}],"version-history":[{"count":4,"href":"https:\/\/curva1.com.ar\/index.php?rest_route=\/wp\/v2\/posts\/5731\/revisions"}],"predecessor-version":[{"id":5736,"href":"https:\/\/curva1.com.ar\/index.php?rest_route=\/wp\/v2\/posts\/5731\/revisions\/5736"}],"wp:featuredmedia":[{"embeddable":true,"href":"https:\/\/curva1.com.ar\/index.php?rest_route=\/wp\/v2\/media\/5734"}],"wp:attachment":[{"href":"https:\/\/curva1.com.ar\/index.php?rest_route=%2Fwp%2Fv2%2Fmedia&parent=5731"}],"wp:term":[{"taxonomy":"category","embeddable":true,"href":"https:\/\/curva1.com.ar\/index.php?rest_route=%2Fwp%2Fv2%2Fcategories&post=5731"},{"taxonomy":"post_tag","embeddable":true,"href":"https:\/\/curva1.com.ar\/index.php?rest_route=%2Fwp%2Fv2%2Ftags&post=5731"}],"curies":[{"name":"wp","href":"https:\/\/api.w.org\/{rel}","templated":true}]}}