{"id":5821,"date":"2013-04-25T21:28:38","date_gmt":"2013-04-26T00:28:38","guid":{"rendered":"http:\/\/www.curva1.com.ar\/?p=5821"},"modified":"2013-04-25T21:44:32","modified_gmt":"2013-04-26T00:44:32","slug":"siete-cuyanos-ya-estan-en-chubut-para-la-2o-fecha-del-argentino-de-karting","status":"publish","type":"post","link":"https:\/\/curva1.com.ar\/?p=5821","title":{"rendered":"Siete cuyanos est\u00e1n en Chubut para la 2\u00ba del Argentino de Karting"},"content":{"rendered":"<figure id=\"attachment_5822\" aria-describedby=\"caption-attachment-5822\" style=\"width: 500px\" class=\"wp-caption aligncenter\"><img loading=\"lazy\" decoding=\"async\" class=\"size-full wp-image-5822\" alt=\"Tob\u00edas Mart\u00ednez, Juli\u00e1n M\u00f3dica y Gabriel Moyano\" src=\"http:\/\/www.curva1.com.ar\/wp-content\/uploads\/2013\/04\/IMG_9ff537.jpg\" width=\"500\" height=\"268\" \/><figcaption id=\"caption-attachment-5822\" class=\"wp-caption-text\"><span style=\"color: #ff0000;\">Tob\u00edas Mart\u00ednez, Juli\u00e1n M\u00f3dica y Gabriel Moyano<\/span><\/figcaption><\/figure>\n<p>A partir de ma\u00f1ana se pone en marcha la 2\u00ba fecha del Campeonato Argentino de Karting, el certamen m\u00e1s importante y federal del pa\u00eds.<\/p>\n<p>El nuevo kart\u00f3dromo de Comodoro Rivadavia, en Chubut, es la sede para recibir a m\u00e1s de 100 pilotos inscriptos divididos en cuatro categor\u00edas y donde habr\u00e1 presencia cuyana.<\/p>\n<p>Por MENDOZA estar\u00e1n presentes el maipucino Juli\u00e1n M\u00f3dica, el guaymallino Tom\u00e1s Martin y el sanmartiniano Nicol\u00e1s Palau, ambos en la Promocional. En Sudam J\u00fanior competir\u00e1n Jorge Vitar y Nazareno Moscetta.<\/p>\n<p>Por SAN JUAN est\u00e1n confirmados Gabriel Moyano en Promocional y Tob\u00edas Mart\u00ednez, en Pre J\u00fanior.<\/p>\n<p style=\"padding-left: 30px;\"><span style=\"color: #000080;\">Jos\u00e9 Bravo por <strong>Curva 1 KART<\/strong> estar\u00e1 desde el viernes y hasta el lunes en Chubut, para realizar la cobertura nacional para<\/span> <a href=\"www.curva1kart.com.ar\" target=\"_blank\"><strong>www.curva1kart.com.ar<\/strong><\/a> <span style=\"color: #000080;\">y el seguimiento a los pilotos de la regi\u00f3n de Cuyo.<\/span><\/p>\n","protected":false},"excerpt":{"rendered":"<p>A partir de ma\u00f1ana se pone en marcha la 2\u00ba fecha del Campeonato Argentino de<\/p>\n","protected":false},"author":1,"featured_media":5822,"comment_status":"open","ping_status":"closed","sticky":false,"template":"","format":"standard","meta":{"footnotes":""},"categories":[4],"tags":[],"class_list":["post-5821","post","type-post","status-publish","format-standard","has-post-thumbnail","hentry","category-karting"],"featured_image_urls":{"full":["https:\/\/curva1.com.ar\/wp-content\/uploads\/2013\/04\/IMG_9ff537.jpg",500,268,false],"thumbnail":["https:\/\/curva1.com.ar\/wp-content\/uploads\/2013\/04\/IMG_9ff537-300x169.jpg",300,169,true],"medium":["https:\/\/curva1.com.ar\/wp-content\/uploads\/2013\/04\/IMG_9ff537.jpg",500,268,false],"medium_large":["https:\/\/curva1.com.ar\/wp-content\/uploads\/2013\/04\/IMG_9ff537.jpg",500,268,false],"large":["https:\/\/curva1.com.ar\/wp-content\/uploads\/2013\/04\/IMG_9ff537.jpg",500,268,false],"1536x1536":["https:\/\/curva1.com.ar\/wp-content\/uploads\/2013\/04\/IMG_9ff537.jpg",500,268,false],"2048x2048":["https:\/\/curva1.com.ar\/wp-content\/uploads\/2013\/04\/IMG_9ff537.jpg",500,268,false],"chromenews-featured":["https:\/\/curva1.com.ar\/wp-content\/uploads\/2013\/04\/IMG_9ff537.jpg",500,268,false],"chromenews-large":["https:\/\/curva1.com.ar\/wp-content\/uploads\/2013\/04\/IMG_9ff537.jpg",500,268,false],"chromenews-medium":["https:\/\/curva1.com.ar\/wp-content\/uploads\/2013\/04\/IMG_9ff537.jpg",500,268,false]},"author_info":{"display_name":"Jos\u00e9 Bravo","author_link":"https:\/\/curva1.com.ar\/?author=1"},"category_info":"<a href=\"https:\/\/curva1.com.ar\/?cat=4\" rel=\"category\">Karting Asfalto<\/a>","tag_info":"Karting Asfalto","comment_count":"0","_links":{"self":[{"href":"https:\/\/curva1.com.ar\/index.php?rest_route=\/wp\/v2\/posts\/5821","targetHints":{"allow":["GET"]}}],"collection":[{"href":"https:\/\/curva1.com.ar\/index.php?rest_route=\/wp\/v2\/posts"}],"about":[{"href":"https:\/\/curva1.com.ar\/index.php?rest_route=\/wp\/v2\/types\/post"}],"author":[{"embeddable":true,"href":"https:\/\/curva1.com.ar\/index.php?rest_route=\/wp\/v2\/users\/1"}],"replies":[{"embeddable":true,"href":"https:\/\/curva1.com.ar\/index.php?rest_route=%2Fwp%2Fv2%2Fcomments&post=5821"}],"version-history":[{"count":7,"href":"https:\/\/curva1.com.ar\/index.php?rest_route=\/wp\/v2\/posts\/5821\/revisions"}],"predecessor-version":[{"id":5824,"href":"https:\/\/curva1.com.ar\/index.php?rest_route=\/wp\/v2\/posts\/5821\/revisions\/5824"}],"wp:featuredmedia":[{"embeddable":true,"href":"https:\/\/curva1.com.ar\/index.php?rest_route=\/wp\/v2\/media\/5822"}],"wp:attachment":[{"href":"https:\/\/curva1.com.ar\/index.php?rest_route=%2Fwp%2Fv2%2Fmedia&parent=5821"}],"wp:term":[{"taxonomy":"category","embeddable":true,"href":"https:\/\/curva1.com.ar\/index.php?rest_route=%2Fwp%2Fv2%2Fcategories&post=5821"},{"taxonomy":"post_tag","embeddable":true,"href":"https:\/\/curva1.com.ar\/index.php?rest_route=%2Fwp%2Fv2%2Ftags&post=5821"}],"curies":[{"name":"wp","href":"https:\/\/api.w.org\/{rel}","templated":true}]}}