{"id":5834,"date":"2013-04-25T21:55:25","date_gmt":"2013-04-26T00:55:25","guid":{"rendered":"http:\/\/www.curva1.com.ar\/?p=5834"},"modified":"2013-04-25T21:55:25","modified_gmt":"2013-04-26T00:55:25","slug":"guillermo-ortelli-cumplio-40-anos-de-vida-de-los-cuales-23-fueron-junto-al-automovilismo","status":"publish","type":"post","link":"https:\/\/curva1.com.ar\/?p=5834","title":{"rendered":"Guillermo Ortelli cumpli\u00f3 40 a\u00f1os de vida, de los cuales 23 fueron junto al automovilismo"},"content":{"rendered":"<p><img loading=\"lazy\" decoding=\"async\" class=\"aligncenter size-full wp-image-5835\" alt=\"Ortelli_campeon_2011\" src=\"http:\/\/www.curva1.com.ar\/wp-content\/uploads\/2013\/04\/Ortelli_campeon_2011.jpg\" width=\"500\" height=\"281\" srcset=\"https:\/\/curva1.com.ar\/wp-content\/uploads\/2013\/04\/Ortelli_campeon_2011.jpg 500w, https:\/\/curva1.com.ar\/wp-content\/uploads\/2013\/04\/Ortelli_campeon_2011-300x169.jpg 300w\" sizes=\"auto, (max-width: 500px) 100vw, 500px\" \/><\/p>\n<p>El sextuple campe\u00f3n de Turismo Carretera cumple hoy 40 a\u00f1os. El piloto de Salto ya est\u00e1 en la historia de nuestro automovilismo y va por m\u00e1s.<\/p>\n<p>Guillermo Ortelli cumple hoy 40 a\u00f1os, de los cuales 23 le ha dedicado a su gran pasi\u00f3n: el automovilismo. En 1990, cuando ten\u00eda 16, comenz\u00f3 a forjar su historia, participando en el Campeonato Bonaerense de Karting.<\/p>\n<p>A partir de ese momento todo fue protagonismo en diversas categor\u00edas. La F\u00f3rmula Renault signific\u00f3 un gran paso para comenzar a consolidarse en el automovilismo, de la mano de Tulio Crespi debut\u00f3 en 1992 y en 1993 se consagr\u00f3 subcampe\u00f3n de Juan Manuel Silva.<\/p>\n<p>Su muestra de capacidad llev\u00f3 al constructor de Balcarce a pedirle a Fabi\u00e1n Acu\u00f1a, por entonces figura del TC, la posibilidad de que Ortelli sea su invitado para la carrera especial en el aut\u00f3dromo de Buenos Aires.<\/p>\n<p>El tandilense acept\u00f3, y ese 11 de septiembre de 1994 termin\u00f3 con Acu\u00f1a y Ortelli en lo m\u00e1s alto del podio.<\/p>\n<p>Esa misma temporada Ortelli debut\u00f3 en el TC2000 sobre un Ford Escort atendido por Tulio Crespi. Sin dudas una persona que marc\u00f3 un camino para el saltense.<\/p>\n<p>Desde all\u00ed y hasta la actualidad, Ortelli edific\u00f3 su historia en el automovilismo argentino. En Turismo Carretera compiti\u00f3 con continuidad desde 1995, en esa temporada y la de 1996 con Ford, ganado las competencias de Trelew y Nueve de Julio.<\/p>\n<p>El gran cambio lleg\u00f3 en 1997. Ortelli pas\u00f3 a Chevrolet de la mano de Alberto Canapino, con quien tambi\u00e9n compart\u00eda la actividad en TC2000 integrando el equipo oficial.<\/p>\n<p>Ortelli y Canapino fueron sin\u00f3nimo de t\u00edtulos, logrando consagrarse en 1998 y 2002. En medio de ello estuvieron los t\u00edtulos de 2000 y 2001, donde Sandro Crespi fue el chasista del Chevrolet.<\/p>\n<p>El campeonato de 2008 lleg\u00f3 integrando el JP Racing y ganando la pol\u00e9mica &#8220;Copa de Oro&#8221;, la cual se implement\u00f3 en el transcurso de la temporada cuando Juan Manuel Silva marchaba rumbo al cetro.<\/p>\n<p>Guillermo Kissling era el responsable del auto y Laboritto el motorista, los mismos nombres que lo vieron festejar en 2011, aunque integrando el Dole Racing en una definici\u00f3n inolvidable donde Ortelli pele\u00f3 mano a mano con Mat\u00edas Rossi.<\/p>\n<p>La cuenta pendiente es el TC200, donde si bien siempre pele\u00f3 los primeros puestos, nunca lleg\u00f3 a consagrarse. La oportunidad m\u00e1s cercana fue en 2008, cuando obtuvo el subcampeonato como integrante del equipo oficial Renault.<\/p>\n<p>Adem\u00e1s, Ortelli fue campe\u00f3n de Top Race en 2001 con BMW y en Top Race V6 en 2005 manejando un Chevrolet Vectra con los colores de su querido Boca Juniors.<\/p>\n<p>Toda una historia en el automovilismo argentino, donde a sus flamantes 40 a\u00f1os va por m\u00e1s.<\/p>\n<p>Carreras ganadas por Ortelli en TC<\/p>\n<p>1. 1994 Dos Horas de Buenos Aires* Ford<br \/>\n2. 1996 Trelew Ford<br \/>\n3. 1996 Nueve de Julio Ford<br \/>\n4. 1997 Nueve de Julio Chevrolet<br \/>\n5. 1998 Mar de Aj\u00f3 Chevrolet<br \/>\n6. 1999 Mar de Aj\u00f3 Chevrolet<br \/>\n7. 1999 Mar de Aj\u00f3 Chevrolet<br \/>\n8. 1999 Paran\u00e1 Chevrolet<br \/>\n9. 2000 Nueve de Julio Chevrolet<br \/>\n10. 2000 R\u00edo Cuarto Chevrolet<br \/>\n11. 2000 Paran\u00e1 Chevrolet<br \/>\n12. 2000 Olavarr\u00eda Chevrolet<br \/>\n13. 2001 Olavarr\u00eda Chevrolet<br \/>\n14. 2002 Paran\u00e1 Chevrolet<br \/>\n15. 2003 Mar de Aj\u00f3 Chevrolet<br \/>\n16. 2003 Rafaela Chevrolet<br \/>\n17. 2004 Mar de Aj\u00f3 Chevrolet<br \/>\n18. 2005 Rafaela Chevrolet<br \/>\n19. 2006 Mar de Aj\u00f3 Chevrolet<br \/>\n20. 2007 Posadas Chevrolet<br \/>\n21. 2008 Mar de Aj\u00f3 Chevrolet<br \/>\n22. 2008 Nueve de Julio Chevrolet<br \/>\n23. 2008 R\u00edo Cuarto Chevrolet<br \/>\n24. 2008 Paran\u00e1 Chevrolet<br \/>\n25. 2009 Balcarce Chevrolet<br \/>\n26. 2009 Nueve de Julio Chevrolet<br \/>\n27. 2011 Buenos Aires Chevrolet<br \/>\n*Carrera compartida con Fabi\u00e1n Acu\u00f1a.<\/p>\n","protected":false},"excerpt":{"rendered":"<p>El sextuple campe\u00f3n de Turismo Carretera cumple hoy 40 a\u00f1os. El piloto de Salto ya<\/p>\n","protected":false},"author":1,"featured_media":5835,"comment_status":"open","ping_status":"closed","sticky":false,"template":"","format":"standard","meta":{"footnotes":""},"categories":[6],"tags":[],"class_list":["post-5834","post","type-post","status-publish","format-standard","has-post-thumbnail","hentry","category-nacionales"],"featured_image_urls":{"full":["https:\/\/curva1.com.ar\/wp-content\/uploads\/2013\/04\/Ortelli_campeon_2011.jpg",500,281,false],"thumbnail":["https:\/\/curva1.com.ar\/wp-content\/uploads\/2013\/04\/Ortelli_campeon_2011-300x169.jpg",300,169,true],"medium":["https:\/\/curva1.com.ar\/wp-content\/uploads\/2013\/04\/Ortelli_campeon_2011.jpg",500,281,false],"medium_large":["https:\/\/curva1.com.ar\/wp-content\/uploads\/2013\/04\/Ortelli_campeon_2011.jpg",500,281,false],"large":["https:\/\/curva1.com.ar\/wp-content\/uploads\/2013\/04\/Ortelli_campeon_2011.jpg",500,281,false],"1536x1536":["https:\/\/curva1.com.ar\/wp-content\/uploads\/2013\/04\/Ortelli_campeon_2011.jpg",500,281,false],"2048x2048":["https:\/\/curva1.com.ar\/wp-content\/uploads\/2013\/04\/Ortelli_campeon_2011.jpg",500,281,false],"chromenews-featured":["https:\/\/curva1.com.ar\/wp-content\/uploads\/2013\/04\/Ortelli_campeon_2011.jpg",500,281,false],"chromenews-large":["https:\/\/curva1.com.ar\/wp-content\/uploads\/2013\/04\/Ortelli_campeon_2011.jpg",500,281,false],"chromenews-medium":["https:\/\/curva1.com.ar\/wp-content\/uploads\/2013\/04\/Ortelli_campeon_2011.jpg",500,281,false]},"author_info":{"display_name":"Jos\u00e9 Bravo","author_link":"https:\/\/curva1.com.ar\/?author=1"},"category_info":"<a href=\"https:\/\/curva1.com.ar\/?cat=6\" rel=\"category\">Nacionales<\/a>","tag_info":"Nacionales","comment_count":"0","_links":{"self":[{"href":"https:\/\/curva1.com.ar\/index.php?rest_route=\/wp\/v2\/posts\/5834","targetHints":{"allow":["GET"]}}],"collection":[{"href":"https:\/\/curva1.com.ar\/index.php?rest_route=\/wp\/v2\/posts"}],"about":[{"href":"https:\/\/curva1.com.ar\/index.php?rest_route=\/wp\/v2\/types\/post"}],"author":[{"embeddable":true,"href":"https:\/\/curva1.com.ar\/index.php?rest_route=\/wp\/v2\/users\/1"}],"replies":[{"embeddable":true,"href":"https:\/\/curva1.com.ar\/index.php?rest_route=%2Fwp%2Fv2%2Fcomments&post=5834"}],"version-history":[{"count":2,"href":"https:\/\/curva1.com.ar\/index.php?rest_route=\/wp\/v2\/posts\/5834\/revisions"}],"predecessor-version":[{"id":5837,"href":"https:\/\/curva1.com.ar\/index.php?rest_route=\/wp\/v2\/posts\/5834\/revisions\/5837"}],"wp:featuredmedia":[{"embeddable":true,"href":"https:\/\/curva1.com.ar\/index.php?rest_route=\/wp\/v2\/media\/5835"}],"wp:attachment":[{"href":"https:\/\/curva1.com.ar\/index.php?rest_route=%2Fwp%2Fv2%2Fmedia&parent=5834"}],"wp:term":[{"taxonomy":"category","embeddable":true,"href":"https:\/\/curva1.com.ar\/index.php?rest_route=%2Fwp%2Fv2%2Fcategories&post=5834"},{"taxonomy":"post_tag","embeddable":true,"href":"https:\/\/curva1.com.ar\/index.php?rest_route=%2Fwp%2Fv2%2Ftags&post=5834"}],"curies":[{"name":"wp","href":"https:\/\/api.w.org\/{rel}","templated":true}]}}