{"id":5866,"date":"2013-05-01T10:58:19","date_gmt":"2013-05-01T13:58:19","guid":{"rendered":"http:\/\/www.curva1.com.ar\/?p=5866"},"modified":"2013-05-02T15:01:20","modified_gmt":"2013-05-02T18:01:20","slug":"abdo-girala-le-metio-mano-a-su-gol-y-lucira-distinto-en-el-gp-vendimia","status":"publish","type":"post","link":"https:\/\/curva1.com.ar\/?p=5866","title":{"rendered":"Abdo Girala le meti\u00f3 mano a su Gol y lucir\u00e1 distinto en el GP Vendimia"},"content":{"rendered":"<p>El piloto de San Mart\u00edn que compite en la Clase 2 del zonal cuyano, presentar\u00e1 un auto totalmente renovado en su est\u00e9tica el pr\u00f3ximo fin de semana en el Pena.<\/p>\n<p><img loading=\"lazy\" decoding=\"async\" class=\"aligncenter size-full wp-image-5867\" alt=\"11796_10200560189784625_1449811814_n\" src=\"http:\/\/www.curva1.com.ar\/wp-content\/uploads\/2013\/05\/11796_10200560189784625_1449811814_n.jpg\" width=\"500\" height=\"281\" srcset=\"https:\/\/curva1.com.ar\/wp-content\/uploads\/2013\/05\/11796_10200560189784625_1449811814_n.jpg 500w, https:\/\/curva1.com.ar\/wp-content\/uploads\/2013\/05\/11796_10200560189784625_1449811814_n-300x169.jpg 300w\" sizes=\"auto, (max-width: 500px) 100vw, 500px\" \/> <img loading=\"lazy\" decoding=\"async\" class=\"aligncenter size-full wp-image-5868\" alt=\"321642_10200560189264612_705248094_n\" src=\"http:\/\/www.curva1.com.ar\/wp-content\/uploads\/2013\/05\/321642_10200560189264612_705248094_n.jpg\" width=\"500\" height=\"312\" \/> <img loading=\"lazy\" decoding=\"async\" class=\"aligncenter size-full wp-image-5869\" alt=\"554856_10200560189624621_1681212052_n\" src=\"http:\/\/www.curva1.com.ar\/wp-content\/uploads\/2013\/05\/554856_10200560189624621_1681212052_n.jpg\" width=\"500\" height=\"281\" srcset=\"https:\/\/curva1.com.ar\/wp-content\/uploads\/2013\/05\/554856_10200560189624621_1681212052_n.jpg 500w, https:\/\/curva1.com.ar\/wp-content\/uploads\/2013\/05\/554856_10200560189624621_1681212052_n-300x169.jpg 300w\" sizes=\"auto, (max-width: 500px) 100vw, 500px\" \/><\/p>\n<p>&nbsp;<\/p>\n","protected":false},"excerpt":{"rendered":"<p>El piloto de San Mart\u00edn que compite en la Clase 2 del zonal cuyano, presentar\u00e1<\/p>\n","protected":false},"author":1,"featured_media":5869,"comment_status":"open","ping_status":"closed","sticky":false,"template":"","format":"standard","meta":{"footnotes":""},"categories":[1],"tags":[],"class_list":["post-5866","post","type-post","status-publish","format-standard","has-post-thumbnail","hentry","category-zonal-cuyano"],"featured_image_urls":{"full":["https:\/\/curva1.com.ar\/wp-content\/uploads\/2013\/05\/554856_10200560189624621_1681212052_n.jpg",500,281,false],"thumbnail":["https:\/\/curva1.com.ar\/wp-content\/uploads\/2013\/05\/554856_10200560189624621_1681212052_n-300x169.jpg",300,169,true],"medium":["https:\/\/curva1.com.ar\/wp-content\/uploads\/2013\/05\/554856_10200560189624621_1681212052_n.jpg",500,281,false],"medium_large":["https:\/\/curva1.com.ar\/wp-content\/uploads\/2013\/05\/554856_10200560189624621_1681212052_n.jpg",500,281,false],"large":["https:\/\/curva1.com.ar\/wp-content\/uploads\/2013\/05\/554856_10200560189624621_1681212052_n.jpg",500,281,false],"1536x1536":["https:\/\/curva1.com.ar\/wp-content\/uploads\/2013\/05\/554856_10200560189624621_1681212052_n.jpg",500,281,false],"2048x2048":["https:\/\/curva1.com.ar\/wp-content\/uploads\/2013\/05\/554856_10200560189624621_1681212052_n.jpg",500,281,false],"chromenews-featured":["https:\/\/curva1.com.ar\/wp-content\/uploads\/2013\/05\/554856_10200560189624621_1681212052_n.jpg",500,281,false],"chromenews-large":["https:\/\/curva1.com.ar\/wp-content\/uploads\/2013\/05\/554856_10200560189624621_1681212052_n.jpg",500,281,false],"chromenews-medium":["https:\/\/curva1.com.ar\/wp-content\/uploads\/2013\/05\/554856_10200560189624621_1681212052_n.jpg",500,281,false]},"author_info":{"display_name":"Jos\u00e9 Bravo","author_link":"https:\/\/curva1.com.ar\/?author=1"},"category_info":"<a href=\"https:\/\/curva1.com.ar\/?cat=1\" rel=\"category\">Zonal Cuyano<\/a>","tag_info":"Zonal Cuyano","comment_count":"0","_links":{"self":[{"href":"https:\/\/curva1.com.ar\/index.php?rest_route=\/wp\/v2\/posts\/5866","targetHints":{"allow":["GET"]}}],"collection":[{"href":"https:\/\/curva1.com.ar\/index.php?rest_route=\/wp\/v2\/posts"}],"about":[{"href":"https:\/\/curva1.com.ar\/index.php?rest_route=\/wp\/v2\/types\/post"}],"author":[{"embeddable":true,"href":"https:\/\/curva1.com.ar\/index.php?rest_route=\/wp\/v2\/users\/1"}],"replies":[{"embeddable":true,"href":"https:\/\/curva1.com.ar\/index.php?rest_route=%2Fwp%2Fv2%2Fcomments&post=5866"}],"version-history":[{"count":1,"href":"https:\/\/curva1.com.ar\/index.php?rest_route=\/wp\/v2\/posts\/5866\/revisions"}],"predecessor-version":[{"id":5870,"href":"https:\/\/curva1.com.ar\/index.php?rest_route=\/wp\/v2\/posts\/5866\/revisions\/5870"}],"wp:featuredmedia":[{"embeddable":true,"href":"https:\/\/curva1.com.ar\/index.php?rest_route=\/wp\/v2\/media\/5869"}],"wp:attachment":[{"href":"https:\/\/curva1.com.ar\/index.php?rest_route=%2Fwp%2Fv2%2Fmedia&parent=5866"}],"wp:term":[{"taxonomy":"category","embeddable":true,"href":"https:\/\/curva1.com.ar\/index.php?rest_route=%2Fwp%2Fv2%2Fcategories&post=5866"},{"taxonomy":"post_tag","embeddable":true,"href":"https:\/\/curva1.com.ar\/index.php?rest_route=%2Fwp%2Fv2%2Ftags&post=5866"}],"curies":[{"name":"wp","href":"https:\/\/api.w.org\/{rel}","templated":true}]}}