{"id":5871,"date":"2013-05-01T15:02:20","date_gmt":"2013-05-01T18:02:20","guid":{"rendered":"http:\/\/www.curva1.com.ar\/?p=5871"},"modified":"2013-05-02T15:28:09","modified_gmt":"2013-05-02T18:28:09","slug":"martin-saladino-sera-el-primero-en-debutar-en-la-nueva-promocional-1-4","status":"publish","type":"post","link":"https:\/\/curva1.com.ar\/?p=5871","title":{"rendered":"Martin Saladino ser\u00e1 el primero en debutar en la Promocional 1.4"},"content":{"rendered":"<p><img loading=\"lazy\" decoding=\"async\" class=\"aligncenter size-full wp-image-5872\" alt=\"374717_454059808004379_25435609_n\" src=\"http:\/\/www.curva1.com.ar\/wp-content\/uploads\/2013\/05\/374717_454059808004379_25435609_n.jpg\" width=\"477\" height=\"268\" srcset=\"https:\/\/curva1.com.ar\/wp-content\/uploads\/2013\/05\/374717_454059808004379_25435609_n.jpg 477w, https:\/\/curva1.com.ar\/wp-content\/uploads\/2013\/05\/374717_454059808004379_25435609_n-300x169.jpg 300w\" sizes=\"auto, (max-width: 477px) 100vw, 477px\" \/><\/p>\n<p>El piloto ex TC J\u00fanior decidi\u00f3 alquilar el Fiat Uno que pertenece a Ricardo Cimino y ser el primer piloto en sumars a la nueva categor\u00eda propuesta por FEMAD.<\/p>\n<p>Saladino debutar\u00e1 en la Promocional 1.4 el pr\u00f3ximo fin de semana, cuando se dispute el GP Vendimia.<\/p>\n","protected":false},"excerpt":{"rendered":"<p>El piloto ex TC J\u00fanior decidi\u00f3 alquilar el Fiat Uno que pertenece a Ricardo Cimino<\/p>\n","protected":false},"author":1,"featured_media":5872,"comment_status":"open","ping_status":"closed","sticky":false,"template":"","format":"standard","meta":{"footnotes":""},"categories":[1],"tags":[],"class_list":["post-5871","post","type-post","status-publish","format-standard","has-post-thumbnail","hentry","category-zonal-cuyano"],"featured_image_urls":{"full":["https:\/\/curva1.com.ar\/wp-content\/uploads\/2013\/05\/374717_454059808004379_25435609_n.jpg",477,268,false],"thumbnail":["https:\/\/curva1.com.ar\/wp-content\/uploads\/2013\/05\/374717_454059808004379_25435609_n-300x169.jpg",300,169,true],"medium":["https:\/\/curva1.com.ar\/wp-content\/uploads\/2013\/05\/374717_454059808004379_25435609_n.jpg",477,268,false],"medium_large":["https:\/\/curva1.com.ar\/wp-content\/uploads\/2013\/05\/374717_454059808004379_25435609_n.jpg",477,268,false],"large":["https:\/\/curva1.com.ar\/wp-content\/uploads\/2013\/05\/374717_454059808004379_25435609_n.jpg",477,268,false],"1536x1536":["https:\/\/curva1.com.ar\/wp-content\/uploads\/2013\/05\/374717_454059808004379_25435609_n.jpg",477,268,false],"2048x2048":["https:\/\/curva1.com.ar\/wp-content\/uploads\/2013\/05\/374717_454059808004379_25435609_n.jpg",477,268,false],"chromenews-featured":["https:\/\/curva1.com.ar\/wp-content\/uploads\/2013\/05\/374717_454059808004379_25435609_n.jpg",477,268,false],"chromenews-large":["https:\/\/curva1.com.ar\/wp-content\/uploads\/2013\/05\/374717_454059808004379_25435609_n.jpg",477,268,false],"chromenews-medium":["https:\/\/curva1.com.ar\/wp-content\/uploads\/2013\/05\/374717_454059808004379_25435609_n.jpg",477,268,false]},"author_info":{"display_name":"Jos\u00e9 Bravo","author_link":"https:\/\/curva1.com.ar\/?author=1"},"category_info":"<a href=\"https:\/\/curva1.com.ar\/?cat=1\" rel=\"category\">Zonal Cuyano<\/a>","tag_info":"Zonal Cuyano","comment_count":"0","_links":{"self":[{"href":"https:\/\/curva1.com.ar\/index.php?rest_route=\/wp\/v2\/posts\/5871","targetHints":{"allow":["GET"]}}],"collection":[{"href":"https:\/\/curva1.com.ar\/index.php?rest_route=\/wp\/v2\/posts"}],"about":[{"href":"https:\/\/curva1.com.ar\/index.php?rest_route=\/wp\/v2\/types\/post"}],"author":[{"embeddable":true,"href":"https:\/\/curva1.com.ar\/index.php?rest_route=\/wp\/v2\/users\/1"}],"replies":[{"embeddable":true,"href":"https:\/\/curva1.com.ar\/index.php?rest_route=%2Fwp%2Fv2%2Fcomments&post=5871"}],"version-history":[{"count":2,"href":"https:\/\/curva1.com.ar\/index.php?rest_route=\/wp\/v2\/posts\/5871\/revisions"}],"predecessor-version":[{"id":5896,"href":"https:\/\/curva1.com.ar\/index.php?rest_route=\/wp\/v2\/posts\/5871\/revisions\/5896"}],"wp:featuredmedia":[{"embeddable":true,"href":"https:\/\/curva1.com.ar\/index.php?rest_route=\/wp\/v2\/media\/5872"}],"wp:attachment":[{"href":"https:\/\/curva1.com.ar\/index.php?rest_route=%2Fwp%2Fv2%2Fmedia&parent=5871"}],"wp:term":[{"taxonomy":"category","embeddable":true,"href":"https:\/\/curva1.com.ar\/index.php?rest_route=%2Fwp%2Fv2%2Fcategories&post=5871"},{"taxonomy":"post_tag","embeddable":true,"href":"https:\/\/curva1.com.ar\/index.php?rest_route=%2Fwp%2Fv2%2Ftags&post=5871"}],"curies":[{"name":"wp","href":"https:\/\/api.w.org\/{rel}","templated":true}]}}